{"id":19269,"date":"2018-12-19T09:28:16","date_gmt":"2018-12-19T09:28:16","guid":{"rendered":"http:\/\/granadacostanacional.es\/?p=19269"},"modified":"2018-12-19T09:28:16","modified_gmt":"2018-12-19T09:28:16","slug":"la-marato-de-tv3-recauda-mas-de-10-millones-de-euros-contra-el-cancer","status":"publish","type":"post","link":"https:\/\/granadacostaglobal.es\/?p=19269","title":{"rendered":"La Marat\u00f3 de TV3 recauda m\u00e1s de 10 millones de euros contra el c\u00e1ncer"},"content":{"rendered":"<h2>Gemma Nierga y Ramon Gener han conducido una jornada de 20 horas y m\u00e1s de una veintena de actuaciones<\/h2>\n<p style=\"text-align: justify;\">Un a\u00f1o m\u00e1s, como es habitual por estas fechas,<b>\u00a0<i>La Marat\u00f3 de TV3 y Catalunya R\u00e0dio\u00a0<\/i><\/b>ha vuelto a dar la oportunidad de mostrar el lado m\u00e1s humano y solidario de todo aquel que quiera aportar su granito de arena por una determinada\u00a0<b>causa<\/b>.<\/p>\n<p style=\"text-align: justify;\">Este a\u00f1o, en su\u00a0<b>27\u00aa edici\u00f3n<\/b>,\u00a0<i>La Marat\u00f3\u00a0<\/i>se ha dedicado a la\u00a0<b>investigaci\u00f3n biom\u00e9dica del c\u00e1ncer<\/b>, con el objetivo de visibilizar la lucha contra la enfermedad, logrando recaudar durante la jornada algo m\u00e1s de\u00a0<b>10 millones de euros<\/b>.<\/p>\n<p style=\"text-align: justify;\"><strong>Misi\u00f3n<\/strong><\/p>\n<p style=\"text-align: justify;\">\nLa Fundaci\u00f3n El Marat\u00f3n de TV3 fue creada el 1996 por la Corporaci\u00f3n Catalana de Medios Audiovisuales con la misi\u00f3n de fomentar y promover la investigaci\u00f3n biom\u00e9dica de excelencia, as\u00ed como la sensibilizaci\u00f3n social sobre las dolencias que se tratan en el programa televisivo el Marat\u00f3n de TV3, mediante campa\u00f1as de participaci\u00f3n ciudadana y actas de difusi\u00f3n y educaci\u00f3n.<\/p>\n<p><strong>Visi\u00f3n<\/strong><br \/>\nLa Fundaci\u00f3n trabaja con la visi\u00f3n de:<\/p>\n<p style=\"text-align: justify;\">Ejercer en su gesti\u00f3n, en tanto depositaria y administradora del dinero que provienen fundamentalmente de las aportaciones solidarias que la ciudadan\u00eda hace a TVC a trav\u00e9s del programa El Marat\u00f3n.<\/p>\n<p style=\"text-align: justify;\">Constituirse como nexo principal entre la ciudadan\u00eda y El Marat\u00f3n. As\u00ed, trabajar\u00e1 especialmente para conseguir la participaci\u00f3n del mayor n\u00famero de centros escolares y c\u00edvicos en la campa\u00f1a de sensibilizaci\u00f3n y difusi\u00f3n.<\/p>\n<p style=\"text-align: justify;\">Seleccionar los mejores proyectos de investigaci\u00f3n biom\u00e9dica de cada convocatoria as\u00ed como hacer un seguimiento esmerado a lo largo de su duraci\u00f3n, controlando el gasto y el desarrollo cient\u00edfico, todo informante a la ciudadan\u00eda de los resultados de los trabajos.<\/p>\n<p style=\"text-align: justify;\">Mantener el coste cero en todas las actividades organizadas alrededor del Marat\u00f3n y porqu\u00e9 los gastos propios de La Fundaci\u00f3n no signifiquen un gravamen de los donativos. Con esta intenci\u00f3n, administrar\u00e1 los recursos con cuidado buscando la m\u00e1xima rentabilidad financiera, siempre con la absoluta seguridad del dinero, que permitan cubrir estos gastos. Igualmente, invertir\u00e1 esfuerzos porque el tejido empresarial del pa\u00eds se vincule con El Marat\u00f3n, con la intenci\u00f3n de reforzar el apoyo social e incrementar los recursos. Todo con el objetivo que el importe \u00edntegro de los donativos sea destinado a las finalidades fundacionales.<\/p>\n<p>&nbsp;<\/p>\n<p><strong>Valores<\/strong><\/p>\n<p style=\"text-align: justify;\">\nLa Fundaci\u00f3n forma parte de un ente p\u00fablico, la\u00a0CCMA. Por lo tanto, asume como propios los valores que la configuran. Adem\u00e1s, componen los valores propios de La Fundaci\u00f3n la voluntad de servicio a la comunidad, la objetividad en sus decisiones y actividades, la eficiencia en el desempe\u00f1o de las tareas y, en general, la transparencia de todas las actividades que tipo, particularmente en cuanto a la administraci\u00f3n y destino de los recursos.<\/p>\n<p style=\"text-align: justify;\">Estos valores son observados por todos los profesionales que trabajan a La Fundaci\u00f3n, y los tienen como referencia porque se mantenga la confianza de los ciudadanos, empresas y entidades con las que se relaciona y trabaja.<\/p>\n<p style=\"text-align: justify;\">M\u00e1s de 25 actuaciones durante la jornada. Numerosos pol\u00edticos y celebridades, pinstituciones, asociaciones personal voluntario\u00a0 han participado a lo largo del d\u00eda como voluntarios para atender las llamadas telef\u00f3nicas y las donaciones de los ciudadanos.<\/p>\n<p style=\"text-align: justify;\">La jornada ha comenzado a las 08,00 horas en<i>\u00a0Catalunya R\u00e0dio\u00a0<\/i>y a partir de las 10,00 horas ha iniciado su\u00a0<b>emisi\u00f3n\u00a0<\/b>en TV3, con la participaci\u00f3n de pol\u00edticos y personalidades del mundo de la cultura, la ciencia y los deportes, en una edici\u00f3n presentada por\u00a0<b>Gemma Nierga y Ramon Gener<\/b>.<\/p>\n<p style=\"text-align: justify;\">El director y presentador de \u201cEl suplement\u201d de\u00a0<i>Catalunya R\u00e0dio<\/i>,<b>Roger Escapa<\/b>, ha abierto\u00a0<i>La\u00a0<\/i><i>Marat\u00f3\u00a0<\/i>desde la radio con un programa que inclu\u00eda una entrevista a\u00a0<b>Juan Manuel Serrat\u00a0<\/b>sobre los tres c\u00e1ncer que ha superado.<\/p>\n<p style=\"text-align: justify;\">Un total 380 personas atienden las llamadas en el plat\u00f3, por el que pasar\u00e1n veinte testimonios de afectados por el c\u00e1ncer y 20 m\u00e9dicos investigadores.<\/p>\n<p style=\"text-align: justify;\">En Catalunya, cada a\u00f1o se detectan 36.000 casos de c\u00e1ncer, muchos de ellos gracias a la detecci\u00f3n precoz, que funciona especialmente bien en el caso de los tumores de mama, y ha aumentado un 7% la supervivencia.<\/p>\n<p style=\"text-align: justify;\">La cifra del marcador final, todav\u00eda abierto a donaciones, se sumar\u00e1 a lo recaudado contra el c\u00e1ncer en las ediciones de 1994, 2004 y 2012, cuando esta enfermedad tambi\u00e9n fue la causa a la que se destinaron las donaciones.<\/p>\n<p><a href=\"https:\/\/www.lavanguardia.com\/vida\/20181216\/453587205225\/la-marato-tv3-contra-cancer-recaudacion-2018.html\">https:\/\/www.lavanguardia.com\/vida\/20181216\/453587205225\/la-marato-tv3-contra-cancer-recaudacion-2018.html<\/a><\/p>\n<p>&nbsp;<\/p>\n","protected":false},"excerpt":{"rendered":"<p>Gemma Nierga y Ramon Gener han conducido una jornada de 20 horas y m\u00e1s de una veintena de actuaciones Un&hellip;<\/p>\n","protected":false},"author":4,"featured_media":19270,"comment_status":"open","ping_status":"open","sticky":false,"template":"","format":"standard","meta":{"om_disable_all_campaigns":false,"_mi_skip_tracking":false,"_monsterinsights_sitenote_active":false,"_monsterinsights_sitenote_note":"","_monsterinsights_sitenote_category":0,"footnotes":""},"categories":[25,21,35,22,19,30],"tags":[],"aioseo_notices":[],"_links":{"self":[{"href":"https:\/\/granadacostaglobal.es\/index.php?rest_route=\/wp\/v2\/posts\/19269"}],"collection":[{"href":"https:\/\/granadacostaglobal.es\/index.php?rest_route=\/wp\/v2\/posts"}],"about":[{"href":"https:\/\/granadacostaglobal.es\/index.php?rest_route=\/wp\/v2\/types\/post"}],"author":[{"embeddable":true,"href":"https:\/\/granadacostaglobal.es\/index.php?rest_route=\/wp\/v2\/users\/4"}],"replies":[{"embeddable":true,"href":"https:\/\/granadacostaglobal.es\/index.php?rest_route=%2Fwp%2Fv2%2Fcomments&post=19269"}],"version-history":[{"count":0,"href":"https:\/\/granadacostaglobal.es\/index.php?rest_route=\/wp\/v2\/posts\/19269\/revisions"}],"wp:featuredmedia":[{"embeddable":true,"href":"https:\/\/granadacostaglobal.es\/index.php?rest_route=\/"}],"wp:attachment":[{"href":"https:\/\/granadacostaglobal.es\/index.php?rest_route=%2Fwp%2Fv2%2Fmedia&parent=19269"}],"wp:term":[{"taxonomy":"category","embeddable":true,"href":"https:\/\/granadacostaglobal.es\/index.php?rest_route=%2Fwp%2Fv2%2Fcategories&post=19269"},{"taxonomy":"post_tag","embeddable":true,"href":"https:\/\/granadacostaglobal.es\/index.php?rest_route=%2Fwp%2Fv2%2Ftags&post=19269"}],"curies":[{"name":"wp","href":"https:\/\/api.w.org\/{rel}","templated":true}]}}