{"id":19179,"date":"2018-12-19T08:42:32","date_gmt":"2018-12-19T08:42:32","guid":{"rendered":"http:\/\/granadacostanacional.es\/?p=19179"},"modified":"2018-12-19T08:42:32","modified_gmt":"2018-12-19T08:42:32","slug":"la-pintora-pepa-cortes-expone-en-la-casa-de-la-condesa-en-motril","status":"publish","type":"post","link":"https:\/\/granadacostaglobal.es\/?p=19179","title":{"rendered":"LA PINTORA PEPA CORT\u00c9S EXPONE EN LA   CASA DE LA CONDESA  EN MOTRIL"},"content":{"rendered":"<p style=\"text-align: justify;\">En \u00a0los salones\u00a0 de esa casa de noble estirpe que es la <strong>CASA DE LA CONDESA<\/strong> <strong>de Motril<\/strong>, que los motrile\u00f1os han sabido darle a\u00fan m\u00e1s nobleza\u00a0 al convertirla en sede de la cultura y del arte, la pintora Pepa Cort\u00e9s expone su obra por segunda vez en Motril, prueba evidente de que su primera\u00a0\u00a0\u00a0\u00a0 exposici\u00f3n fue un \u00e9xito. El concejal de cultura Francisco Ruiz, que abri\u00f3 el acto dijo que aquel centro siempre tendr\u00eda las puertas abiertas para toda clase de personas\u00a0 que quisieran desarrollar su actividad\u00a0 cultural o art\u00edstica.<\/p>\n<p style=\"text-align: justify;\">\u00a0\u00a0\u00a0\u00a0\u00a0 La pintura de Pepa responde\u00a0 a un concepto vitalista que sin saberlo \u00a0y tampoco pretenderlo mezcla la filosof\u00eda, el sentimiento y las emociones, pero sin deseo consciente de trascendencia. Es sencillamente la expresi\u00f3n de su experiencia personal y sin etiquetas. Su pintura es s\u00f3lo pintura, que es un paisaje, una marina, un bodeg\u00f3n, una flor, y desde hace tres a\u00f1os el retrato.<\/p>\n<p style=\"text-align: justify;\"><a href=\"http:\/\/granadacostanacional.es\/wp-content\/uploads\/2018\/12\/48396011_2239830559382542_4063581387536465920_o.jpg\"><img decoding=\"async\" loading=\"lazy\" class=\"aligncenter size-large wp-image-19181\" src=\"http:\/\/granadacostanacional.es\/wp-content\/uploads\/2018\/12\/48396011_2239830559382542_4063581387536465920_o-1024x768.jpg\" alt=\"48396011_2239830559382542_4063581387536465920_o\" width=\"1024\" height=\"768\" \/><\/a><\/p>\n<p style=\"text-align: justify;\">\u00a0\u00a0\u00a0\u00a0\u00a0\u00a0\u00a0\u00a0 Lo que distingue el talento art\u00edstico de Pepa Cort\u00e9s es su sabia sencillez y su perfecta armon\u00eda y su mecanismo de\u00a0 creaci\u00f3n art\u00edstica es emoci\u00f3n, es sentimiento, es la inspiraci\u00f3n. \u201cLa inspiraci\u00f3n siempre me pilla pintando, son impulsos inconscientes\u00a0 que inmediatamente le pongo color\u201d, dice ella. Lleva toda la raz\u00f3n, si las fuerzas sentimentales y emocionales se atrofian el ser humano pierde su creatividad, nada m\u00e1s cierto.<\/p>\n<p style=\"text-align: justify;\">\u00a0\u00a0\u00a0\u00a0 En Pepa se cumple la relaci\u00f3n directa\u00a0 que existe entre el car\u00e1cter, la personalidad en toda clase\u00a0 de actividades, sean de trabajo, de arte, de relaciones, de su actitud ante la vida o de lo que sea. La biograf\u00eda de Pepa lo confirma, que es una mujer vitalista, llena de energ\u00eda, de entusiasmo y de coraje. Naci\u00f3 en Fuente Vaqueros, ha trabajado en el campo haciendo toda clase de labores, ha sido cocinera en un restaurante en Mallorca durante muchos a\u00f1os, ha sido gobernanta en el hotel Dupont en Suiza, y tambi\u00e9n en Barcelona; ha criado cuatro hijos\u2026y todo esto en una \u00e9poca dif\u00edcil.\u00a0 \u00bfDe d\u00f3nde sacaba el tiempo\u00a0 y ganas para pintar?\u00a0 Ella lo explica as\u00ed:\u201d es cuesti\u00f3n de organizaci\u00f3n y sobre todo quitarle horas\u00a0 a la cama, al sue\u00f1o, a la televisi\u00f3n y a otras muchas cosas in\u00fatiles; en cuanto a las ganas de pintar nunca las he perdido as\u00ed que no tengo que buscarlas; el pintar me sirve de est\u00edmulo y de descanso, es en cierta manera de enga\u00f1ar el trabajo f\u00edsico y la fatiga\u201d.<\/p>\n<p style=\"text-align: justify;\">\u00a0\u00a0\u00a0\u00a0\u00a0\u00a0\u00a0\u00a0 El denominador com\u00fan que caracteriza a todas las aspiraciones humanas es la b\u00fasqueda de la felicidad, pues bien para Pepa\u00a0 todos los trabajos que ha realizado\u00a0 no son otra cosa que una serie continuada de actos\u00a0 creadores. Han sido y son el medio para alcanzar la felicidad tan deseada de todos.. Por eso para Pepa pintar es una necesidad vital, una lucha por la expresi\u00f3n, para dar salida a los sentimientos y emociones. Esto es lo que constituye el placer que le reporta la pintura.<\/p>\n<p style=\"text-align: justify;\">\u00a0\u00a0\u00a0\u00a0\u00a0\u00a0\u00a0\u00a0 Le pregunto si su afici\u00f3n a la pintura es una vocaci\u00f3n tard\u00eda de jubilado\u00a0 como los que han aparecido los \u00faltimos a\u00f1os como ocurre tambi\u00e9n con los poetas. Lanza una sonrisa burlona y me dice que su afici\u00f3n por la pintura viene de muy lejos, desde ni\u00f1a, all\u00e1 en su pueblo su distracci\u00f3n favorita era pintar con l\u00e1pices de colores aquellos de marca \u201cAlp\u00ecno\u201d, y manifiesta un gran cari\u00f1o, respeto y agradecimiento por sus maestros: Rachid Ambal\u00ed, Jordi Poquet, Jos\u00e9 Viu, Dolores Comas y el \u00faltimo el motrile\u00f1o \u00c1ngel Montero que es su maestro en el retrato.<\/p>\n<p style=\"text-align: justify;\"><a href=\"http:\/\/granadacostanacional.es\/wp-content\/uploads\/2018\/12\/48418281_2239830889382509_2303506937846693888_o.jpg\"><img decoding=\"async\" loading=\"lazy\" class=\"aligncenter size-large wp-image-19182\" src=\"http:\/\/granadacostanacional.es\/wp-content\/uploads\/2018\/12\/48418281_2239830889382509_2303506937846693888_o-1024x768.jpg\" alt=\"48418281_2239830889382509_2303506937846693888_o\" width=\"1024\" height=\"768\" \/><\/a><\/p>\n<p style=\"text-align: justify;\">\u00a0\u00a0\u00a0\u00a0\u00a0\u00a0\u00a0\u00a0 En cuanto a su tem\u00e1tica, se atreve con todo, pero se expresa mejor en el paisaje y las marinas. El porqu\u00e9 es sencillo, como amante de la naturaleza siempre est\u00e1 en contacto con ella, lo puede confirmar su marido Pepe, \u201cel grana\u00edno\u201d cantaor de flamenco, que es su apoyo, su amor y su mejor admirador, que se ve obligado a llevarla al campo para mirar los paisajes de amapolas, margaritas y los pinos que se miran en el mar. Mirar, mirar y prender en su retina los colores y la luz. Con cu\u00e1nta raz\u00f3n dec\u00eda el pintor Jorge Bascones que un pintor era un hombre que sabe mirar. \u201c Y cuando se sabe mirar\u00a0 lo inmediato es\u00a0 ponerse a pintar, escribir o so\u00f1ar\u201d.<\/p>\n<p style=\"text-align: justify;\">\u00a0\u00a0\u00a0\u00a0\u00a0\u00a0\u00a0\u00a0 El doctor Jos\u00e9 Jaime Capel que present\u00f3 el acto dijo:<em> Aproximarse a la producci\u00f3n \u00faltima de Pepa Cort\u00e9s, supone descubrir una pintura para que el arte no suponga tanto un medio en s\u00ed mismo, como una forma de comprender, profundizar y atrapar la realidad m\u00e1s inmediata, y por ello mismo dif\u00edcil de experimentar en su plenitud.\u00a0 <\/em><\/p>\n<p style=\"text-align: justify;\">\u00a0\u00a0\u00a0\u00a0\u00a0\u00a0\u00a0\u00a0 Respecto a su \u00faltima faceta, el retrato, baste decir que en sus retratos no solamente pinta el parecido f\u00edsico sino que pinta tambi\u00e9n el alma, de ah\u00ed la expresi\u00f3n de vida que tienen sus retratos; y si creemos lo que dijo \u00d3scar Wilde que \u201ctodo retrato que se pinta con el alma es un retrato, no del modelo si no del artista\u201d.\u00a0 Conociendo a Pepa Cort\u00e9s con toda seguridad as\u00ed es.<\/p>\n<p style=\"text-align: justify;\">\u00a0\u00a0\u00a0\u00a0\u00a0\u00a0\u00a0\u00a0 En definitiva, si el m\u00e9rito m\u00e1s importante de una pintura es el de ser una fiesta para la vista, esta exposici\u00f3n es una fiesta.<\/p>\n<p style=\"text-align: justify;\"><a href=\"http:\/\/granadacostanacional.es\/wp-content\/uploads\/2018\/12\/P1150589-1600x1200.jpg\"><img decoding=\"async\" loading=\"lazy\" class=\"aligncenter size-large wp-image-19183\" src=\"http:\/\/granadacostanacional.es\/wp-content\/uploads\/2018\/12\/P1150589-1600x1200-1024x832.jpg\" alt=\"P1150589 [1600x1200]\" width=\"1024\" height=\"832\" \/><\/a> <a href=\"http:\/\/granadacostanacional.es\/wp-content\/uploads\/2018\/12\/P1150590-1600x1200.jpg\"><img decoding=\"async\" loading=\"lazy\" class=\"aligncenter size-large wp-image-19184\" src=\"http:\/\/granadacostanacional.es\/wp-content\/uploads\/2018\/12\/P1150590-1600x1200-1024x819.jpg\" alt=\"P1150590 [1600x1200]\" width=\"1024\" height=\"819\" \/><\/a> <a href=\"http:\/\/granadacostanacional.es\/wp-content\/uploads\/2018\/12\/P1150591-1600x1200.jpg\"><img decoding=\"async\" loading=\"lazy\" class=\"aligncenter size-large wp-image-19185\" src=\"http:\/\/granadacostanacional.es\/wp-content\/uploads\/2018\/12\/P1150591-1600x1200-1024x827.jpg\" alt=\"P1150591 [1600x1200]\" width=\"1024\" height=\"827\" \/><\/a> <a href=\"http:\/\/granadacostanacional.es\/wp-content\/uploads\/2018\/12\/P1150592-1600x1200.jpg\"><img decoding=\"async\" loading=\"lazy\" class=\"aligncenter size-large wp-image-19186\" src=\"http:\/\/granadacostanacional.es\/wp-content\/uploads\/2018\/12\/P1150592-1600x1200-1024x892.jpg\" alt=\"P1150592 [1600x1200]\" width=\"1024\" height=\"892\" \/><\/a> <a href=\"http:\/\/granadacostanacional.es\/wp-content\/uploads\/2018\/12\/P1150593-1600x1200.jpg\"><img decoding=\"async\" loading=\"lazy\" class=\"aligncenter size-large wp-image-19187\" src=\"http:\/\/granadacostanacional.es\/wp-content\/uploads\/2018\/12\/P1150593-1600x1200-1024x880.jpg\" alt=\"P1150593 [1600x1200]\" width=\"1024\" height=\"880\" \/><\/a> <a href=\"http:\/\/granadacostanacional.es\/wp-content\/uploads\/2018\/12\/P1150594-1600x1200.jpg\"><img decoding=\"async\" loading=\"lazy\" class=\"aligncenter size-large wp-image-19188\" src=\"http:\/\/granadacostanacional.es\/wp-content\/uploads\/2018\/12\/P1150594-1600x1200-1015x1024.jpg\" alt=\"P1150594 [1600x1200]\" width=\"1015\" height=\"1024\" \/><\/a> <a href=\"http:\/\/granadacostanacional.es\/wp-content\/uploads\/2018\/12\/P1150595-1600x1200.jpg\"><img decoding=\"async\" loading=\"lazy\" class=\"aligncenter size-large wp-image-19189\" src=\"http:\/\/granadacostanacional.es\/wp-content\/uploads\/2018\/12\/P1150595-1600x1200-908x1024.jpg\" alt=\"P1150595 [1600x1200]\" width=\"908\" height=\"1024\" \/><\/a> <a href=\"http:\/\/granadacostanacional.es\/wp-content\/uploads\/2018\/12\/P1150596-1600x1200.jpg\"><img decoding=\"async\" loading=\"lazy\" class=\"aligncenter size-large wp-image-19190\" src=\"http:\/\/granadacostanacional.es\/wp-content\/uploads\/2018\/12\/P1150596-1600x1200-1024x897.jpg\" alt=\"P1150596 [1600x1200]\" width=\"1024\" height=\"897\" \/><\/a> <a href=\"http:\/\/granadacostanacional.es\/wp-content\/uploads\/2018\/12\/P1150597-1600x1200.jpg\"><img decoding=\"async\" loading=\"lazy\" class=\"aligncenter size-large wp-image-19191\" src=\"http:\/\/granadacostanacional.es\/wp-content\/uploads\/2018\/12\/P1150597-1600x1200-892x1024.jpg\" alt=\"P1150597 [1600x1200]\" width=\"892\" height=\"1024\" \/><\/a> <a href=\"http:\/\/granadacostanacional.es\/wp-content\/uploads\/2018\/12\/P1150598-1600x1200.jpg\"><img decoding=\"async\" loading=\"lazy\" class=\"aligncenter size-large wp-image-19192\" src=\"http:\/\/granadacostanacional.es\/wp-content\/uploads\/2018\/12\/P1150598-1600x1200-888x1024.jpg\" alt=\"P1150598 [1600x1200]\" width=\"888\" height=\"1024\" \/><\/a> <a href=\"http:\/\/granadacostanacional.es\/wp-content\/uploads\/2018\/12\/P1150599-1600x1200.jpg\"><img decoding=\"async\" loading=\"lazy\" class=\"aligncenter size-large wp-image-19193\" src=\"http:\/\/granadacostanacional.es\/wp-content\/uploads\/2018\/12\/P1150599-1600x1200-1024x862.jpg\" alt=\"P1150599 [1600x1200]\" width=\"1024\" height=\"862\" \/><\/a> <a href=\"http:\/\/granadacostanacional.es\/wp-content\/uploads\/2018\/12\/P1150600-1600x1200.jpg\"><img decoding=\"async\" loading=\"lazy\" class=\"aligncenter size-large wp-image-19194\" src=\"http:\/\/granadacostanacional.es\/wp-content\/uploads\/2018\/12\/P1150600-1600x1200-837x1024.jpg\" alt=\"P1150600 [1600x1200]\" width=\"837\" height=\"1024\" \/><\/a> <a href=\"http:\/\/granadacostanacional.es\/wp-content\/uploads\/2018\/12\/P1150601-1600x1200.jpg\"><img decoding=\"async\" loading=\"lazy\" class=\"aligncenter size-large wp-image-19195\" src=\"http:\/\/granadacostanacional.es\/wp-content\/uploads\/2018\/12\/P1150601-1600x1200-668x1024.jpg\" alt=\"P1150601 [1600x1200]\" width=\"668\" height=\"1024\" \/><\/a> <a href=\"http:\/\/granadacostanacional.es\/wp-content\/uploads\/2018\/12\/P1150602-1600x1200.jpg\"><img decoding=\"async\" loading=\"lazy\" class=\"aligncenter size-large wp-image-19196\" src=\"http:\/\/granadacostanacional.es\/wp-content\/uploads\/2018\/12\/P1150602-1600x1200-1024x885.jpg\" alt=\"P1150602 [1600x1200]\" width=\"1024\" height=\"885\" \/><\/a> <a href=\"http:\/\/granadacostanacional.es\/wp-content\/uploads\/2018\/12\/P1150603-1600x1200.jpg\"><img decoding=\"async\" loading=\"lazy\" class=\"aligncenter size-large wp-image-19197\" src=\"http:\/\/granadacostanacional.es\/wp-content\/uploads\/2018\/12\/P1150603-1600x1200-1024x880.jpg\" alt=\"P1150603 [1600x1200]\" width=\"1024\" height=\"880\" \/><\/a> <a href=\"http:\/\/granadacostanacional.es\/wp-content\/uploads\/2018\/12\/P1150604-1600x1200.jpg\"><img decoding=\"async\" loading=\"lazy\" class=\"aligncenter size-large wp-image-19198\" src=\"http:\/\/granadacostanacional.es\/wp-content\/uploads\/2018\/12\/P1150604-1600x1200-1024x862.jpg\" alt=\"P1150604 [1600x1200]\" width=\"1024\" height=\"862\" \/><\/a> <a href=\"http:\/\/granadacostanacional.es\/wp-content\/uploads\/2018\/12\/P1150605-1600x1200.jpg\"><img decoding=\"async\" loading=\"lazy\" class=\"aligncenter size-large wp-image-19199\" src=\"http:\/\/granadacostanacional.es\/wp-content\/uploads\/2018\/12\/P1150605-1600x1200-1024x856.jpg\" alt=\"P1150605 [1600x1200]\" width=\"1024\" height=\"856\" \/><\/a> <a href=\"http:\/\/granadacostanacional.es\/wp-content\/uploads\/2018\/12\/P1150607-1600x1200.jpg\"><img decoding=\"async\" loading=\"lazy\" class=\"aligncenter size-large wp-image-19200\" src=\"http:\/\/granadacostanacional.es\/wp-content\/uploads\/2018\/12\/P1150607-1600x1200-1024x853.jpg\" alt=\"P1150607 [1600x1200]\" width=\"1024\" height=\"853\" \/><\/a> <a href=\"http:\/\/granadacostanacional.es\/wp-content\/uploads\/2018\/12\/P1150608-1600x1200.jpg\"><img decoding=\"async\" loading=\"lazy\" class=\"aligncenter size-large wp-image-19201\" src=\"http:\/\/granadacostanacional.es\/wp-content\/uploads\/2018\/12\/P1150608-1600x1200-1024x859.jpg\" alt=\"P1150608 [1600x1200]\" width=\"1024\" height=\"859\" \/><\/a> <a href=\"http:\/\/granadacostanacional.es\/wp-content\/uploads\/2018\/12\/P1150609-1600x1200.jpg\"><img decoding=\"async\" loading=\"lazy\" class=\"aligncenter size-large wp-image-19202\" src=\"http:\/\/granadacostanacional.es\/wp-content\/uploads\/2018\/12\/P1150609-1600x1200-1024x867.jpg\" alt=\"P1150609 [1600x1200]\" width=\"1024\" height=\"867\" \/><\/a> <a href=\"http:\/\/granadacostanacional.es\/wp-content\/uploads\/2018\/12\/P1150610-1600x1200.jpg\"><img decoding=\"async\" loading=\"lazy\" class=\"aligncenter size-large wp-image-19203\" src=\"http:\/\/granadacostanacional.es\/wp-content\/uploads\/2018\/12\/P1150610-1600x1200-1024x889.jpg\" alt=\"P1150610 [1600x1200]\" width=\"1024\" height=\"889\" \/><\/a> <a href=\"http:\/\/granadacostanacional.es\/wp-content\/uploads\/2018\/12\/P1150611-1600x1200.jpg\"><img decoding=\"async\" loading=\"lazy\" class=\"aligncenter size-large wp-image-19204\" src=\"http:\/\/granadacostanacional.es\/wp-content\/uploads\/2018\/12\/P1150611-1600x1200-1024x913.jpg\" alt=\"P1150611 [1600x1200]\" width=\"1024\" height=\"913\" \/><\/a> <a href=\"http:\/\/granadacostanacional.es\/wp-content\/uploads\/2018\/12\/P1150612-1600x1200.jpg\"><img decoding=\"async\" loading=\"lazy\" class=\"aligncenter size-large wp-image-19205\" src=\"http:\/\/granadacostanacional.es\/wp-content\/uploads\/2018\/12\/P1150612-1600x1200-1024x855.jpg\" alt=\"P1150612 [1600x1200]\" width=\"1024\" height=\"855\" \/><\/a> <a href=\"http:\/\/granadacostanacional.es\/wp-content\/uploads\/2018\/12\/P1150613-1600x1200.jpg\"><img decoding=\"async\" loading=\"lazy\" class=\"aligncenter size-large wp-image-19206\" src=\"http:\/\/granadacostanacional.es\/wp-content\/uploads\/2018\/12\/P1150613-1600x1200-1024x858.jpg\" alt=\"P1150613 [1600x1200]\" width=\"1024\" height=\"858\" \/><\/a> <a href=\"http:\/\/granadacostanacional.es\/wp-content\/uploads\/2018\/12\/P1150614-1600x1200.jpg\"><img decoding=\"async\" loading=\"lazy\" class=\"aligncenter size-large wp-image-19207\" src=\"http:\/\/granadacostanacional.es\/wp-content\/uploads\/2018\/12\/P1150614-1600x1200-1024x890.jpg\" alt=\"P1150614 [1600x1200]\" width=\"1024\" height=\"890\" \/><\/a> <a href=\"http:\/\/granadacostanacional.es\/wp-content\/uploads\/2018\/12\/P1150615-1600x1200.jpg\"><img decoding=\"async\" loading=\"lazy\" class=\"aligncenter size-large wp-image-19208\" src=\"http:\/\/granadacostanacional.es\/wp-content\/uploads\/2018\/12\/P1150615-1600x1200-863x1024.jpg\" alt=\"P1150615 [1600x1200]\" width=\"863\" height=\"1024\" \/><\/a> <a href=\"http:\/\/granadacostanacional.es\/wp-content\/uploads\/2018\/12\/P1150616-1600x1200.jpg\"><img decoding=\"async\" loading=\"lazy\" class=\"aligncenter size-large wp-image-19209\" src=\"http:\/\/granadacostanacional.es\/wp-content\/uploads\/2018\/12\/P1150616-1600x1200-911x1024.jpg\" alt=\"P1150616 [1600x1200]\" width=\"911\" height=\"1024\" \/><\/a> <a href=\"http:\/\/granadacostanacional.es\/wp-content\/uploads\/2018\/12\/P1150617-1600x1200.jpg\"><img decoding=\"async\" loading=\"lazy\" class=\"aligncen\nter size-large wp-image-19210\" src=\"http:\/\/granadacostanacional.es\/wp-content\/uploads\/2018\/12\/P1150617-1600x1200-881x1024.jpg\" alt=\"P1150617 [1600x1200]\" width=\"881\" height=\"1024\" \/><\/a> <a href=\"http:\/\/granadacostanacional.es\/wp-content\/uploads\/2018\/12\/P1150618-1600x1200.jpg\"><img decoding=\"async\" loading=\"lazy\" class=\"aligncenter size-large wp-image-19211\" src=\"http:\/\/granadacostanacional.es\/wp-content\/uploads\/2018\/12\/P1150618-1600x1200-1024x846.jpg\" alt=\"P1150618 [1600x1200]\" width=\"1024\" height=\"846\" \/><\/a> <a href=\"http:\/\/granadacostanacional.es\/wp-content\/uploads\/2018\/12\/P1150619-1600x1200.jpg\"><img decoding=\"async\" loading=\"lazy\" class=\"aligncenter size-large wp-image-19212\" src=\"http:\/\/granadacostanacional.es\/wp-content\/uploads\/2018\/12\/P1150619-1600x1200-892x1024.jpg\" alt=\"P1150619 [1600x1200]\" width=\"892\" height=\"1024\" \/><\/a> <a href=\"http:\/\/granadacostanacional.es\/wp-content\/uploads\/2018\/12\/P1150620-1600x1200.jpg\"><img decoding=\"async\" loading=\"lazy\" class=\"aligncenter size-large wp-image-19213\" src=\"http:\/\/granadacostanacional.es\/wp-content\/uploads\/2018\/12\/P1150620-1600x1200-1024x881.jpg\" alt=\"P1150620 [1600x1200]\" width=\"1024\" height=\"881\" \/><\/a> <a href=\"http:\/\/granadacostanacional.es\/wp-content\/uploads\/2018\/12\/P1150621-1600x1200.jpg\"><img decoding=\"async\" loading=\"lazy\" class=\"aligncenter size-large wp-image-19214\" src=\"http:\/\/granadacostanacional.es\/wp-content\/uploads\/2018\/12\/P1150621-1600x1200-1024x881.jpg\" alt=\"P1150621 [1600x1200]\" width=\"1024\" height=\"881\" \/><\/a> <a href=\"http:\/\/granadacostanacional.es\/wp-content\/uploads\/2018\/12\/P1150622-1600x1200.jpg\"><img decoding=\"async\" loading=\"lazy\" class=\"aligncenter size-large wp-image-19215\" src=\"http:\/\/granadacostanacional.es\/wp-content\/uploads\/2018\/12\/P1150622-1600x1200-877x1024.jpg\" alt=\"P1150622 [1600x1200]\" width=\"877\" height=\"1024\" \/><\/a> <a href=\"http:\/\/granadacostanacional.es\/wp-content\/uploads\/2018\/12\/P1150623-1600x1200.jpg\"><img decoding=\"async\" loading=\"lazy\" class=\"aligncenter size-large wp-image-19216\" src=\"http:\/\/granadacostanacional.es\/wp-content\/uploads\/2018\/12\/P1150623-1600x1200-1024x826.jpg\" alt=\"P1150623 [1600x1200]\" width=\"1024\" height=\"826\" \/><\/a> <a href=\"http:\/\/granadacostanacional.es\/wp-content\/uploads\/2018\/12\/P1150624-1600x1200.jpg\"><img decoding=\"async\" loading=\"lazy\" class=\"aligncenter size-large wp-image-19217\" src=\"http:\/\/granadacostanacional.es\/wp-content\/uploads\/2018\/12\/P1150624-1600x1200-1024x955.jpg\" alt=\"P1150624 [1600x1200]\" width=\"1024\" height=\"955\" \/><\/a> <a href=\"http:\/\/granadacostanacional.es\/wp-content\/uploads\/2018\/12\/P1150625-1600x1200.jpg\"><img decoding=\"async\" loading=\"lazy\" class=\"aligncenter size-large wp-image-19218\" src=\"http:\/\/granadacostanacional.es\/wp-content\/uploads\/2018\/12\/P1150625-1600x1200-1024x903.jpg\" alt=\"P1150625 [1600x1200]\" width=\"1024\" height=\"903\" \/><\/a> <a href=\"http:\/\/granadacostanacional.es\/wp-content\/uploads\/2018\/12\/P1150626-1600x1200.jpg\"><img decoding=\"async\" loading=\"lazy\" class=\"aligncenter size-large wp-image-19219\" src=\"http:\/\/granadacostanacional.es\/wp-content\/uploads\/2018\/12\/P1150626-1600x1200-1024x744.jpg\" alt=\"P1150626 [1600x1200]\" width=\"1024\" height=\"744\" \/><\/a> <a href=\"http:\/\/granadacostanacional.es\/wp-content\/uploads\/2018\/12\/P1150627-1600x1200.jpg\"><img decoding=\"async\" loading=\"lazy\" class=\"aligncenter size-large wp-image-19220\" src=\"http:\/\/granadacostanacional.es\/wp-content\/uploads\/2018\/12\/P1150627-1600x1200-1024x848.jpg\" alt=\"P1150627 [1600x1200]\" width=\"1024\" height=\"848\" \/><\/a> <a href=\"http:\/\/granadacostanacional.es\/wp-content\/uploads\/2018\/12\/P1150628-1600x1200.jpg\"><img decoding=\"async\" loading=\"lazy\" class=\"aligncenter size-large wp-image-19221\" src=\"http:\/\/granadacostanacional.es\/wp-content\/uploads\/2018\/12\/P1150628-1600x1200-1024x935.jpg\" alt=\"P1150628 [1600x1200]\" width=\"1024\" height=\"935\" \/><\/a> <a href=\"http:\/\/granadacostanacional.es\/wp-content\/uploads\/2018\/12\/P1150629-1600x1200.jpg\"><img decoding=\"async\" loading=\"lazy\" class=\"aligncenter size-large wp-image-19222\" src=\"http:\/\/granadacostanacional.es\/wp-content\/uploads\/2018\/12\/P1150629-1600x1200-1024x881.jpg\" alt=\"P1150629 [1600x1200]\" width=\"1024\" height=\"881\" \/><\/a> <a href=\"http:\/\/granadacostanacional.es\/wp-content\/uploads\/2018\/12\/P1150630-1600x1200.jpg\"><img decoding=\"async\" loading=\"lazy\" class=\"aligncenter size-large wp-image-19223\" src=\"http:\/\/granadacostanacional.es\/wp-content\/uploads\/2018\/12\/P1150630-1600x1200-796x1024.jpg\" alt=\"P1150630 [1600x1200]\" width=\"796\" height=\"1024\" \/><\/a> <a href=\"http:\/\/granadacostanacional.es\/wp-content\/uploads\/2018\/12\/P1150631-1600x1200.jpg\"><img decoding=\"async\" loading=\"lazy\" class=\"aligncenter size-large wp-image-19224\" src=\"http:\/\/granadacostanacional.es\/wp-content\/uploads\/2018\/12\/P1150631-1600x1200-1024x859.jpg\" alt=\"P1150631 [1600x1200]\" width=\"1024\" height=\"859\" \/><\/a> <a href=\"http:\/\/granadacostanacional.es\/wp-content\/uploads\/2018\/12\/P1150632-1600x1200.jpg\"><img decoding=\"async\" loading=\"lazy\" class=\"aligncenter size-large wp-image-19225\" src=\"http:\/\/granadacostanacional.es\/wp-content\/uploads\/2018\/12\/P1150632-1600x1200-1024x864.jpg\" alt=\"P1150632 [1600x1200]\" width=\"1024\" height=\"864\" \/><\/a> <a href=\"http:\/\/granadacostanacional.es\/wp-content\/uploads\/2018\/12\/P1150633-1600x1200.jpg\"><img decoding=\"async\" loading=\"lazy\" class=\"aligncenter size-large wp-image-19226\" src=\"http:\/\/granadacostanacional.es\/wp-content\/uploads\/2018\/12\/P1150633-1600x1200-1024x853.jpg\" alt=\"P1150633 [1600x1200]\" width=\"1024\" height=\"853\" \/><\/a> <a href=\"http:\/\/granadacostanacional.es\/wp-content\/uploads\/2018\/12\/P1150634-1600x1200.jpg\"><img decoding=\"async\" loading=\"lazy\" class=\"aligncenter size-large wp-image-19227\" src=\"http:\/\/granadacostanacional.es\/wp-content\/uploads\/2018\/12\/P1150634-1600x1200-1024x680.jpg\" alt=\"P1150634 [1600x1200]\" width=\"1024\" height=\"680\" \/><\/a> <a href=\"http:\/\/granadacostanacional.es\/wp-content\/uploads\/2018\/12\/P1150635-1600x1200.jpg\"><img decoding=\"async\" loading=\"lazy\" class=\"aligncenter size-large wp-image-19228\" src=\"http:\/\/granadacostanacional.es\/wp-content\/uploads\/2018\/12\/P1150635-1600x1200-1024x417.jpg\" alt=\"P1150635 [1600x1200]\" width=\"1024\" height=\"417\" \/><\/a> <a href=\"http:\/\/granadacostanacional.es\/wp-content\/uploads\/2018\/12\/P1150636-1600x1200.jpg\"><img decoding=\"async\" loading=\"lazy\" class=\"aligncenter size-large wp-image-19229\" src=\"http:\/\/granadacostanacional.es\/wp-content\/uploads\/2018\/12\/P1150636-1600x1200-474x1024.jpg\" alt=\"P1150636 [1600x1200]\" width=\"474\" height=\"1024\" \/><\/a> <a href=\"http:\/\/granadacostanacional.es\/wp-content\/uploads\/2018\/12\/P1150637-1600x1200.jpg\"><img decoding=\"async\" loading=\"lazy\" class=\"aligncenter size-large wp-image-19230\" src=\"http:\/\/granadacostanacional.es\/wp-content\/uploads\/2018\/12\/P1150637-1600x1200-1024x850.jpg\" alt=\"P1150637 [1600x1200]\" width=\"1024\" height=\"850\" \/><\/a> <a href=\"http:\/\/granadacostanacional.es\/wp-content\/uploads\/2018\/12\/P1150638-1600x1200.jpg\"><img decoding=\"async\" loading=\"lazy\" class=\"aligncenter size-large wp-image-19231\" src=\"http:\/\/granadacostanacional.es\/wp-content\/uploads\/2018\/12\/P1150638-1600x1200-776x1024.jpg\" alt=\"P1150638 [1600x1200]\" width=\"776\" height=\"1024\" \/><\/a> <a href=\"http:\/\/granadacostanacional.es\/wp-content\/uploads\/2018\/12\/P1150639-1600x1200.jpg\"><img decoding=\"async\" loading=\"lazy\" class=\"aligncenter size-large wp-image-19232\" src=\"http:\/\/granadacostanacional.es\/wp-content\/uploads\/2018\/12\/P1150639-1600x1200-759x1024.jpg\" alt=\"P1150639 [1600x1200]\" width=\"759\" height=\"1024\" \/><\/a> <a href=\"http:\/\/granadacostanacional.es\/wp-content\/uploads\/2018\/12\/P1150640-1600x1200.jpg\"><img decoding=\"async\" loading=\"lazy\" class=\"aligncenter size-large wp-image-19233\" src=\"http:\/\/granadacostanacional.es\/wp-content\/uploads\/2018\/12\/P1150640-1600x1200-1024x838.jpg\" alt=\"P1150640 [1600x1200]\" width=\"1024\" height=\"838\" \/><\/a> <a href=\"http:\/\/granadacostanacional.es\/wp-content\/uploads\/2018\/12\/P1150641-1600x1200.jpg\"><img decoding=\"async\" loading=\"lazy\" class=\"aligncenter size-large wp-image-19234\" src=\"http:\/\/granadacostanacional.es\/wp-content\/uploads\/2018\/12\/P1150641-1600x1200-1024x755.jpg\" alt=\"P1150641 [1600x1200]\" width=\"1024\" height=\"755\" \/><\/a> <a href=\"http:\/\/granadacostanacional.es\/wp-content\/uploads\/2018\/12\/P1150642-1600x1200.jpg\"><img decoding=\"async\" loading=\"lazy\" class=\"aligncenter size-large wp-image-19235\" src=\"http:\/\/granadacostanacional.es\/wp-content\/uploads\/2018\/12\/P1150642-1600x1200-1024x827.jpg\" alt=\"P1150642 [1600x1200]\" width=\"1024\" height=\"827\" \/><\/a> <a href=\"http:\/\/granadacostanacional.es\/wp-content\/uploads\/2018\/12\/P1150643-1600x1200.jpg\"><img decoding=\"async\" loading=\"lazy\" class=\"aligncenter size-large wp-image-19236\" src=\"http:\/\/granadacostanacional.es\/wp-content\/uploads\/2018\/12\/P1150643-1600x1200-1024x900.jpg\" alt=\"P1150643 [1600x1200]\" width=\"1024\" height=\"900\" \/><\/a> <a href=\"http:\/\/granadacostanacional.es\/wp-content\/uploads\/2018\/12\/P1150644-1600x1200.jpg\"><img decoding=\"async\" loading=\"lazy\" class=\"aligncenter size-large wp-image-19237\" src=\"http:\/\/granadacostanacional.es\/wp-content\/uploads\/2018\/12\/P1150644-1600x1200-1024x861.jpg\" alt=\"P1150644 [160\n0x1200]\" width=\"1024\" height=\"861\" \/><\/a> <a href=\"http:\/\/granadacostanacional.es\/wp-content\/uploads\/2018\/12\/P1150645-1600x1200.jpg\"><img decoding=\"async\" loading=\"lazy\" class=\"aligncenter size-large wp-image-19238\" src=\"http:\/\/granadacostanacional.es\/wp-content\/uploads\/2018\/12\/P1150645-1600x1200-1024x891.jpg\" alt=\"P1150645 [1600x1200]\" width=\"1024\" height=\"891\" \/><\/a> <a href=\"http:\/\/granadacostanacional.es\/wp-content\/uploads\/2018\/12\/P1150646-1600x1200.jpg\"><img decoding=\"async\" loading=\"lazy\" class=\"aligncenter size-large wp-image-19239\" src=\"http:\/\/granadacostanacional.es\/wp-content\/uploads\/2018\/12\/P1150646-1600x1200-1024x791.jpg\" alt=\"P1150646 [1600x1200]\" width=\"1024\" height=\"791\" \/><\/a> <a href=\"http:\/\/granadacostanacional.es\/wp-content\/uploads\/2018\/12\/P1150647-1600x1200.jpg\"><img decoding=\"async\" loading=\"lazy\" class=\"aligncenter size-large wp-image-19240\" src=\"http:\/\/granadacostanacional.es\/wp-content\/uploads\/2018\/12\/P1150647-1600x1200-1024x689.jpg\" alt=\"P1150647 [1600x1200]\" width=\"1024\" height=\"689\" \/><\/a> <a href=\"http:\/\/granadacostanacional.es\/wp-content\/uploads\/2018\/12\/P1150648-1600x1200.jpg\"><img decoding=\"async\" loading=\"lazy\" class=\"aligncenter size-large wp-image-19241\" src=\"http:\/\/granadacostanacional.es\/wp-content\/uploads\/2018\/12\/P1150648-1600x1200-1024x820.jpg\" alt=\"P1150648 [1600x1200]\" width=\"1024\" height=\"820\" \/><\/a> <a href=\"http:\/\/granadacostanacional.es\/wp-content\/uploads\/2018\/12\/P1150649-1600x1200.jpg\"><img decoding=\"async\" loading=\"lazy\" class=\"aligncenter size-large wp-image-19242\" src=\"http:\/\/granadacostanacional.es\/wp-content\/uploads\/2018\/12\/P1150649-1600x1200-1024x801.jpg\" alt=\"P1150649 [1600x1200]\" width=\"1024\" height=\"801\" \/><\/a> <a href=\"http:\/\/granadacostanacional.es\/wp-content\/uploads\/2018\/12\/P1150650-1600x1200.jpg\"><img decoding=\"async\" loading=\"lazy\" class=\"aligncenter size-large wp-image-19243\" src=\"http:\/\/granadacostanacional.es\/wp-content\/uploads\/2018\/12\/P1150650-1600x1200-845x1024.jpg\" alt=\"P1150650 [1600x1200]\" width=\"845\" height=\"1024\" \/><\/a> <a href=\"http:\/\/granadacostanacional.es\/wp-content\/uploads\/2018\/12\/P1150651-1600x1200.jpg\"><img decoding=\"async\" loading=\"lazy\" class=\"aligncenter size-large wp-image-19244\" src=\"http:\/\/granadacostanacional.es\/wp-content\/uploads\/2018\/12\/P1150651-1600x1200-902x1024.jpg\" alt=\"P1150651 [1600x1200]\" width=\"902\" height=\"1024\" \/><\/a> <a href=\"http:\/\/granadacostanacional.es\/wp-content\/uploads\/2018\/12\/P1150652-1600x1200.jpg\"><img decoding=\"async\" loading=\"lazy\" class=\"aligncenter size-large wp-image-19245\" src=\"http:\/\/granadacostanacional.es\/wp-content\/uploads\/2018\/12\/P1150652-1600x1200-1024x879.jpg\" alt=\"P1150652 [1600x1200]\" width=\"1024\" height=\"879\" \/><\/a> <a href=\"http:\/\/granadacostanacional.es\/wp-content\/uploads\/2018\/12\/P1150653-1600x1200.jpg\"><img decoding=\"async\" loading=\"lazy\" class=\"aligncenter size-large wp-image-19246\" src=\"http:\/\/granadacostanacional.es\/wp-content\/uploads\/2018\/12\/P1150653-1600x1200-1024x837.jpg\" alt=\"P1150653 [1600x1200]\" width=\"1024\" height=\"837\" \/><\/a> <a href=\"http:\/\/granadacostanacional.es\/wp-content\/uploads\/2018\/12\/P1150654-1600x1200.jpg\"><img decoding=\"async\" loading=\"lazy\" class=\"aligncenter size-large wp-image-19247\" src=\"http:\/\/granadacostanacional.es\/wp-content\/uploads\/2018\/12\/P1150654-1600x1200-1024x882.jpg\" alt=\"P1150654 [1600x1200]\" width=\"1024\" height=\"882\" \/><\/a> <a href=\"http:\/\/granadacostanacional.es\/wp-content\/uploads\/2018\/12\/P1150656-1600x1200.jpg\"><img decoding=\"async\" loading=\"lazy\" class=\"aligncenter size-large wp-image-19248\" src=\"http:\/\/granadacostanacional.es\/wp-content\/uploads\/2018\/12\/P1150656-1600x1200-1024x768.jpg\" alt=\"P1150656 [1600x1200]\" width=\"1024\" height=\"768\" \/><\/a> <a href=\"http:\/\/granadacostanacional.es\/wp-content\/uploads\/2018\/12\/P1150657-1600x1200.jpg\"><img decoding=\"async\" loading=\"lazy\" class=\"aligncenter size-large wp-image-19249\" src=\"http:\/\/granadacostanacional.es\/wp-content\/uploads\/2018\/12\/P1150657-1600x1200-1024x768.jpg\" alt=\"P1150657 [1600x1200]\" width=\"1024\" height=\"768\" \/><\/a> <a href=\"http:\/\/granadacostanacional.es\/wp-content\/uploads\/2018\/12\/P1150670-1600x1200.jpg\"><img decoding=\"async\" loading=\"lazy\" class=\"aligncenter size-large wp-image-19250\" src=\"http:\/\/granadacostanacional.es\/wp-content\/uploads\/2018\/12\/P1150670-1600x1200-1024x768.jpg\" alt=\"P1150670 [1600x1200]\" width=\"1024\" height=\"768\" \/><\/a> <a href=\"http:\/\/granadacostanacional.es\/wp-content\/uploads\/2018\/12\/P1150671-1600x1200.jpg\"><img decoding=\"async\" loading=\"lazy\" class=\"aligncenter size-large wp-image-19251\" src=\"http:\/\/granadacostanacional.es\/wp-content\/uploads\/2018\/12\/P1150671-1600x1200-1024x768.jpg\" alt=\"P1150671 [1600x1200]\" width=\"1024\" height=\"768\" \/><\/a> <a href=\"http:\/\/granadacostanacional.es\/wp-content\/uploads\/2018\/12\/P1150672-1600x1200.jpg\"><img decoding=\"async\" loading=\"lazy\" class=\"aligncenter size-large wp-image-19252\" src=\"http:\/\/granadacostanacional.es\/wp-content\/uploads\/2018\/12\/P1150672-1600x1200-1024x768.jpg\" alt=\"P1150672 [1600x1200]\" width=\"1024\" height=\"768\" \/><\/a> <a href=\"http:\/\/granadacostanacional.es\/wp-content\/uploads\/2018\/12\/P1150673-1600x1200.jpg\"><img decoding=\"async\" loading=\"lazy\" class=\"aligncenter size-large wp-image-19253\" src=\"http:\/\/granadacostanacional.es\/wp-content\/uploads\/2018\/12\/P1150673-1600x1200-1024x768.jpg\" alt=\"P1150673 [1600x1200]\" width=\"1024\" height=\"768\" \/><\/a> <a href=\"http:\/\/granadacostanacional.es\/wp-content\/uploads\/2018\/12\/P1150674-1600x1200.jpg\"><img decoding=\"async\" loading=\"lazy\" class=\"aligncenter size-large wp-image-19254\" src=\"http:\/\/granadacostanacional.es\/wp-content\/uploads\/2018\/12\/P1150674-1600x1200-1024x768.jpg\" alt=\"P1150674 [1600x1200]\" width=\"1024\" height=\"768\" \/><\/a> <a href=\"http:\/\/granadacostanacional.es\/wp-content\/uploads\/2018\/12\/P1150675-1600x1200.jpg\"><img decoding=\"async\" loading=\"lazy\" class=\"aligncenter size-large wp-image-19255\" src=\"http:\/\/granadacostanacional.es\/wp-content\/uploads\/2018\/12\/P1150675-1600x1200-1024x768.jpg\" alt=\"P1150675 [1600x1200]\" width=\"1024\" height=\"768\" \/><\/a> <a href=\"http:\/\/granadacostanacional.es\/wp-content\/uploads\/2018\/12\/P1150676-1600x1200.jpg\"><img decoding=\"async\" loading=\"lazy\" class=\"aligncenter size-large wp-image-19256\" src=\"http:\/\/granadacostanacional.es\/wp-content\/uploads\/2018\/12\/P1150676-1600x1200-1024x768.jpg\" alt=\"P1150676 [1600x1200]\" width=\"1024\" height=\"768\" \/><\/a><\/p>\n<p style=\"text-align: right;\">\u00a0\u00a0\u00a0\u00a0\u00a0\u00a0\u00a0\u00a0 ROGELIO BUSTOS ALMENDROS<\/p>\n","protected":false},"excerpt":{"rendered":"<p>En \u00a0los salones\u00a0 de esa casa de noble estirpe que es la CASA DE LA CONDESA de Motril, que los&hellip;<\/p>\n","protected":false},"author":2,"featured_media":19180,"comment_status":"open","ping_status":"open","sticky":false,"template":"","format":"standard","meta":{"om_disable_all_campaigns":false,"_mi_skip_tracking":false,"_monsterinsights_sitenote_active":false,"_monsterinsights_sitenote_note":"","_monsterinsights_sitenote_category":0,"footnotes":""},"categories":[21],"tags":[],"aioseo_notices":[],"_links":{"self":[{"href":"https:\/\/granadacostaglobal.es\/index.php?rest_route=\/wp\/v2\/posts\/19179"}],"collection":[{"href":"https:\/\/granadacostaglobal.es\/index.php?rest_route=\/wp\/v2\/posts"}],"about":[{"href":"https:\/\/granadacostaglobal.es\/index.php?rest_route=\/wp\/v2\/types\/post"}],"author":[{"embeddable":true,"href":"https:\/\/granadacostaglobal.es\/index.php?rest_route=\/wp\/v2\/users\/2"}],"replies":[{"embeddable":true,"href":"https:\/\/granadacostaglobal.es\/index.php?rest_route=%2Fwp%2Fv2%2Fcomments&post=19179"}],"version-history":[{"count":0,"href":"https:\/\/granadacostaglobal.es\/index.php?rest_route=\/wp\/v2\/posts\/19179\/revisions"}],"wp:featuredmedia":[{"embeddable":true,"href":"https:\/\/granadacostaglobal.es\/index.php?rest_route=\/"}],"wp:attachment":[{"href":"https:\/\/granadacostaglobal.es\/index.php?rest_route=%2Fwp%2Fv2%2Fmedia&parent=19179"}],"wp:term":[{"taxonomy":"category","embeddable":true,"href":"https:\/\/granadacostaglobal.es\/index.php?rest_route=%2Fwp%2Fv2%2Fcategories&post=19179"},{"taxonomy":"post_tag","embeddable":true,"href":"https:\/\/granadacostaglobal.es\/index.php?rest_route=%2Fwp%2Fv2%2Ftags&post=19179"}],"curies":[{"name":"wp","href":"https:\/\/api.w.org\/{rel}","templated":true}]}}