{"id":19145,"date":"2018-12-17T16:19:25","date_gmt":"2018-12-17T16:19:25","guid":{"rendered":"http:\/\/granadacostanacional.es\/?p=19145"},"modified":"2018-12-17T16:19:25","modified_gmt":"2018-12-17T16:19:25","slug":"asociacion-cultural-la-platea-6o-festival-solidario-comparte-tu-navidad","status":"publish","type":"post","link":"https:\/\/granadacostaglobal.es\/?p=19145","title":{"rendered":"Asociaci\u00f3n Cultural La Platea 6\u00ba Festival Solidario    Comparte tu Navidad"},"content":{"rendered":"<p style=\"text-align: justify;\">El s\u00e1bado 15 de de diciembre de 2018 en el Centro Cultural El Casino celebramos el 6\u00ba Festival Solidario Comparte tu Navidad en el que se recogieron alimentos no perecederos par C\u00e1ritas de Quart de Poblet,<\/p>\n<p style=\"text-align: justify;\">El\u00a0 Festival fue presentado por Jos\u00e9 Romero\u00a0 presidente de la Asociaci\u00f3n Cultural La Platea y coordinador del grupo literario agradeci\u00f3\u00a0 al Ayuntamiento su colaboraci\u00f3n aunque una vez m\u00e1s sin representante.<\/p>\n<p style=\"text-align: justify;\"><a href=\"http:\/\/granadacostanacional.es\/wp-content\/uploads\/2018\/12\/DSC03846.jpg\"><img decoding=\"async\" loading=\"lazy\" class=\"aligncenter size-large wp-image-19147\" src=\"http:\/\/granadacostanacional.es\/wp-content\/uploads\/2018\/12\/DSC03846-1024x768.jpg\" alt=\"DSC03846\" width=\"1024\" height=\"768\" \/><\/a><\/p>\n<p style=\"text-align: justify;\"><a href=\"http:\/\/granadacostanacional.es\/wp-content\/uploads\/2018\/12\/DSC03848.jpg\"><img decoding=\"async\" loading=\"lazy\" class=\"aligncenter size-large wp-image-19148\" src=\"http:\/\/granadacostanacional.es\/wp-content\/uploads\/2018\/12\/DSC03848-1024x768.jpg\" alt=\"DSC03848\" width=\"1024\" height=\"768\" \/><\/a> <a href=\"http:\/\/granadacostanacional.es\/wp-content\/uploads\/2018\/12\/DSC03860.jpg\"><img decoding=\"async\" loading=\"lazy\" class=\"aligncenter size-large wp-image-19149\" src=\"http:\/\/granadacostanacional.es\/wp-content\/uploads\/2018\/12\/DSC03860-1024x768.jpg\" alt=\"DSC03860\" width=\"1024\" height=\"768\" \/><\/a><\/p>\n<p style=\"text-align: justify;\">\u00a0 A Dominic Solly, a la Escuela Coral y al grupo de percusi\u00f3n del A.M.S. la Uni\u00f3n su participaci\u00f3n en este a\u00f1o.<\/p>\n<p style=\"text-align: justify;\">Los miembros del grupo literario\u00a0 declamaron poemas de Navidad escritos por ellos para este momento. Tres actuaciones magn\u00edficas completaron el acto que fueron muy aplaudidos por el mucho p\u00fablico que acompa\u00f1aron todo el evento. La compositora Dominic Solly quien nos dejo bellas composiciones musicales con su guitarra.\u00a0 La Escuela Coral con sus j\u00f3venes, cantaron canciones de navidad y\u00a0 de la A.S.M. la Uni\u00f3n\u00a0 el grupo de percusi\u00f3n cerraron la parte musical<\/p>\n<p style=\"text-align: justify;\">El acto se dio por terminado felicitando a todo el p\u00fablico y, dese\u00e1ndole una feliz navidad y un prospero a\u00f1os nuevo<\/p>\n<p style=\"text-align: justify;\"><a href=\"http:\/\/granadacostanacional.es\/wp-content\/uploads\/2018\/12\/DSC03926.jpg\"><img decoding=\"async\" loading=\"lazy\" class=\"aligncenter size-large wp-image-19150\" src=\"http:\/\/granadacostanacional.es\/wp-content\/uploads\/2018\/12\/DSC03926-1024x768.jpg\" alt=\"DSC03926\" width=\"1024\" height=\"768\" \/><\/a> <a href=\"http:\/\/granadacostanacional.es\/wp-content\/uploads\/2018\/12\/DSC03884.jpg\"><img decoding=\"async\" loading=\"lazy\" class=\"aligncenter size-large wp-image-19151\" src=\"http:\/\/granadacostanacional.es\/wp-content\/uploads\/2018\/12\/DSC03884-1024x768.jpg\" alt=\"DSC03884\" width=\"1024\" height=\"768\" \/><\/a><\/p>\n<p style=\"text-align: justify;\">Fotos Mar\u00eda Jos\u00e9 G\u00f3mez Balastegui<\/p>\n","protected":false},"excerpt":{"rendered":"<p>El s\u00e1bado 15 de de diciembre de 2018 en el Centro Cultural El Casino celebramos el 6\u00ba Festival Solidario Comparte&hellip;<\/p>\n","protected":false},"author":2,"featured_media":19146,"comment_status":"open","ping_status":"open","sticky":false,"template":"","format":"standard","meta":{"om_disable_all_campaigns":false,"_mi_skip_tracking":false,"_monsterinsights_sitenote_active":false,"_monsterinsights_sitenote_note":"","_monsterinsights_sitenote_category":0,"footnotes":""},"categories":[21,22],"tags":[],"aioseo_notices":[],"_links":{"self":[{"href":"https:\/\/granadacostaglobal.es\/index.php?rest_route=\/wp\/v2\/posts\/19145"}],"collection":[{"href":"https:\/\/granadacostaglobal.es\/index.php?rest_route=\/wp\/v2\/posts"}],"about":[{"href":"https:\/\/granadacostaglobal.es\/index.php?rest_route=\/wp\/v2\/types\/post"}],"author":[{"embeddable":true,"href":"https:\/\/granadacostaglobal.es\/index.php?rest_route=\/wp\/v2\/users\/2"}],"replies":[{"embeddable":true,"href":"https:\/\/granadacostaglobal.es\/index.php?rest_route=%2Fwp%2Fv2%2Fcomments&post=19145"}],"version-history":[{"count":0,"href":"https:\/\/granadacostaglobal.es\/index.php?rest_route=\/wp\/v2\/posts\/19145\/revisions"}],"wp:featuredmedia":[{"embeddable":true,"href":"https:\/\/granadacostaglobal.es\/index.php?rest_route=\/"}],"wp:attachment":[{"href":"https:\/\/granadacostaglobal.es\/index.php?rest_route=%2Fwp%2Fv2%2Fmedia&parent=19145"}],"wp:term":[{"taxonomy":"category","embeddable":true,"href":"https:\/\/granadacostaglobal.es\/index.php?rest_route=%2Fwp%2Fv2%2Fcategories&post=19145"},{"taxonomy":"post_tag","embeddable":true,"href":"https:\/\/granadacostaglobal.es\/index.php?rest_route=%2Fwp%2Fv2%2Ftags&post=19145"}],"curies":[{"name":"wp","href":"https:\/\/api.w.org\/{rel}","templated":true}]}}