{"id":18959,"date":"2018-11-28T08:07:30","date_gmt":"2018-11-28T08:07:30","guid":{"rendered":"http:\/\/granadacostanacional.es\/?p=18959"},"modified":"2018-11-28T08:07:30","modified_gmt":"2018-11-28T08:07:30","slug":"mancomunidad-instalara-una-nueva-red-para-el-agua-de-regadio-de-la-vega-baja-de-itrabo","status":"publish","type":"post","link":"https:\/\/granadacostaglobal.es\/?p=18959","title":{"rendered":"Mancomunidad instalar\u00e1 una nueva red para el agua de regad\u00edo de la Vega Baja de \u00cdtrabo."},"content":{"rendered":"<p style=\"text-align: justify;\"><em>A instancias del ayuntamiento de \u00cdtrabo la mancomunidad de municipios de la costa tropical est\u00e1 procediendo en estos d\u00edas a la limpieza del dep\u00f3sito de almacenamiento y la balsa de los regantes de la Vega Baja de \u00cdtrabo.<\/em><\/p>\n<p style=\"text-align: justify;\">Esta actuaci\u00f3n es el primer paso para la desconexi\u00f3n de parte de los vertidos de saneamiento que conflu\u00edan en el dep\u00f3sito de almacenamiento junto con el agua de regad\u00edo.<\/p>\n<p style=\"text-align: justify;\">Esta actuaci\u00f3n se completar\u00e1 con la ejecuci\u00f3n de una nueva red paralela a la existente, ejecut\u00e1ndose m\u00e1s de 650 metros de tuber\u00eda de PVC de 250-315mm, que se utilizara para el agua de riego y que permita independizar ambos usos.<\/p>\n<p style=\"text-align: justify;\"><a href=\"http:\/\/granadacostanacional.es\/wp-content\/uploads\/2018\/11\/IMG_3143.png\"><img decoding=\"async\" loading=\"lazy\" class=\"aligncenter size-large wp-image-18961\" src=\"http:\/\/granadacostanacional.es\/wp-content\/uploads\/2018\/11\/IMG_3143-576x1024.png\" alt=\"IMG_3143\" width=\"576\" height=\"1024\" \/><\/a><\/p>\n<p style=\"text-align: justify;\">Los Trabajos\u00a0 de limpieza ascienden aproximadamente a\u00a0 32.000 \u20ac y est\u00e1n siendo realizados por especialistas en trabajos confinados, dados\u00a0 los riesgos\u00a0 que conlleva trabajar en espacios cerrados con aberturas limitadas, utilizan \u00a0equipos de sistemas de ventilaci\u00f3n forzosa y medidores de gases en continuo, \u00a0por \u00a0el riesgo que existe en estos espacios de acumulaci\u00f3n de sustancias toxicas, falta de ox\u00edgeno, etc.<\/p>\n<p style=\"text-align: justify;\">\u00a0Para el Alcalde de \u00cdtrabo, Antonio\u00a0\u00a0 Carrascosa, esta actuaci\u00f3n\u00a0 viene a resolver un problema de mucho tiempo y que ten\u00edamos que resolver, de ah\u00ed que inst\u00e1ramos a la Mancomunidad a que resolviera este problema con la limpieza del deposito y balsa de la comunidad de riego as\u00ed como la redacci\u00f3n del proyecto de conducci\u00f3n con una nueva tuber\u00eda que separara ambos usos.<\/p>\n<p style=\"text-align: justify;\">Para el presidente de la Mancomunidad, Sergio Garc\u00eda, \u201cuna vez que por el ayuntamiento de \u00cdtrabo nos plantearon la problem\u00e1tica existente nos pusimos manos a la obra y hoy hemos ejecutado la limpieza con un coste de mas de 30.000 mil euros y hemos encargado la redacci\u00f3n del proyecto de nueva tuber\u00eda que separa las aguas de riego de las de saneamiento<\/p>\n<p style=\"text-align: justify;\"><a href=\"http:\/\/granadacostanacional.es\/wp-content\/uploads\/2018\/11\/IMG_3146.png\"><img decoding=\"async\" loading=\"lazy\" class=\"aligncenter size-large wp-image-18962\" src=\"http:\/\/granadacostanacional.es\/wp-content\/uploads\/2018\/11\/IMG_3146-576x1024.png\" alt=\"IMG_3146\" width=\"576\" height=\"1024\" \/><\/a><\/p>\n","protected":false},"excerpt":{"rendered":"<p>A instancias del ayuntamiento de \u00cdtrabo la mancomunidad de municipios de la costa tropical est\u00e1 procediendo en estos d\u00edas a&hellip;<\/p>\n","protected":false},"author":2,"featured_media":18960,"comment_status":"open","ping_status":"open","sticky":false,"template":"","format":"standard","meta":{"om_disable_all_campaigns":false,"_mi_skip_tracking":false,"_monsterinsights_sitenote_active":false,"_monsterinsights_sitenote_note":"","_monsterinsights_sitenote_category":0,"footnotes":""},"categories":[22],"tags":[],"aioseo_notices":[],"_links":{"self":[{"href":"https:\/\/granadacostaglobal.es\/index.php?rest_route=\/wp\/v2\/posts\/18959"}],"collection":[{"href":"https:\/\/granadacostaglobal.es\/index.php?rest_route=\/wp\/v2\/posts"}],"about":[{"href":"https:\/\/granadacostaglobal.es\/index.php?rest_route=\/wp\/v2\/types\/post"}],"author":[{"embeddable":true,"href":"https:\/\/granadacostaglobal.es\/index.php?rest_route=\/wp\/v2\/users\/2"}],"replies":[{"embeddable":true,"href":"https:\/\/granadacostaglobal.es\/index.php?rest_route=%2Fwp%2Fv2%2Fcomments&post=18959"}],"version-history":[{"count":0,"href":"https:\/\/granadacostaglobal.es\/index.php?rest_route=\/wp\/v2\/posts\/18959\/revisions"}],"wp:featuredmedia":[{"embeddable":true,"href":"https:\/\/granadacostaglobal.es\/index.php?rest_route=\/"}],"wp:attachment":[{"href":"https:\/\/granadacostaglobal.es\/index.php?rest_route=%2Fwp%2Fv2%2Fmedia&parent=18959"}],"wp:term":[{"taxonomy":"category","embeddable":true,"href":"https:\/\/granadacostaglobal.es\/index.php?rest_route=%2Fwp%2Fv2%2Fcategories&post=18959"},{"taxonomy":"post_tag","embeddable":true,"href":"https:\/\/granadacostaglobal.es\/index.php?rest_route=%2Fwp%2Fv2%2Ftags&post=18959"}],"curies":[{"name":"wp","href":"https:\/\/api.w.org\/{rel}","templated":true}]}}