{"id":18951,"date":"2018-11-27T15:20:28","date_gmt":"2018-11-27T15:20:28","guid":{"rendered":"http:\/\/granadacostanacional.es\/?p=18951"},"modified":"2018-11-27T15:20:28","modified_gmt":"2018-11-27T15:20:28","slug":"la-junta-general-aprueba-la-renovacion-de-la-red-de-saneamiento-del-paseo-de-la-rabita-con-un-presupuesto-de-mas-de-270-000-euros","status":"publish","type":"post","link":"https:\/\/granadacostaglobal.es\/?p=18951","title":{"rendered":"LA JUNTA GENERAL  APRUEBA LA RENOVACION DE LA RED DE SANEAMIENTO DEL PASEO DE LA R\u00c1BITA CON UN PRESUPUESTO DE M\u00c1S DE 270.000 EUROS."},"content":{"rendered":"<p style=\"text-align: justify;\"><em>La Mancomunidad de Municipios ha celebrado en la ma\u00f1ana de hoy martes, 27 de Noviembre, Junta General Extraordinaria con 3 puntos en el orden del d\u00eda.<\/em><\/p>\n<p style=\"text-align: justify;\">Entre los puntos la Junta General ha aprobado la toma en conocimiento y aprobaci\u00f3n de las actuaciones financiadas al cargo del Canon de Mejora y Canon Concesional, en la que se enmarca la \u201cRenovaci\u00f3n de la Red de Saneamiento en el Paseo Mar\u00edtimo de la R\u00e1bita \u2013 Albu\u00f1ol \u201c<\/p>\n<p style=\"text-align: justify;\">Esta actuaci\u00f3n con un presupuesto de adjudicaci\u00f3n de 271.604,12 \u20ac consistir\u00e1 en la renovaci\u00f3n total de la red de saneamiento a lo largo del paseo, sustituyendo la tuber\u00eda existente de hormig\u00f3n, con problemas de fugas, roturas debido a la antig\u00fcedad, por otra tuber\u00eda de PVC 315mm SN4.<\/p>\n<p style=\"text-align: justify;\">Tambi\u00e9n se renovar\u00e1 la red de pluviales, sustituyendo los imbornales existentes en la mitad de la calzada de la zona este del paseo, por nuevos imbornales que se colocar\u00e1n en la l\u00ednea de agua junto a los aparcamientos.<\/p>\n<p style=\"text-align: justify;\">En otro de los puntos de la sesi\u00f3n se ha procedido a la ratificaci\u00f3n\u00a0 de solicitud de subvenci\u00f3n y aprobaci\u00f3n \u00a0de \u00a0Memoria del Programa de Fomento de Empleo Agrario, en la que el Servicio Estatal de Empleo, Diputaci\u00f3n y La Mancomunidad subvencionan el proyecto \u201c I FASE DE MEJORA Y ACONDICIONAMIENTO DE LA RUTA TUR\u00cdSTICA DE LAS MINAS. MOLVIZAR E \u00cdTRAVO\u201d.<\/p>\n<p style=\"text-align: justify;\">En el tercer punto la Junta General tras la resoluci\u00f3n de alegaciones ha procedido a la aprobaci\u00f3n definitiva de la Ordenanza Reguladora de la Prestaci\u00f3n Patrimonial de Car\u00e1cter P\u00fablico No Tributario de los Servicios Vinculados al Ciclo Integral del Agua.<\/p>\n<p style=\"text-align: justify;\">Tras la sesi\u00f3n Extraordinaria, la Junta de Gobierno de la Mancomunidad de Municipios de la Costa Tropical, se ha reunido para la aprobaci\u00f3n de 36 expedientes que solicitan la bonificaci\u00f3n de la Tasa Dom\u00e9stica de Prestaci\u00f3n Servicios del Ciclo Integral del Agua para familias en situaci\u00f3n econ\u00f3mica especialmente\u00a0 desfavorecida.<\/p>\n","protected":false},"excerpt":{"rendered":"<p>La Mancomunidad de Municipios ha celebrado en la ma\u00f1ana de hoy martes, 27 de Noviembre, Junta General Extraordinaria con 3&hellip;<\/p>\n","protected":false},"author":2,"featured_media":18952,"comment_status":"open","ping_status":"open","sticky":false,"template":"","format":"standard","meta":{"om_disable_all_campaigns":false,"_mi_skip_tracking":false,"_monsterinsights_sitenote_active":false,"_monsterinsights_sitenote_note":"","_monsterinsights_sitenote_category":0,"footnotes":""},"categories":[22],"tags":[],"aioseo_notices":[],"_links":{"self":[{"href":"https:\/\/granadacostaglobal.es\/index.php?rest_route=\/wp\/v2\/posts\/18951"}],"collection":[{"href":"https:\/\/granadacostaglobal.es\/index.php?rest_route=\/wp\/v2\/posts"}],"about":[{"href":"https:\/\/granadacostaglobal.es\/index.php?rest_route=\/wp\/v2\/types\/post"}],"author":[{"embeddable":true,"href":"https:\/\/granadacostaglobal.es\/index.php?rest_route=\/wp\/v2\/users\/2"}],"replies":[{"embeddable":true,"href":"https:\/\/granadacostaglobal.es\/index.php?rest_route=%2Fwp%2Fv2%2Fcomments&post=18951"}],"version-history":[{"count":0,"href":"https:\/\/granadacostaglobal.es\/index.php?rest_route=\/wp\/v2\/posts\/18951\/revisions"}],"wp:featuredmedia":[{"embeddable":true,"href":"https:\/\/granadacostaglobal.es\/index.php?rest_route=\/"}],"wp:attachment":[{"href":"https:\/\/granadacostaglobal.es\/index.php?rest_route=%2Fwp%2Fv2%2Fmedia&parent=18951"}],"wp:term":[{"taxonomy":"category","embeddable":true,"href":"https:\/\/granadacostaglobal.es\/index.php?rest_route=%2Fwp%2Fv2%2Fcategories&post=18951"},{"taxonomy":"post_tag","embeddable":true,"href":"https:\/\/granadacostaglobal.es\/index.php?rest_route=%2Fwp%2Fv2%2Ftags&post=18951"}],"curies":[{"name":"wp","href":"https:\/\/api.w.org\/{rel}","templated":true}]}}