{"id":18904,"date":"2018-11-22T16:48:03","date_gmt":"2018-11-22T16:48:03","guid":{"rendered":"http:\/\/granadacostanacional.es\/?p=18904"},"modified":"2018-11-22T16:48:03","modified_gmt":"2018-11-22T16:48:03","slug":"toma-nota-las-palabras-buscan-siempre-la-verdad","status":"publish","type":"post","link":"https:\/\/granadacostaglobal.es\/?p=18904","title":{"rendered":"TOMA NOTA &#8220;Las palabras buscan siempre la verdad&#8221;"},"content":{"rendered":"<p style=\"text-align: justify;\">Como viene siendo habitual el evento:<strong> Los S\u00e1bados literarios en Motril<\/strong> cuenta con Escritores de gran talla literaria, de la mano del ilustre maestro POETA, premio Nacional de poes\u00eda don Antonio Carvajal y del presentador cr\u00edtico literario Dionisio P\u00e9rez Venegas. El 10 de noviembre de 2018 fue la fecha de salida, se trata de un acercamiento y homenaje de reconocimiento a Poetas que hablan de su obra y recitan parte de la misma, es decir, un Encuentro Literario que adem\u00e1s permite preguntar al Autor invitado; para esta ocasi\u00f3n de inicio del curso acad\u00e9mico se ha contado con <strong>Jes\u00fas Mar\u00eda Garc\u00eda Calder\u00f3n<\/strong>, a las 12 horas en la Casa de la Condesa, lugar donde se celebran dichos actos. Como no pod\u00eda ser de otra manera antes de pasar a la entrevista que ha tenido la deferencia de concedernos, hagamos una rese\u00f1a del Escritor homenajeado para la ocasi\u00f3n:<\/p>\n<p style=\"text-align: justify;\"><strong>Jes\u00fas M\u00aa Garc\u00eda Calder\u00f3n<\/strong>\u00a0(naci\u00f3 en Badajoz en\u00a01959), doctor en Derecho por la\u00a0Universidad de Granada, ingres\u00f3 en la carrera fiscal por oposici\u00f3n en 1985. Tras sucesivos destinos oficiales en\u00a0Huelva,\u00a0Sevilla\u00a0y\u00a0Lugo, en 2001 fue nombrado <strong>Fiscal jefe del\u00a0Tribunal Superior de Justicia de Andaluc\u00eda<\/strong>, cargo que desempe\u00f1a en la actualidad, tras sucesivas renovaciones con el apoyo un\u00e1nime del Consejo Fiscal. Fue designado por el Gobierno en 2010, a propuesta de la Fiscal\u00eda General del Estado, como uno de los ocho vocales de la Comisi\u00f3n de Modernizaci\u00f3n del Lenguaje Jur\u00eddico que desarroll\u00f3 sus trabajos, con la colaboraci\u00f3n de la Real Academia Espa\u00f1ola, en el Ministerio de Justicia durante dos a\u00f1os, promoviendo especialmente la idea de construir un nuevo derecho a comprender que acabe con la habitual oscuridad del lenguaje jur\u00eddico y permita un desarrollo eficaz de los derechos fundamentales de los ciudadanos en su relaci\u00f3n con la Administraci\u00f3n y, en particular, con el sistema de justicia penal.<\/p>\n<p style=\"text-align: justify;\">En 2015 fue nombrado hijo adoptivo de la provincia de Granada y Director de la Real Academia de Bellas Artes de la misma ciudad, en la que hab\u00eda ingresado desde 2010. En 2011 fue elegido acad\u00e9mico de n\u00famero de la\u00a0Real Academia de Jurisprudencia y Legislaci\u00f3n de Granada. \u00a0Acad\u00e9mico de honor de la\u00a0Real Academia de Ciencias, Bellas Artes y Buenas Letras\u00a0de \u00c9cija, y de la\u00a0Real Academia de C\u00f3rdoba, entre otros m\u00e1s,\u00a0y desde 2016 es acad\u00e9mico titular de la\u00a0Academia Europea de Ciencias, Artes y Letras, con sede en Par\u00eds. Aunque ha desarrollado una amplia labor como poeta en los \u00faltimos 25 a\u00f1os, ha cultivado la prosa con la publicaci\u00f3n de relatos y algunos ensayos. Su obra ensay\u00edstica ha sostenido con frecuencia un tono multidisciplinar, con frecuentes alusiones a la literatura contempor\u00e1nea y a su vinculaci\u00f3n con el mundo del derecho, por ejemplo El derecho como espacio descreativo.<\/p>\n<p style=\"text-align: justify;\">Sus primeros poemas y relatos aparecieron, a comienzos de los a\u00f1os 80. Su primer libro de prosa,\u00a0<em>Los regalos sombr\u00edos y otros relatos<\/em>\u00a0apareci\u00f3 en 2001. Destacan sus ensayos\u00a0<em>El Mal de la Muralla<\/em>\u00a0de 2013;\u00a0<em>La protecci\u00f3n penal del Patrimonio arqueol\u00f3gico<\/em>\u00a0y\u00a0<em>Una ciudad traicionada. La ciudad de Badajoz como temperamento<\/em>,\u00a0ambas de 2016.<\/p>\n<p style=\"text-align: justify;\">En 1991 obtuvo el \u00a0Premio de Poes\u00eda Florentino P\u00e9rez Embid de la\u00a0Real Academia Sevillana de Buenas Letras\u00a0con\u00a0<em>La provincia<\/em>, libro al que han seguido otras publicaciones po\u00e9ticas:\u00a0<em>Reos<\/em>, 1991;\u00a0<em>La Moneda Secreta<\/em>, 1996;\u00a0<em>Un Lugar en el Norte<\/em>, 1998;\u00a0<em>Hacer es Destruir<\/em>, 2003;\u00a0<em>La Soledad Partida (Antolog\u00eda 1991-2006)<\/em>, 2006;\u00a0<em>Los Nudos de la Vida<\/em>, 2006;\u00a0<em>El Asombro Escondido<\/em>, 2010;\u00a0<em>La Mirada Desnuda<\/em>, 2011, y\u00a0<em>Las Visitas de Caronte<\/em>, 2014.<\/p>\n<p style=\"text-align: justify;\">Entre otros galardones destacan el Acc\u00e9sit del\u00a0<em>Premio \u00c1ngaro<\/em>, el Acc\u00e9sit\u00a0<em>Premio Villa de Martorell<\/em> y el\u00a0<em>Premio Meridiana<\/em>\u00a0para la defensa de la Igualdad.<\/p>\n<p style=\"text-align: justify;\"><strong>Como articulista del Peri\u00f3dico de Informaci\u00f3n nacional sociocultural \u201cGranada Costa Proyecto Nacional de Cultura\u201d es un placer compartir y difundir la dedicaci\u00f3n po\u00e9tica de alguien especial, <\/strong>porque creo que merece la pena hacer extensible un hecho ins\u00f3lito del mundo jur\u00eddico, que llama la atenci\u00f3n tanto por su talento como por su sensibilidad. De ah\u00ed que haya pensado hacer una entrevista \u00a0a JM\u00aa Garc\u00eda Calder\u00f3n. Primero quiero felicitarlo por la labor y el aprecio que hace de las Humanidades, sobre todo en lo concerniente a su faceta po\u00e9tica. Por eso nos gustar\u00eda saber:<\/p>\n<ol style=\"text-align: justify;\">\n<li><strong>\u00bfPor qu\u00e9 escribes poes\u00eda?<\/strong><\/li>\n<\/ol>\n<p style=\"text-align: justify;\">Como dec\u00eda Saramago, no siempre somos nosotros quienes tomamos las decisiones: A veces son las decisiones las que nos toman a nosotros. Con la poes\u00eda suele ocurrir a menudo. Quiz\u00e1 escriba poes\u00eda porque respeto mucho a quienes buscan la verdad y quisiera parecerme a ellos.<\/p>\n<ol style=\"text-align: justify;\" start=\"2\">\n<li><strong>\u00bfPodr\u00edas hablarnos de tus modelos po\u00e9ticos, como Pessoa, Machado u otros, hasta d\u00f3nde los consideras maestros?<\/strong><\/li>\n<\/ol>\n<p style=\"text-align: justify;\">Esos dos nombres pueden ser decisivos para cualquier intelectual de nuestro tiempo. Quienes me conocen saben que tengo debilidad por Fernando Pessoa y su manera de afrontar el destino preciso del poeta. Los juristas tenemos una formaci\u00f3n human\u00edstica algo desordenada y las influencias van y vienen pero eso, al fin y al cabo, tambi\u00e9n tiene sus ventajas. En mi juventud casi devoraba todo lo que ca\u00eda en mis manos. En mi madurez he sentido la fascinaci\u00f3n por Eliot o por G\u00f3ngora, pero siempre, en definitiva, he vivido estas experiencias como un regalo imprevisto de la existencia. Como maestro, al margen de alg\u00fan paisano contempor\u00e1neo, solo reconozco a mi amigo Antonio Carvajal porque cuando hablo con \u00e9l me ense\u00f1a a vivir y, como dec\u00eda Rafael Guill\u00e9n, sentir es m\u00e1s importante que saber.<\/p>\n<ol style=\"text-align: justify;\" start=\"3\">\n<li><strong>\u00bfC\u00f3mo ves a la cultura y qu\u00e9 funci\u00f3n y valor crees que desempe\u00f1a en la sociedad, actualmente?<\/strong><\/li>\n<\/ol>\n<p style=\"text-align: justify;\">Sin cultura no hay libertad y hoy la verdadera cultura no es la que brota de instituciones domesticadas con fondos p\u00fablicos y otros pesebres. Sufro mucho cuando contemplo c\u00f3mo se destruye el enorme talento de tantos j\u00f3venes y no tan j\u00f3venes que no pueden abrirse paso en esta mara\u00f1a ego\u00edsta de mediocridad reinante. Hay que rebelarse con respeto pero con energ\u00eda, ser libres y exigir que la cultura tenga el protagonismo que merece en cualquier cambio social y no afrontarla como un elemento residual de la vida p\u00fablica que se alimenta de las migajas del presupuesto y solo aparece en las p\u00e1ginas postreras del diario, siempre detr\u00e1s de los deportes.<\/p>\n<ol style=\"text-align: justify;\" start=\"4\">\n<li><strong>\u00bfCrees que se tendr\u00edan que revalorizar las Humanidades en el \u00e1mbito educativo. No es irrisoria la dedicaci\u00f3n lectiva en Bachillerato de la Lengua y la Literatura?<\/strong><\/li>\n<\/ol>\n<p style=\"text-align: justify;\">Completamente. Es necesaria una revalorizaci\u00f3n pero no solo en el \u00e1mbito educativo \u2026 En el ocio, en la pol\u00edtica, en toda la vida social este proceso resulta indispensable \u2026 estamos privando a nuestro futuro de referencias esenciales para tomar decisiones y para establecer los aut\u00e9nticos l\u00edmites de la virtud.<\/p>\n<ol style=\"text-align: justify;\" start=\"5\">\n<li><strong>\u00bfC\u00f3mo se puede hacer compatible el mundo de las nuevas tecnolog\u00edas (NTI) con la dedicaci\u00f3n a la lectura de los libros f\u00edsicos.<\/strong><\/li>\n<\/ol>\n<p style=\"text-align: justify;\">El libro, como la caligraf\u00eda, no pueden desaparecer. Hay un ritmo interior en el alma que a\u00fan precisa la demora y el roce de la lectura sobre el tacto y el aire. Necesitamos un soporte inmediato y f\u00edsico como es necesario dibujar la letra con la propia mano para comprender su virtud. El cerebro de los seres humanos a\u00fan tiene que ser alimentado con una cierta lentitud y templanza.<\/p>\n<ol style=\"text-align: justify;\" start=\"6\">\n<li><strong>\u00bfC\u00f3mo se previene el riesgo de la manipulaci\u00f3n de las NTI y el control de la privacidad?<\/strong><\/li>\n<\/ol>\n<p style=\"text-align: justify;\">La sociedad de nuestro tiempo es una sociedad impaciente dominada por la captura de datos a la que tenemos que someternos para subsistir, a la que alimentamos con nuestra sumisa actividad. Vivimos en un peligroso enjambre como nos recuerda mi admirado Byung Chul Han. El mundo binario exige una nueva formulaci\u00f3n de la intimidad en la que el sujeto se ampara con frecuencia en el anonimato o se somete, de manera m\u00e1s o menos gratuita, a formas de exhibici\u00f3n masiva. En un mundo tan sucio, la intimidad ha dejado de interesar para trasladar el centro del debate hacia el riesgo de manipulaci\u00f3n. Tener privacidad es tener la capacidad suficiente para no ser manipulado y eso solo se obtiene a trav\u00e9s de la cultura y la honestidad.<\/p>\n<ol style=\"text-align: justify;\" start=\"7\">\n<li><strong>Sin embargo los sentimientos de la intimidad, \u00bfpor qu\u00e9 crees que deben ser compartidos desde la labor comunicadora del poeta?<\/strong><\/li>\n<\/ol>\n<p style=\"text-align: justify;\">El poeta de nuestro tiempo no suele transmitir su intimidad sino el reflejo de su intimidad en el poema. Aunque lo parece, no es lo mismo intimidad que intimidad po\u00e9tica. El poema aflora desde una voz interior que no siempre es la nuestra porque el poema refiere una impresi\u00f3n o vivencia colectiva que tenemos la suerte de encontrar azarosamente por el camino de la raz\u00f3n, pero en la que puede verse reflejado el lector. Opera como una especie de recuerdo colectivo que se revela de forma espont\u00e1nea. De todas las intimidades, la del poeta es quiz\u00e1 la menos \u00edntima porque pertenece a muchos. El buen poeta solo tiene la suerte de recordarla y ofrecerla a trav\u00e9s de la lectura del poema a quienes no hab\u00edan reparado en ella \u2026<\/p>\n<ol style=\"text-align: justify;\" start=\"8\">\n<li><strong>\u00bfQu\u00e9 tienen en com\u00fan los mejores poetas que ha conocido?<\/strong><\/li>\n<\/ol>\n<p style=\"text-align: justify;\">Quiz\u00e1 una s\u00edntesis de recato, humanidad, honestidad, discreci\u00f3n, modestia. Una extra\u00f1a palabra: La decencia.<\/p>\n<p style=\"text-align: justify;\">\u00a0<a href=\"http:\/\/granadacostanacional.es\/wp-content\/uploads\/2018\/11\/image002.jpg\"><img decoding=\"async\" loading=\"lazy\" class=\"aligncenter size-large wp-image-18907\" src=\"http:\/\/granadacostanacional.es\/wp-content\/uploads\/2018\/11\/image002-1024x768.jpg\" alt=\"image002\" width=\"1024\" height=\"768\" \/><\/a><\/p>\n<p style=\"text-align: justify;\">\n<p style=\"text-align: right;\"><strong>Francisco Velasco Rey<\/strong><\/p>\n","protected":false},"excerpt":{"rendered":"<p>Como viene siendo habitual el evento: Los S\u00e1bados literarios en Motril cuenta con Escritores de gran talla literaria, de la&hellip;<\/p>\n","protected":false},"author":2,"featured_media":18906,"comment_status":"open","ping_status":"open","sticky":false,"template":"","format":"standard","meta":{"om_disable_all_campaigns":false,"_mi_skip_tracking":false,"_monsterinsights_sitenote_active":false,"_monsterinsights_sitenote_note":"","_monsterinsights_sitenote_category":0,"footnotes":""},"categories":[21,30],"tags":[],"aioseo_notices":[],"_links":{"self":[{"href":"https:\/\/granadacostaglobal.es\/index.php?rest_route=\/wp\/v2\/posts\/18904"}],"collection":[{"href":"https:\/\/granadacostaglobal.es\/index.php?rest_route=\/wp\/v2\/posts"}],"about":[{"href":"https:\/\/granadacostaglobal.es\/index.php?rest_route=\/wp\/v2\/types\/post"}],"author":[{"embeddable":true,"href":"https:\/\/granadacostaglobal.es\/index.php?rest_route=\/wp\/v2\/users\/2"}],"replies":[{"embeddable":true,"href":"https:\/\/granadacostaglobal.es\/index.php?rest_route=%2Fwp%2Fv2%2Fcomments&post=18904"}],"version-history":[{"count":0,"href":"https:\/\/granadacostaglobal.es\/index.php?rest_route=\/wp\/v2\/posts\/18904\/revisions"}],"wp:featuredmedia":[{"embeddable":true,"href":"https:\/\/granadacostaglobal.es\/index.php?rest_route=\/"}],"wp:attachment":[{"href":"https:\/\/granadacostaglobal.es\/index.php?rest_route=%2Fwp%2Fv2%2Fmedia&parent=18904"}],"wp:term":[{"taxonomy":"category","embeddable":true,"href":"https:\/\/granadacostaglobal.es\/index.php?rest_route=%2Fwp%2Fv2%2Fcategories&post=18904"},{"taxonomy":"post_tag","embeddable":true,"href":"https:\/\/granadacostaglobal.es\/index.php?rest_route=%2Fwp%2Fv2%2Ftags&post=18904"}],"curies":[{"name":"wp","href":"https:\/\/api.w.org\/{rel}","templated":true}]}}