{"id":18859,"date":"2018-11-12T12:34:53","date_gmt":"2018-11-12T12:34:53","guid":{"rendered":"http:\/\/granadacostanacional.es\/?p=18859"},"modified":"2018-11-12T12:34:53","modified_gmt":"2018-11-12T12:34:53","slug":"gualchos-castell-de-ferro-presenta-su-2a-san-silvestre-solidaria-a-favor-de-la-asociacion-espanola-contra-el-cancer","status":"publish","type":"post","link":"https:\/\/granadacostaglobal.es\/?p=18859","title":{"rendered":"Gualchos- Castell de Ferro presenta su 2\u00aa San Silvestre Solidaria a favor de la Asociaci\u00f3n Espa\u00f1ola Contra el C\u00e1ncer"},"content":{"rendered":"<p style=\"text-align: justify;\"><strong>Esta ma\u00f1ana en la sede de la Mancomunidad de Municipios de la Costa Tropical, ha tenido lugar la presentaci\u00f3n de cartel de la 2\u00aa San Silvestre Solidaria, \u00a0que se celebrar\u00e1 el pr\u00f3ximo 30 de diciembre, y que organiza el Ayuntamiento de Gualchos- Castell de Ferro y la Diputaci\u00f3n de Granada.<\/strong><\/p>\n<p style=\"text-align: justify;\">\n<p style=\"text-align: justify;\">Antonio Garc\u00eda Pe\u00f1alver, Delgado de Deportes de la Mancomunidad de Municipios de la Costa Tropical, junto con Antonia Mar\u00eda Antequera Rodr\u00edguez Alcaldesa de Gualchos- Castell de Ferro, animaba a los vecinos del pueblo y los habitantes de la comarca, a participar en esta 2\u00aa\u00a0 S.\u00a0 Silvestre Solidaria, a beneficio de la Asociaci\u00f3n Espa\u00f1ola Contra el C\u00e1ncer.<\/p>\n<p style=\"text-align: justify;\">\u201cEste a\u00f1o, queremos volver a ver la ilusi\u00f3n y el color llenando las calles de Castell de Ferro. Una carrera en la que tienen cabida personas de todas las edades, desde abuelos a ni\u00f1os peque\u00f1os, incluso el a\u00f1o pasado se inscribieron mascotas. Este a\u00f1o pretendemos superar la participaci\u00f3n del a\u00f1o pasado, y tenemos una previsi\u00f3n de 600 dorsales para colaborar con la Asociaci\u00f3n Espa\u00f1ola Contra el C\u00e1ncer\u201d a\u00f1ad\u00eda\u00a0 Antonia Antequera.<\/p>\n<p style=\"text-align: justify;\">La \u00a0Alcaldesa ha agradecido\u00a0 la colaboraci\u00f3n de la Mancomunidad de Municipios, de la Diputaci\u00f3n de Granada, de las voluntaria de la Asociaci\u00f3n Espa\u00f1ola Contra el C\u00e1ncer y \u00a0al deportista que les dise\u00f1a el cartel, Juan Luis L\u00f3pez Anaya, por su trabajo, dedicaci\u00f3n y compromiso con la causa.<\/p>\n<p style=\"text-align: justify;\">Carmen Moya, Concejala de Deportes de Gualchos- Castell de Ferro, tambi\u00e9n ha animado a la participaci\u00f3n en esta carrera, con dos modalidades una de 5 km para los participantes que quieran correr, y una marcha de 2,5 Km para los dem\u00e1s participantes.<\/p>\n<p style=\"text-align: justify;\"><a href=\"http:\/\/granadacostanacional.es\/wp-content\/uploads\/2018\/11\/cartel.jpg\"><img decoding=\"async\" loading=\"lazy\" class=\"aligncenter size-full wp-image-18862\" src=\"http:\/\/granadacostanacional.es\/wp-content\/uploads\/2018\/11\/cartel.jpg\" alt=\"cartel\" width=\"686\" height=\"960\" \/><\/a><a href=\"http:\/\/granadacostanacional.es\/wp-content\/uploads\/2018\/11\/foto.jpg\"><br \/>\n<\/a><\/p>\n<p style=\"text-align: justify;\">La Concejal ha recordado que las inscripciones pueden realizarse en el \u00e1rea de deportes del Ayuntamiento de Gualchos- Castell de Ferro, con un valor de 3\u20ac los menores de 12 a\u00f1os y 5\u20ac\u00a0 el resto de participantes, junto con la entrega del dorsal, tambi\u00e9n se entregar\u00e1 un tubular rosa para el cuello, como recuerdo de la participaci\u00f3n en la carrera.<\/p>\n<p style=\"text-align: justify;\">La ma\u00f1ana del 30 de diciembre tras la recogida de dorsales a las 10 de la ma\u00f1ana, se realizara un calentamiento a ritmo de zumba a las 10:30 en la Plaza de Espa\u00f1a, desde donde tendr\u00e1 lugar la salida de la prueba, a las 11:00 horas la carrera, y a las 11:30 la marcha. Carmen Moya tambi\u00e9n invita a los vecinos del pueblo y de la comarca a que luzcan sus disfraces, ya que habr\u00e1 premio al mejor disfraz.<\/p>\n<p style=\"text-align: justify;\">Por su parte las representantes del voluntariado de \u00a0la Asociaci\u00f3n Espa\u00f1ola Contra el C\u00e1ncer, Marisa \u00c1lvarez, y Encarnita Torres, en primer lugar han agradecido a las representantes locales\u00a0 por contar con el voluntariado de esta asociaci\u00f3n nuevamente, tras el \u00e9xito de la primera edici\u00f3n.<\/p>\n<p style=\"text-align: justify;\">Encarnita Torres, ha animado a las personas de todas las edades a llenar el 30 de diciembre de disfraces la segunda San Silvestre Solidaria, y ha recordado que tambi\u00e9n tendr\u00e1n su caseta para que todo el que quiera pueda colaborar comprando su productos y pulseras.<\/p>\n<p style=\"text-align: justify;\">Encarnita tambi\u00e9n ha aprovechado la ocasi\u00f3n para convocar a todo el mundo que quiera colaborar con esta causa, que el pr\u00f3ximo 24 de febrero en la Plaza de Espa\u00f1a las voluntarias de la Asociaci\u00f3n\u00a0 Espa\u00f1ola Contra el C\u00e1ncer, preparar\u00e1n un almuerzo t\u00edpico de la zona, en el que vecinos y visitantes podr\u00e1n degustar cocido de hinojos y\u00a0 asadura con patatas, adem\u00e1s de otros productos, todo ellos con el fin de recaudar fondos para la AECC.<\/p>\n","protected":false},"excerpt":{"rendered":"<p>Esta ma\u00f1ana en la sede de la Mancomunidad de Municipios de la Costa Tropical, ha tenido lugar la presentaci\u00f3n de&hellip;<\/p>\n","protected":false},"author":2,"featured_media":18860,"comment_status":"open","ping_status":"open","sticky":false,"template":"","format":"standard","meta":{"om_disable_all_campaigns":false,"_mi_skip_tracking":false,"_monsterinsights_sitenote_active":false,"_monsterinsights_sitenote_note":"","_monsterinsights_sitenote_category":0,"footnotes":""},"categories":[22],"tags":[],"aioseo_notices":[],"_links":{"self":[{"href":"https:\/\/granadacostaglobal.es\/index.php?rest_route=\/wp\/v2\/posts\/18859"}],"collection":[{"href":"https:\/\/granadacostaglobal.es\/index.php?rest_route=\/wp\/v2\/posts"}],"about":[{"href":"https:\/\/granadacostaglobal.es\/index.php?rest_route=\/wp\/v2\/types\/post"}],"author":[{"embeddable":true,"href":"https:\/\/granadacostaglobal.es\/index.php?rest_route=\/wp\/v2\/users\/2"}],"replies":[{"embeddable":true,"href":"https:\/\/granadacostaglobal.es\/index.php?rest_route=%2Fwp%2Fv2%2Fcomments&post=18859"}],"version-history":[{"count":0,"href":"https:\/\/granadacostaglobal.es\/index.php?rest_route=\/wp\/v2\/posts\/18859\/revisions"}],"wp:featuredmedia":[{"embeddable":true,"href":"https:\/\/granadacostaglobal.es\/index.php?rest_route=\/"}],"wp:attachment":[{"href":"https:\/\/granadacostaglobal.es\/index.php?rest_route=%2Fwp%2Fv2%2Fmedia&parent=18859"}],"wp:term":[{"taxonomy":"category","embeddable":true,"href":"https:\/\/granadacostaglobal.es\/index.php?rest_route=%2Fwp%2Fv2%2Fcategories&post=18859"},{"taxonomy":"post_tag","embeddable":true,"href":"https:\/\/granadacostaglobal.es\/index.php?rest_route=%2Fwp%2Fv2%2Ftags&post=18859"}],"curies":[{"name":"wp","href":"https:\/\/api.w.org\/{rel}","templated":true}]}}