{"id":1882,"date":"2015-06-30T07:02:34","date_gmt":"2015-06-30T07:02:34","guid":{"rendered":"http:\/\/granadacosta.es\/?p=1882"},"modified":"2015-06-30T07:02:34","modified_gmt":"2015-06-30T07:02:34","slug":"iii-certamen-de-poesia-dedicado-al-soneto-carlos-benitez-villodres","status":"publish","type":"post","link":"https:\/\/granadacostaglobal.es\/?p=1882","title":{"rendered":"III Certamen de Poes\u00eda (dedicado al soneto) Carlos Ben\u00edtez Villodres"},"content":{"rendered":"<h1 style=\"text-align: center;\">III Certamen de Poes\u00eda (dedicado al soneto)<\/h1>\n<h1 style=\"text-align: center;\">Carlos Ben\u00edtez Villodres<\/h1>\n<p>1) Podr\u00e1n participar todos los poetas de Granada Costa que lo deseen con un solo poema (soneto), escrito en castellano. El tema ser\u00e1 libre.<\/p>\n<p>2) El soneto deber\u00e1 ser in\u00e9dito y escrito en formato DIN A4 por quintuplicado, a doble espacio y por una sola cara.<\/p>\n<p>3) Cada autor presentar\u00e1 un \u00fanico trabajo que ser\u00e1 firmado con un seud\u00f3nimo, el cual figurar\u00e1 en la cara exterior de un sobre cerrado, en cuyo interior deber\u00e1 ir el nombre y direcci\u00f3n del autor, n\u00famero de tel\u00e9fono y correo electr\u00f3nico (acompa\u00f1ado de un certificado del propio autor, en el cual se refleje que el soneto es in\u00e9dito).<\/p>\n<p>4) Todos los trabajos deben remitirse a: Granada Costa. Avenida de Andaluc\u00eda, 18. 18611- Molv\u00edzar, Granada (Espa\u00f1a).<\/p>\n<p>5) Premios: El primer premio consistir\u00e1 en la edici\u00f3n de un libro de 80 p\u00e1ginas en blanco y negro m\u00e1s portada a color, donde figurar\u00e1 el poema ganador y poemas que aportar\u00e1 el premiado, para la edici\u00f3n del libro y diploma del ganador. Otros premios: Tres finalistas con diploma.<\/p>\n<p>6) El ganador del primer premio recibir\u00e1 200 ejemplares de la obra publicada, aunque dicho libro ser\u00e1 distribuido, gratuitamente,\u00a0 a todos los suscriptores del GRANADA COSTA.<\/p>\n<p>7) El d\u00eda 1 de septiembre de 2015 finalizar\u00e1 el plazo de admisi\u00f3n de los trabajos.<\/p>\n<p>8) El fallo del jurado se har\u00e1 p\u00fablico el d\u00eda 30 de septiembre de dicho a\u00f1o. El premio se entregar\u00e1 durante un el circuito cultural entre los d\u00edas del 3 al 6 de diciembre de 2014 en Almu\u00f1\u00e9car (Granada-Costa Tropical)<\/p>\n<p>9) El fallo ser\u00e1 inapelable, quedando las obras premiadas en propiedad del Granada Costa y reserv\u00e1ndose \u00e9ste el derecho de editarla o difundirla en cualquier medio de comunicaci\u00f3n que considere oportuno. Las no premiadas ser\u00e1n destruidas.<\/p>\n<p>10) El poeta ganador se compromete a asistir al acto de entrega del premio.<\/p>\n<p>11) El jurado estar\u00e1 presidido por Don Jos\u00e9 Segura Haro\u00a0 y como secretaria Aurora Fern\u00e1ndez G\u00f3mez, que actuar\u00e1n con voz pero sin voto, y cinco vocales de reconocido prestigio po\u00e9tico de diferentes provincias de Espa\u00f1a, que ser\u00e1n los encargados de puntuar las obras recibidas.<\/p>\n<p>&nbsp;<\/p>\n","protected":false},"excerpt":{"rendered":"<p>III Certamen de Poes\u00eda (dedicado al soneto) Carlos Ben\u00edtez Villodres 1) Podr\u00e1n participar todos los poetas de Granada Costa que&hellip;<\/p>\n","protected":false},"author":1,"featured_media":0,"comment_status":"open","ping_status":"open","sticky":false,"template":"","format":"standard","meta":{"om_disable_all_campaigns":false,"_mi_skip_tracking":false,"_monsterinsights_sitenote_active":false,"_monsterinsights_sitenote_note":"","_monsterinsights_sitenote_category":0,"footnotes":""},"categories":[26],"tags":[],"aioseo_notices":[],"_links":{"self":[{"href":"https:\/\/granadacostaglobal.es\/index.php?rest_route=\/wp\/v2\/posts\/1882"}],"collection":[{"href":"https:\/\/granadacostaglobal.es\/index.php?rest_route=\/wp\/v2\/posts"}],"about":[{"href":"https:\/\/granadacostaglobal.es\/index.php?rest_route=\/wp\/v2\/types\/post"}],"author":[{"embeddable":true,"href":"https:\/\/granadacostaglobal.es\/index.php?rest_route=\/wp\/v2\/users\/1"}],"replies":[{"embeddable":true,"href":"https:\/\/granadacostaglobal.es\/index.php?rest_route=%2Fwp%2Fv2%2Fcomments&post=1882"}],"version-history":[{"count":0,"href":"https:\/\/granadacostaglobal.es\/index.php?rest_route=\/wp\/v2\/posts\/1882\/revisions"}],"wp:attachment":[{"href":"https:\/\/granadacostaglobal.es\/index.php?rest_route=%2Fwp%2Fv2%2Fmedia&parent=1882"}],"wp:term":[{"taxonomy":"category","embeddable":true,"href":"https:\/\/granadacostaglobal.es\/index.php?rest_route=%2Fwp%2Fv2%2Fcategories&post=1882"},{"taxonomy":"post_tag","embeddable":true,"href":"https:\/\/granadacostaglobal.es\/index.php?rest_route=%2Fwp%2Fv2%2Ftags&post=1882"}],"curies":[{"name":"wp","href":"https:\/\/api.w.org\/{rel}","templated":true}]}}