{"id":18814,"date":"2018-11-05T12:53:46","date_gmt":"2018-11-05T12:53:46","guid":{"rendered":"http:\/\/granadacostanacional.es\/?p=18814"},"modified":"2018-11-05T12:53:46","modified_gmt":"2018-11-05T12:53:46","slug":"rutas-poeticas-granada-costa-2019","status":"publish","type":"post","link":"https:\/\/granadacostaglobal.es\/?p=18814","title":{"rendered":"RUTAS PO\u00c9TICAS GRANADA COSTA 2019"},"content":{"rendered":"<p style=\"text-align: justify;\">Desde el Proyecto nacional de Cultura Granada Costa, a trav\u00e9s de su Academia de las Ciencias, Bellas Artes y Buenas Letras, y con motivo de difundir la poes\u00eda y al mismo tiempo la implantaci\u00f3n de nuestro Proyecto a nivel nacional, se pone en marcha para el a\u00f1o 2019 las \u201c<strong>RUTAS PO\u00c9TICAS GRANADA COSTA<\/strong>\u201d.<\/p>\n<p style=\"text-align: justify;\">Exposici\u00f3n de Motivos de este Proyecto:<\/p>\n<p style=\"text-align: justify;\">El Proyecto Nacional de Cultura Granada Costa se complace en presentar este nuevo acontecimiento nacional, pero con profundas ra\u00edces de Granada Costa. A trav\u00e9s de este Proyecto que presentamos, pretendemos conseguir que se implante nuestro Proyecto Cultural, firmemente relacionado con la Poes\u00eda, de la que somos fieles defensores. Habr\u00e1 de ser un Proyecto retroalimentado, haciendo que esta Asociaci\u00f3n Cultural haga crecer el inter\u00e9s por la poes\u00eda y que la poes\u00eda cree lazos con la Asociaci\u00f3n Cultural. Para ello, se cultivar\u00e1 la poes\u00eda en su plenitud, no solo se realizar\u00e1n recitales po\u00e9ticos, sino que se organizar\u00e1n talleres, ensayos, pr\u00e1cticas, conferencias\u2026 Dando en ellas a conocer a grandes poetas nacionales e internacionales; y ayudando a la gente a conocer el impacto de los versos en la narrativa, la musicalidad, m\u00e9trica, etc. En esta andadura no nos encontraremos solos, pues Asociaciones de diferentes partes de la geograf\u00eda espa\u00f1ola se unir\u00e1n a nosotros, a trav\u00e9s de varios acuerdos de hermanamiento que ya se han realizado y otros que se est\u00e1n gestando.<\/p>\n<p style=\"text-align: justify;\">En cada encuentro los participantes se inscribir\u00e1n con anterioridad, aportando tanto su nombre como el poema que van a recitar, para que desde el Proyecto Nacional de Cultura Granada Costa se tenga un diploma de participaci\u00f3n y preparado totalmente personalizado, del cual se har\u00e1 entrega en el propio Acto del Evento. Adem\u00e1s, de cada Jornada, se extraer\u00e1n los participantes y el poema con que han participado, edit\u00e1ndose un libro. Este libro se repartir\u00e1 mensualmente en el peri\u00f3dico mensual de Granada Costa, a trav\u00e9s de un acuerdo de colaboraci\u00f3n con la editorial Granada Club Selecci\u00f3n.<\/p>\n<p style=\"text-align: justify;\">Los lugares y meses elegidos para esta\u00a0<strong>RUTA PO\u00c9TICA GRANADA COSTA<\/strong>\u00a0son los siguientes:<\/p>\n<p style=\"text-align: justify;\">1\u00a0\u00a0\u00a0\u00a0\u00a0\u00a0\u00a0\u00a0 Enero\u00a0\u00a0\u00a0\u00a0\u00a0\u00a0\u00a0\u00a0\u00a0\u00a0\u00a0\u00a0\u00a0\u00a0\u00a0\u00a0\u00a0\u00a0\u00a0\u00a0\u00a0\u00a0\u00a0 Palma de Mallorca\u00a0\u00a0\u00a0\u00a0\u00a0\u00a0\u00a0\u00a0\u00a0\u00a0\u00a0 \u00a0\u00a0\u00a0\u00a0\u00a0\u00a0\u00a0\u00a0\u00a0\u00a0\u00a0 Islas Baleares<\/p>\n<p style=\"text-align: justify;\">2\u00a0\u00a0\u00a0\u00a0\u00a0\u00a0\u00a0\u00a0 Febrero\u00a0\u00a0\u00a0\u00a0\u00a0\u00a0\u00a0\u00a0\u00a0\u00a0\u00a0\u00a0\u00a0\u00a0\u00a0\u00a0\u00a0\u00a0\u00a0 Madrid\u00a0\u00a0\u00a0\u00a0\u00a0\u00a0\u00a0\u00a0\u00a0\u00a0\u00a0\u00a0\u00a0\u00a0\u00a0\u00a0\u00a0\u00a0\u00a0\u00a0\u00a0\u00a0\u00a0\u00a0\u00a0\u00a0\u00a0\u00a0\u00a0\u00a0\u00a0\u00a0\u00a0\u00a0\u00a0\u00a0\u00a0\u00a0\u00a0\u00a0\u00a0\u00a0\u00a0\u00a0 Madrid<\/p>\n<p style=\"text-align: justify;\">3\u00a0\u00a0\u00a0\u00a0\u00a0\u00a0\u00a0\u00a0 Marzo\u00a0\u00a0\u00a0\u00a0\u00a0\u00a0\u00a0\u00a0\u00a0\u00a0\u00a0\u00a0\u00a0\u00a0\u00a0\u00a0\u00a0\u00a0\u00a0\u00a0\u00a0\u00a0 Granada\u00a0\u00a0\u00a0\u00a0\u00a0\u00a0\u00a0\u00a0\u00a0\u00a0\u00a0\u00a0\u00a0\u00a0\u00a0\u00a0\u00a0\u00a0 \u00a0\u00a0\u00a0\u00a0\u00a0\u00a0\u00a0\u00a0\u00a0\u00a0\u00a0 \u00a0\u00a0\u00a0\u00a0\u00a0\u00a0\u00a0\u00a0\u00a0\u00a0\u00a0 Andaluc\u00eda<\/p>\n<p style=\"text-align: justify;\">4\u00a0\u00a0\u00a0\u00a0\u00a0\u00a0\u00a0\u00a0 Abril\u00a0\u00a0\u00a0\u00a0\u00a0\u00a0\u00a0\u00a0\u00a0\u00a0\u00a0\u00a0\u00a0\u00a0\u00a0\u00a0\u00a0\u00a0\u00a0\u00a0\u00a0\u00a0\u00a0\u00a0\u00a0\u00a0 Valencia\u00a0\u00a0\u00a0\u00a0\u00a0\u00a0\u00a0\u00a0\u00a0\u00a0\u00a0\u00a0\u00a0\u00a0\u00a0\u00a0\u00a0\u00a0\u00a0\u00a0\u00a0\u00a0\u00a0\u00a0\u00a0\u00a0\u00a0\u00a0\u00a0\u00a0 \u00a0\u00a0\u00a0\u00a0\u00a0\u00a0\u00a0\u00a0\u00a0\u00a0\u00a0 C Valenciana<\/p>\n<p style=\"text-align: justify;\">5\u00a0\u00a0\u00a0\u00a0\u00a0\u00a0\u00a0\u00a0 Mayo\u00a0\u00a0\u00a0\u00a0\u00a0\u00a0\u00a0\u00a0\u00a0\u00a0\u00a0\u00a0\u00a0\u00a0\u00a0\u00a0\u00a0\u00a0\u00a0\u00a0\u00a0\u00a0\u00a0\u00a0 L\u00e9rida\u00a0\u00a0\u00a0\u00a0\u00a0\u00a0\u00a0\u00a0\u00a0\u00a0\u00a0\u00a0\u00a0\u00a0\u00a0\u00a0\u00a0\u00a0\u00a0\u00a0\u00a0\u00a0\u00a0 \u00a0\u00a0\u00a0\u00a0\u00a0\u00a0\u00a0\u00a0\u00a0\u00a0\u00a0 \u00a0\u00a0\u00a0\u00a0\u00a0\u00a0\u00a0\u00a0\u00a0\u00a0\u00a0 Catalu\u00f1a<\/p>\n<p style=\"text-align: justify;\">6\u00a0\u00a0\u00a0\u00a0\u00a0\u00a0\u00a0\u00a0 Junio\u00a0\u00a0\u00a0\u00a0\u00a0\u00a0\u00a0\u00a0\u00a0\u00a0\u00a0\u00a0\u00a0\u00a0\u00a0\u00a0\u00a0\u00a0\u00a0\u00a0\u00a0\u00a0\u00a0\u00a0\u00a0 Oviedo\u00a0\u00a0\u00a0\u00a0\u00a0\u00a0\u00a0\u00a0\u00a0\u00a0\u00a0\u00a0\u00a0\u00a0\u00a0\u00a0\u00a0\u00a0\u00a0\u00a0\u00a0\u00a0\u00a0\u00a0\u00a0\u00a0\u00a0\u00a0\u00a0\u00a0\u00a0\u00a0\u00a0\u00a0\u00a0\u00a0\u00a0\u00a0\u00a0\u00a0\u00a0\u00a0\u00a0\u00a0 Asturias<\/p>\n<p style=\"text-align: justify;\">7\u00a0\u00a0\u00a0\u00a0\u00a0\u00a0\u00a0\u00a0 Julio\u00a0\u00a0\u00a0\u00a0\u00a0\u00a0\u00a0\u00a0\u00a0\u00a0\u00a0\u00a0\u00a0\u00a0\u00a0\u00a0\u00a0\u00a0\u00a0\u00a0\u00a0\u00a0\u00a0\u00a0\u00a0\u00a0 Santiago de Compostela\u00a0 \u00a0\u00a0\u00a0\u00a0\u00a0\u00a0\u00a0\u00a0\u00a0\u00a0\u00a0 Galicia<\/p>\n<p style=\"text-align: justify;\">8\u00a0\u00a0\u00a0\u00a0\u00a0\u00a0\u00a0\u00a0 Agosto\u00a0\u00a0\u00a0\u00a0\u00a0\u00a0\u00a0\u00a0\u00a0\u00a0\u00a0\u00a0\u00a0\u00a0\u00a0\u00a0\u00a0\u00a0\u00a0\u00a0\u00a0 \u00c1vila o Burgos\u00a0\u00a0\u00a0\u00a0\u00a0\u00a0\u00a0\u00a0\u00a0\u00a0\u00a0\u00a0\u00a0\u00a0\u00a0\u00a0\u00a0\u00a0\u00a0\u00a0\u00a0\u00a0\u00a0\u00a0\u00a0\u00a0\u00a0\u00a0\u00a0\u00a0\u00a0 Castilla Le\u00f3n<\/p>\n<p style=\"text-align: justify;\">9\u00a0\u00a0\u00a0\u00a0\u00a0\u00a0\u00a0\u00a0 Septiembre\u00a0\u00a0\u00a0\u00a0\u00a0\u00a0\u00a0\u00a0\u00a0\u00a0\u00a0\u00a0\u00a0 San Sebasti\u00e1n\u00a0\u00a0\u00a0\u00a0\u00a0\u00a0\u00a0\u00a0\u00a0\u00a0\u00a0\u00a0\u00a0\u00a0\u00a0\u00a0\u00a0\u00a0\u00a0\u00a0\u00a0\u00a0\u00a0\u00a0\u00a0\u00a0\u00a0\u00a0\u00a0\u00a0\u00a0\u00a0 Pa\u00eds Vasco<\/p>\n<p style=\"text-align: justify;\">10\u00a0\u00a0\u00a0\u00a0\u00a0\u00a0 Octubre\u00a0\u00a0\u00a0\u00a0\u00a0\u00a0\u00a0\u00a0\u00a0\u00a0\u00a0\u00a0\u00a0\u00a0\u00a0\u00a0\u00a0\u00a0\u00a0 Santander\u00a0\u00a0\u00a0\u00a0\u00a0\u00a0\u00a0\u00a0\u00a0\u00a0\u00a0\u00a0\u00a0\u00a0\u00a0 \u00a0\u00a0\u00a0\u00a0\u00a0\u00a0\u00a0\u00a0\u00a0\u00a0\u00a0 \u00a0\u00a0\u00a0\u00a0\u00a0\u00a0\u00a0\u00a0\u00a0\u00a0\u00a0 Cantabria<\/p>\n<p style=\"text-align: justify;\">11\u00a0\u00a0\u00a0\u00a0\u00a0\u00a0 Noviembre\u00a0\u00a0\u00a0\u00a0\u00a0\u00a0\u00a0\u00a0\u00a0\u00a0\u00a0\u00a0\u00a0 Logro\u00f1o\u00a0\u00a0\u00a0\u00a0\u00a0\u00a0\u00a0\u00a0\u00a0\u00a0\u00a0\u00a0\u00a0\u00a0\u00a0\u00a0\u00a0\u00a0\u00a0\u00a0\u00a0\u00a0\u00a0\u00a0\u00a0\u00a0\u00a0\u00a0\u00a0\u00a0 \u00a0\u00a0\u00a0\u00a0\u00a0\u00a0\u00a0\u00a0\u00a0\u00a0\u00a0 La Rioja<\/p>\n<p style=\"text-align: justify;\">12\u00a0\u00a0\u00a0\u00a0\u00a0\u00a0 Diciembre\u00a0\u00a0\u00a0\u00a0\u00a0\u00a0\u00a0\u00a0\u00a0\u00a0\u00a0\u00a0\u00a0\u00a0\u00a0 Caravaca\u00a0\u00a0\u00a0\u00a0\u00a0\u00a0\u00a0\u00a0\u00a0\u00a0\u00a0\u00a0\u00a0\u00a0\u00a0\u00a0\u00a0\u00a0\u00a0\u00a0\u00a0\u00a0\u00a0\u00a0\u00a0\u00a0\u00a0\u00a0\u00a0 \u00a0\u00a0\u00a0\u00a0\u00a0\u00a0\u00a0\u00a0\u00a0\u00a0\u00a0 Murcia<\/p>\n","protected":false},"excerpt":{"rendered":"<p>Desde el Proyecto nacional de Cultura Granada Costa, a trav\u00e9s de su Academia de las Ciencias, Bellas Artes y Buenas&hellip;<\/p>\n","protected":false},"author":3,"featured_media":18815,"comment_status":"open","ping_status":"open","sticky":false,"template":"","format":"standard","meta":{"om_disable_all_campaigns":false,"_mi_skip_tracking":false,"_monsterinsights_sitenote_active":false,"_monsterinsights_sitenote_note":"","_monsterinsights_sitenote_category":0,"footnotes":""},"categories":[21,22],"tags":[],"aioseo_notices":[],"_links":{"self":[{"href":"https:\/\/granadacostaglobal.es\/index.php?rest_route=\/wp\/v2\/posts\/18814"}],"collection":[{"href":"https:\/\/granadacostaglobal.es\/index.php?rest_route=\/wp\/v2\/posts"}],"about":[{"href":"https:\/\/granadacostaglobal.es\/index.php?rest_route=\/wp\/v2\/types\/post"}],"author":[{"embeddable":true,"href":"https:\/\/granadacostaglobal.es\/index.php?rest_route=\/wp\/v2\/users\/3"}],"replies":[{"embeddable":true,"href":"https:\/\/granadacostaglobal.es\/index.php?rest_route=%2Fwp%2Fv2%2Fcomments&post=18814"}],"version-history":[{"count":0,"href":"https:\/\/granadacostaglobal.es\/index.php?rest_route=\/wp\/v2\/posts\/18814\/revisions"}],"wp:featuredmedia":[{"embeddable":true,"href":"https:\/\/granadacostaglobal.es\/index.php?rest_route=\/"}],"wp:attachment":[{"href":"https:\/\/granadacostaglobal.es\/index.php?rest_route=%2Fwp%2Fv2%2Fmedia&parent=18814"}],"wp:term":[{"taxonomy":"category","embeddable":true,"href":"https:\/\/granadacostaglobal.es\/index.php?rest_route=%2Fwp%2Fv2%2Fcategories&post=18814"},{"taxonomy":"post_tag","embeddable":true,"href":"https:\/\/granadacostaglobal.es\/index.php?rest_route=%2Fwp%2Fv2%2Ftags&post=18814"}],"curies":[{"name":"wp","href":"https:\/\/api.w.org\/{rel}","templated":true}]}}