{"id":18795,"date":"2018-10-30T12:48:25","date_gmt":"2018-10-30T12:48:25","guid":{"rendered":"http:\/\/granadacostanacional.es\/?p=18795"},"modified":"2018-10-30T12:48:25","modified_gmt":"2018-10-30T12:48:25","slug":"los-vecinos-de-salobrena-recibiran-agua-potable-del-deposito-matagallares-a-partir-del-proximo-verano-con-capacidad-para-20-mil-m3-de-agua","status":"publish","type":"post","link":"https:\/\/granadacostaglobal.es\/?p=18795","title":{"rendered":"Los vecinos de Salobre\u00f1a recibir\u00e1n agua potable del dep\u00f3sito Matagallares a partir del pr\u00f3ximo verano, con capacidad para 20 mil m3 de agua"},"content":{"rendered":"<p style=\"text-align: justify;\"><em>Sergio Garc\u00eda: \u201cSi las obras siguen a buen ritmo, una vez finalizada la impermeabilizaci\u00f3n y las conexiones con la red general, haremos las pruebas pertinentes para asegurarnos su perfecto funcionamiento\u201d<\/em><\/p>\n<p style=\"text-align: justify;\">El Deposito Matagallares ubicado en la zona norte de Salobre\u00f1a, en el camino del Cementerio,\u00a0 con capacidad para 20.000m3 de agua, es un proyecto que puso en marcha hace m\u00e1s de 15 a\u00f1os la Junta de Andaluc\u00eda, para suministro y abastecimiento a la poblaci\u00f3n,\u00a0 con la previsi\u00f3n de llenarlo de agua procedente del R\u00edo Guadalfeo.<\/p>\n<p style=\"text-align: justify;\"><a href=\"http:\/\/granadacostanacional.es\/wp-content\/uploads\/2018\/10\/sergio-deposito.jpg\"><img decoding=\"async\" loading=\"lazy\" class=\"aligncenter size-large wp-image-18797\" src=\"http:\/\/granadacostanacional.es\/wp-content\/uploads\/2018\/10\/sergio-deposito-1024x768.jpg\" alt=\"sergio deposito\" width=\"1024\" height=\"768\" \/><\/a><\/p>\n<p style=\"text-align: justify;\">Finalmente el proyecto no se ejecut\u00f3 y se hicieron los dos dep\u00f3sitos actuales en los que est\u00e1 trabajando la Mancomunidad de la Costa Tropical, con una inversi\u00f3n que supera los 800.000 euros, con cargo al Canon de Mejora.<\/p>\n<p style=\"text-align: justify;\">As\u00ed nos lo cuenta el presidente del ente comarcal, quien detalla que \u201cen estos momentos estamos procediendo a su total impermeabilizaci\u00f3n y despu\u00e9s conectaremos las canalizaciones desde los dep\u00f3sitos hasta la red general de abastecimiento del centro urbano de Salobre\u00f1a, convirti\u00e9ndose en la principal fuente de agua potable que suministrar\u00e1 a la poblaci\u00f3n por completo\u201d.<\/p>\n<p style=\"text-align: justify;\">Durante la visita a las obras, Sergio Garc\u00eda afirma sentirse satisfecho con el ritmo de los trabajos: \u201cEsperamos que todo est\u00e9 listo para el pr\u00f3ximo verano que ser\u00e1 cuando comenzaremos a realizar las pruebas que nos aseguren que todo est\u00e1 correcto. A partir de ese momento, como tenemos muchos pozos abiertos en la zona, nos aseguraremos que nunca haya problema\u00a0 porque los dep\u00f3sitos se ir\u00e1n llenando de forma autom\u00e1tica dando lugar a asegurar el abastecimiento de toda la poblaci\u00f3n\u201d.<\/p>\n<p style=\"text-align: justify;\">El proyecto contempla la realizaci\u00f3n de las obras necesarias para la modificaci\u00f3n del sistema hidr\u00e1ulico actual para poner en servicio el dep\u00f3sito de Matagallares y poder eliminar el dep\u00f3sito de Antequera, en muy malas condiciones.<\/p>\n","protected":false},"excerpt":{"rendered":"<p>Sergio Garc\u00eda: \u201cSi las obras siguen a buen ritmo, una vez finalizada la impermeabilizaci\u00f3n y las conexiones con la red&hellip;<\/p>\n","protected":false},"author":2,"featured_media":18796,"comment_status":"open","ping_status":"open","sticky":false,"template":"","format":"standard","meta":{"om_disable_all_campaigns":false,"_mi_skip_tracking":false,"_monsterinsights_sitenote_active":false,"_monsterinsights_sitenote_note":"","_monsterinsights_sitenote_category":0,"footnotes":""},"categories":[22],"tags":[],"aioseo_notices":[],"_links":{"self":[{"href":"https:\/\/granadacostaglobal.es\/index.php?rest_route=\/wp\/v2\/posts\/18795"}],"collection":[{"href":"https:\/\/granadacostaglobal.es\/index.php?rest_route=\/wp\/v2\/posts"}],"about":[{"href":"https:\/\/granadacostaglobal.es\/index.php?rest_route=\/wp\/v2\/types\/post"}],"author":[{"embeddable":true,"href":"https:\/\/granadacostaglobal.es\/index.php?rest_route=\/wp\/v2\/users\/2"}],"replies":[{"embeddable":true,"href":"https:\/\/granadacostaglobal.es\/index.php?rest_route=%2Fwp%2Fv2%2Fcomments&post=18795"}],"version-history":[{"count":0,"href":"https:\/\/granadacostaglobal.es\/index.php?rest_route=\/wp\/v2\/posts\/18795\/revisions"}],"wp:featuredmedia":[{"embeddable":true,"href":"https:\/\/granadacostaglobal.es\/index.php?rest_route=\/"}],"wp:attachment":[{"href":"https:\/\/granadacostaglobal.es\/index.php?rest_route=%2Fwp%2Fv2%2Fmedia&parent=18795"}],"wp:term":[{"taxonomy":"category","embeddable":true,"href":"https:\/\/granadacostaglobal.es\/index.php?rest_route=%2Fwp%2Fv2%2Fcategories&post=18795"},{"taxonomy":"post_tag","embeddable":true,"href":"https:\/\/granadacostaglobal.es\/index.php?rest_route=%2Fwp%2Fv2%2Ftags&post=18795"}],"curies":[{"name":"wp","href":"https:\/\/api.w.org\/{rel}","templated":true}]}}