{"id":18695,"date":"2018-10-18T14:27:58","date_gmt":"2018-10-18T14:27:58","guid":{"rendered":"http:\/\/granadacostanacional.es\/?p=18695"},"modified":"2018-10-18T14:27:58","modified_gmt":"2018-10-18T14:27:58","slug":"la-mancomunidad-destina-463-97512-e-de-su-superavit-a-inversiones-en-municipios-de-menos-de-cinco-mil-habitantes","status":"publish","type":"post","link":"https:\/\/granadacostaglobal.es\/?p=18695","title":{"rendered":"La Mancomunidad destina 463.975,12 \u20ac de su super\u00e1vit a inversiones en  municipios de menos de cinco mil habitantes."},"content":{"rendered":"<p style=\"text-align: justify;\"><em>La Mancomunidad de Municipios ha celebrado en la ma\u00f1ana de hoy\u00a0 jueves, 18 de octubre,\u00a0 Junta General Extraordinaria \u2013 urgente \u00a0con 4 \u00a0puntos en el orden del d\u00eda, entre los que destac\u00f3 la propuesta de aprobaci\u00f3n inicial de modificaci\u00f3n de cr\u00e9dito para la aplicaci\u00f3n de super\u00e1vit.<\/em><\/p>\n<p style=\"text-align: justify;\"><em>\u00a0<\/em><\/p>\n<p style=\"text-align: justify;\">La Junta General ha aprobado incorporar el super\u00e1vit presupuestario refrendado por el remanente de tesorer\u00eda, con un montante de 463.975,12 euros\u00a0 a la financiaci\u00f3n de obras en los peque\u00f1os municipios de la Costa Tropical.<\/p>\n<p style=\"text-align: justify;\">Esta modificaci\u00f3n se financiar\u00e1 con cargo al remanente de tesorer\u00eda resultante de la liquidaci\u00f3n del ejercicio de 2017, y se destinar\u00e1 a la financiaci\u00f3n de inversiones financieramente sostenibles.<\/p>\n<p style=\"text-align: justify;\">Nueve pueblos de la Costa Tropical,\u00a0 se beneficiar\u00e1n de estas actuaciones,\u00a0 Lenteg\u00ed, Caleta de Salobre\u00f1a, Sorvil\u00e1n, Rubite, \u00cdtrabo, Gualchos, Jete, Ot\u00edvar y Albu\u00f1ol con un importe de 463.972.12 euros.<\/p>\n<p style=\"text-align: justify;\">Las actuaciones consistir\u00e1n en la renovaci\u00f3n de la infraestructura de abastecimiento, saneamiento y pluviales de la diferente calles que se ver\u00e1n beneficiadas por esta inversi\u00f3n no prevista inicialmente y que gracias a dicho super\u00e1vit podr\u00e1n llevarse a cabo.<\/p>\n<p style=\"text-align: justify;\">\n<p style=\"text-align: justify;\">\u201cEsta inversi\u00f3n, con la que no se contaba en un inicio,\u00a0 viene a sumarse a las actuaciones que se est\u00e1n realizando a lo largo de todas\u00a0 la Costa Tropical, con cargo al canon de mejora y canon concesional, con un valor de 24 millones de euros aproximadamente\u201d ha resaltado el Presidente de La Mancomunidad de Municipios de la Costa Tropical,\u00a0 Sergio Garc\u00eda Alabarce.<\/p>\n<p style=\"text-align: justify;\">\n<p style=\"text-align: justify;\">Adem\u00e1s de este punto en la Junta General, celebrada hoy\u00a0 se han tratado los siguientes puntos:<\/p>\n<ul>\n<li style=\"text-align: justify;\">Propuesta inicio de acciones judiciales contra expedientes sancionadores Consejer\u00eda de Agricultura, Pesca y Ordenaci\u00f3n del Territorio.<\/li>\n<li style=\"text-align: justify;\">Toma de conocimiento del informe del Tercer trimestre 2018 sobre cumplimiento de plazos previstos en la Ley 15\/ 2010, de 15 de julio, para el pago de las obligaciones de la Mancomunidad.<\/li>\n<\/ul>\n","protected":false},"excerpt":{"rendered":"<p>La Mancomunidad de Municipios ha celebrado en la ma\u00f1ana de hoy\u00a0 jueves, 18 de octubre,\u00a0 Junta General Extraordinaria \u2013 urgente&hellip;<\/p>\n","protected":false},"author":2,"featured_media":18696,"comment_status":"open","ping_status":"open","sticky":false,"template":"","format":"standard","meta":{"om_disable_all_campaigns":false,"_mi_skip_tracking":false,"_monsterinsights_sitenote_active":false,"_monsterinsights_sitenote_note":"","_monsterinsights_sitenote_category":0,"footnotes":""},"categories":[22],"tags":[],"aioseo_notices":[],"_links":{"self":[{"href":"https:\/\/granadacostaglobal.es\/index.php?rest_route=\/wp\/v2\/posts\/18695"}],"collection":[{"href":"https:\/\/granadacostaglobal.es\/index.php?rest_route=\/wp\/v2\/posts"}],"about":[{"href":"https:\/\/granadacostaglobal.es\/index.php?rest_route=\/wp\/v2\/types\/post"}],"author":[{"embeddable":true,"href":"https:\/\/granadacostaglobal.es\/index.php?rest_route=\/wp\/v2\/users\/2"}],"replies":[{"embeddable":true,"href":"https:\/\/granadacostaglobal.es\/index.php?rest_route=%2Fwp%2Fv2%2Fcomments&post=18695"}],"version-history":[{"count":0,"href":"https:\/\/granadacostaglobal.es\/index.php?rest_route=\/wp\/v2\/posts\/18695\/revisions"}],"wp:featuredmedia":[{"embeddable":true,"href":"https:\/\/granadacostaglobal.es\/index.php?rest_route=\/"}],"wp:attachment":[{"href":"https:\/\/granadacostaglobal.es\/index.php?rest_route=%2Fwp%2Fv2%2Fmedia&parent=18695"}],"wp:term":[{"taxonomy":"category","embeddable":true,"href":"https:\/\/granadacostaglobal.es\/index.php?rest_route=%2Fwp%2Fv2%2Fcategories&post=18695"},{"taxonomy":"post_tag","embeddable":true,"href":"https:\/\/granadacostaglobal.es\/index.php?rest_route=%2Fwp%2Fv2%2Ftags&post=18695"}],"curies":[{"name":"wp","href":"https:\/\/api.w.org\/{rel}","templated":true}]}}