{"id":18635,"date":"2018-10-09T08:54:08","date_gmt":"2018-10-09T08:54:08","guid":{"rendered":"http:\/\/granadacostanacional.es\/?p=18635"},"modified":"2018-10-09T08:54:08","modified_gmt":"2018-10-09T08:54:08","slug":"viviendo-el-cambio-salud-femenina-a-partir-de-los-45-anos","status":"publish","type":"post","link":"https:\/\/granadacostaglobal.es\/?p=18635","title":{"rendered":"Viviendo el cambio , salud femenina a partir de los 45 a\u00f1os"},"content":{"rendered":"<p>Salud femenima visi\u00f3n integradora.<\/p>\n<p style=\"text-align: justify;\"><a href=\"http:\/\/granadacostanacional.es\/wp-content\/uploads\/2018\/10\/15538773_1292014017485971_5084926496015908864_a.jpg\"><img decoding=\"async\" loading=\"lazy\" class=\"size-full wp-image-18639 alignleft\" src=\"http:\/\/granadacostanacional.es\/wp-content\/uploads\/2018\/10\/15538773_1292014017485971_5084926496015908864_a.jpg\" alt=\"15538773_1292014017485971_5084926496015908864_a\" width=\"150\" height=\"150\" \/><\/a>\u00a0Bajo el objetivo de concienciar a las mujeres en la importancia de hacerse revisiones peri\u00f3dicas, para poder prevenir la osteoporosis a tiempo. Asi como, orientar sobre tratamiento m\u00e9dicos, ostoporosis y , informar y acompa\u00f1ar en el proceso de la menopausia \u00a0HERA <strong>\u00a0<\/strong>(osteoporosi-menopausa \u00a0Asociaci\u00f3n de mujeres). Se ha \u00a0celebrado una conferencia el pasado 8 de octubre en la sala Jaume Magre de Lleida impartida por la Dra. Anaheim Jordan \u00a0ginec\u00f3loga intregativa y obstetra. Formada tambi\u00e9n en terapias humanistas, Gestalt y salud sist\u00e9mica.\u00a0Firme defensora del potencial terap\u00e9utico del autoconocimiento, la conciencia del propio cuerpo es la base de su trabajo. Ofreci\u00f3 \u00a0una visi\u00f3n hol\u00edstica de la salud centrada en la Menopausia promovido por la Asociaci\u00f3n Hera.<\/p>\n<p style=\"text-align: justify;\">\u00a0La conferencia tuvo por t\u00edtulo \u00a0<strong>&#8221; Viviendo el cambio , salud femenina a partir de los 45 a\u00f1os&#8221;<\/strong>. la Dra Jordan expuso las pincipales lineas de conocimiento y actuaciones delante de los cambios en las mujeres durante este periodo de su vida para ello, la facultativa \u00a0parte de su trabajo de \u00a0promoci\u00f3n y divulgaci\u00f3n de la salud femenina, ciclos menstruales, fertilidad preparaci\u00f3n para la etapa de la menopausia.<\/p>\n<p style=\"text-align: justify;\">El enfoque de la conferencia impartida esta basado en acompa\u00f1a a la mujer desde una visi\u00f3n hol\u00edstica, humanista e integradora en esta etapa m\u00e1s de su vida.<\/p>\n<p style=\"text-align: justify;\"><span style=\"line-height: 1.5;\">Agradecemos a la Dra. todos las respuestas y consejos que ha dado a todas las asistentes.\u00a0<\/span><\/p>\n","protected":false},"excerpt":{"rendered":"<p>Salud femenima visi\u00f3n integradora. \u00a0Bajo el objetivo de concienciar a las mujeres en la importancia de hacerse revisiones peri\u00f3dicas, para&hellip;<\/p>\n","protected":false},"author":4,"featured_media":18636,"comment_status":"open","ping_status":"open","sticky":false,"template":"","format":"standard","meta":{"om_disable_all_campaigns":false,"_mi_skip_tracking":false,"_monsterinsights_sitenote_active":false,"_monsterinsights_sitenote_note":"","_monsterinsights_sitenote_category":0,"footnotes":""},"categories":[25,22,33,19,30],"tags":[],"aioseo_notices":[],"_links":{"self":[{"href":"https:\/\/granadacostaglobal.es\/index.php?rest_route=\/wp\/v2\/posts\/18635"}],"collection":[{"href":"https:\/\/granadacostaglobal.es\/index.php?rest_route=\/wp\/v2\/posts"}],"about":[{"href":"https:\/\/granadacostaglobal.es\/index.php?rest_route=\/wp\/v2\/types\/post"}],"author":[{"embeddable":true,"href":"https:\/\/granadacostaglobal.es\/index.php?rest_route=\/wp\/v2\/users\/4"}],"replies":[{"embeddable":true,"href":"https:\/\/granadacostaglobal.es\/index.php?rest_route=%2Fwp%2Fv2%2Fcomments&post=18635"}],"version-history":[{"count":0,"href":"https:\/\/granadacostaglobal.es\/index.php?rest_route=\/wp\/v2\/posts\/18635\/revisions"}],"wp:featuredmedia":[{"embeddable":true,"href":"https:\/\/granadacostaglobal.es\/index.php?rest_route=\/"}],"wp:attachment":[{"href":"https:\/\/granadacostaglobal.es\/index.php?rest_route=%2Fwp%2Fv2%2Fmedia&parent=18635"}],"wp:term":[{"taxonomy":"category","embeddable":true,"href":"https:\/\/granadacostaglobal.es\/index.php?rest_route=%2Fwp%2Fv2%2Fcategories&post=18635"},{"taxonomy":"post_tag","embeddable":true,"href":"https:\/\/granadacostaglobal.es\/index.php?rest_route=%2Fwp%2Fv2%2Ftags&post=18635"}],"curies":[{"name":"wp","href":"https:\/\/api.w.org\/{rel}","templated":true}]}}