{"id":1849,"date":"2015-06-25T16:50:23","date_gmt":"2015-06-25T16:50:23","guid":{"rendered":"http:\/\/granadacosta.es\/?p=1849"},"modified":"2015-06-25T16:50:23","modified_gmt":"2015-06-25T16:50:23","slug":"coviran-firma-la-alianza-para-la-lucha-contra-la-pobreza-infantil-para-unir-esfuerzos-contra-la-exclusion-de-los-menores","status":"publish","type":"post","link":"https:\/\/granadacostaglobal.es\/?p=1849","title":{"rendered":"Covir\u00e1n firma la Alianza para la Lucha contra la Pobreza Infantil para unir esfuerzos contra la exclusi\u00f3n de los menores"},"content":{"rendered":"<p style=\"text-align: justify;\"><strong>La Junta de Andaluc\u00eda, el Defensor del Menor, entidades locales, sociales y empresariales conformar\u00e1n una gran red de atenci\u00f3n a ni\u00f1as y ni\u00f1os<\/strong><\/p>\n<p style=\"text-align: justify;\">\u00a0\u00a0La presidenta de la Junta de Andaluc\u00eda, Susana D\u00edaz, ha presidido hoy la firma de\u00a0 la Alianza para la Lucha contra la Pobreza Infantil, que aunar\u00e1 esfuerzos contra la exclusi\u00f3n social de los menores y permitir\u00e1 configurar una red de trabajo y protecci\u00f3n a los menores por parte de administraciones p\u00fablicas, organizaciones de la iniciativa social, agentes sociales y econ\u00f3micos y el tejido financiero de Andaluc\u00eda.<\/p>\n<p style=\"text-align: justify;\"><a href=\"http:\/\/granadacosta.es\/wp-content\/uploads\/2015\/06\/Alianza-contra-la-pobreza-infantil-PE.jpg\"><img decoding=\"async\" loading=\"lazy\" class=\"aligncenter size-full wp-image-1851\" src=\"http:\/\/granadacosta.es\/wp-content\/uploads\/2015\/06\/Alianza-contra-la-pobreza-infantil-PE.jpg\" alt=\"Alianza-contra-la-pobreza-infantil-PE\" width=\"800\" height=\"330\" \/><\/a><\/p>\n<p style=\"text-align: justify;\">\u00a0En esta alianza, adem\u00e1s de Covir\u00e1n, participar\u00e1n la Junta de Andaluc\u00eda, corporaciones locales, el Defensor del Menor en Andaluc\u00eda, entidades sociales y organizaciones no gubernamentales (UNICEF, Cruz Roja, Save the Children, Federaci\u00f3n de Banco de Alimentos o Adima, entre otras), agentes sociales con representaci\u00f3n general (CEA y CEPES), empresas de alimentaci\u00f3n, sociedades cient\u00edficas relacionadas con la atenci\u00f3n integral a la infancia\u00a0 y entidades financieras. Luis Osuna, Consejero Delegado de Covir\u00e1n firm\u00f3 en nombre de la Cooperativa, empresa que apuesta por La infancia, es el futuro, y a ella se dedican muchos esfuerzos en el apartado de responsabilidad social. De las muchas actividades organizadas y de las muchas organizaciones con las que se trabaja de forma activa, destaca la labor emprendida con los Bancos de Alimentos con quienes tienen un convenio de colaboraci\u00f3n a nivel nacional para llegar a las personas que m\u00e1s lo necesitan.<\/p>\n<p style=\"text-align: justify;\">\u00a0La Alianza contra la Pobreza Infantil tiene como objetivo fundamental cubrir las necesidades b\u00e1sicas de los ni\u00f1os y ni\u00f1as andaluces, identificar situaciones de vulnerabilidad social y riesgo de exclusi\u00f3n y trabajar juntos para contrarrestarla. Se pretende impulsar la participaci\u00f3n, la colaboraci\u00f3n y la comunicaci\u00f3n de las instituciones p\u00fablicas, la iniciativa social y la privada.<\/p>\n","protected":false},"excerpt":{"rendered":"<p>La Junta de Andaluc\u00eda, el Defensor del Menor, entidades locales, sociales y empresariales conformar\u00e1n una gran red de atenci\u00f3n a&hellip;<\/p>\n","protected":false},"author":2,"featured_media":1850,"comment_status":"open","ping_status":"open","sticky":false,"template":"","format":"standard","meta":{"om_disable_all_campaigns":false,"_mi_skip_tracking":false,"_monsterinsights_sitenote_active":false,"_monsterinsights_sitenote_note":"","_monsterinsights_sitenote_category":0,"footnotes":""},"categories":[21,22],"tags":[],"aioseo_notices":[],"_links":{"self":[{"href":"https:\/\/granadacostaglobal.es\/index.php?rest_route=\/wp\/v2\/posts\/1849"}],"collection":[{"href":"https:\/\/granadacostaglobal.es\/index.php?rest_route=\/wp\/v2\/posts"}],"about":[{"href":"https:\/\/granadacostaglobal.es\/index.php?rest_route=\/wp\/v2\/types\/post"}],"author":[{"embeddable":true,"href":"https:\/\/granadacostaglobal.es\/index.php?rest_route=\/wp\/v2\/users\/2"}],"replies":[{"embeddable":true,"href":"https:\/\/granadacostaglobal.es\/index.php?rest_route=%2Fwp%2Fv2%2Fcomments&post=1849"}],"version-history":[{"count":0,"href":"https:\/\/granadacostaglobal.es\/index.php?rest_route=\/wp\/v2\/posts\/1849\/revisions"}],"wp:featuredmedia":[{"embeddable":true,"href":"https:\/\/granadacostaglobal.es\/index.php?rest_route=\/"}],"wp:attachment":[{"href":"https:\/\/granadacostaglobal.es\/index.php?rest_route=%2Fwp%2Fv2%2Fmedia&parent=1849"}],"wp:term":[{"taxonomy":"category","embeddable":true,"href":"https:\/\/granadacostaglobal.es\/index.php?rest_route=%2Fwp%2Fv2%2Fcategories&post=1849"},{"taxonomy":"post_tag","embeddable":true,"href":"https:\/\/granadacostaglobal.es\/index.php?rest_route=%2Fwp%2Fv2%2Ftags&post=1849"}],"curies":[{"name":"wp","href":"https:\/\/api.w.org\/{rel}","templated":true}]}}