{"id":18448,"date":"2018-09-15T08:13:22","date_gmt":"2018-09-15T08:13:22","guid":{"rendered":"http:\/\/granadacostanacional.es\/?p=18448"},"modified":"2018-09-15T08:13:22","modified_gmt":"2018-09-15T08:13:22","slug":"entrevista-a-la-actriz-silvia-marso","status":"publish","type":"post","link":"https:\/\/granadacostaglobal.es\/?p=18448","title":{"rendered":"ENTREVISTA A LA ACTRIZ SILVIA MARS\u00d3"},"content":{"rendered":"<p style=\"text-align: justify;\">Por Ricardo Campos Urbaneja.<\/p>\n<p style=\"text-align: justify;\">\n<p style=\"text-align: justify;\">Aunque no me prodigo en el campo de las entrevistas, en esta ocasi\u00f3n me he visto en la obligaci\u00f3n de hacer una excepci\u00f3n especial, dado que una excelente actriz de la televisi\u00f3n, cine y teatro, a la que considero una amiga, me ha concedido el honor y el privilegio, -a pesar de su apretada agenda con la gira que esta realizando por toda Espa\u00f1a con la obra musical\u00a0 \u201c<em>24 horas en la vida de una mujer\u201d <\/em>del escritor austr\u00edaco Stefan Zweig, con su propia productora <em>LAMARSO produce, &#8211;<\/em>a realizarla unas pocas preguntas que ha tenido la gentileza de responderme con esa amabilidad que acostumbra y esa simpat\u00eda siempre natural, donde jam\u00e1s deja de mostrarnos esa sonrisa tan caracter\u00edstica de sus rasgos m\u00e1s hermosos.<\/p>\n<p style=\"text-align: justify;\">\u00a0\u00a0\u00a0\u00a0\u00a0\u00a0\u00a0\u00a0\u00a0\u00a0\u00a0\u00a0\u00a0\u00a0\u00a0 P1- Lo primero Silvia Mars\u00f3 (Silvia Carta\u00f1a Ortega, que es su verdadero nombre, aunque la utilizaci\u00f3n de Mars\u00f3, proviene de un gran mimo franc\u00e9s de nuestro tiempo, Marcel Marceau, del cu\u00e1l lo adapt\u00f3 al castellano como homenaje a \u00e9l) quiero agradecerte el tiempo que me concedes para contestar a estas pocas preguntas. S\u00e9 que andas muy ocupada con la gira musical de \u201c<em>24 horas en la vida de una mujer\u201d<\/em>. Es posible que algunos de mis lectores desconozcan c\u00f3mo te lleg\u00f3 la idea de representar este musical en los escenarios espa\u00f1oles, dado que lo habitual y lo que m\u00e1s f\u00e1cil engancha al p\u00fablico es la comedia. Podr\u00edas decirme, d\u00f3nde te surgi\u00f3 la inquietud de llevarla sobre nuestros escenarios y c\u00f3mo fueron los primeros pasos hasta lograr verla representarse por primera vez en el teatro de Almagro. Aunque antes debo indicar que tuve el privilegio de verla en dos ocasiones el pasado a\u00f1o en el Teatro Principal de San Sebasti\u00e1n, y si pudiera la volver\u00eda a ver, dado que me encanto y sal\u00ed muy impresionado en ambas ocasiones.<\/p>\n<p style=\"text-align: justify;\">R1-Ante todo, Muchas gracias Ricardo por tus palabras. La motivaci\u00f3n principal que me llev\u00f3 a producir e interpretar la obra fue la admiraci\u00f3n que siento por toda la obra de Zweig, hay relatos que me han hecho pensar mucho, como <em>Confusi\u00f3n de sentimientos, la colecci\u00f3n invisible y carta de una desconocida<\/em>, as\u00ed como su gran legado <em>El mundo de ayer<\/em>.<\/p>\n<figure id=\"attachment_18449\" aria-describedby=\"caption-attachment-18449\" style=\"width: 1630px\" class=\"wp-caption aligncenter\"><a href=\"http:\/\/granadacostanacional.es\/wp-content\/uploads\/2018\/09\/WP_000005.jpg\"><img decoding=\"async\" loading=\"lazy\" class=\"size-full wp-image-18449\" src=\"http:\/\/granadacostanacional.es\/wp-content\/uploads\/2018\/09\/WP_000005.jpg\" alt=\"Silvia Mars\u00f3 y yo, ayer a la noche en el Teatro Principal de San Sebasti\u00e1n. Despu\u00e9s de representar EL ZOO DE CRISTAL de Tennesse Williams. Una Actriz IMPRESINANTE y una mujer MARAVILLOSA.\" width=\"1630\" height=\"1222\" \/><\/a><figcaption id=\"caption-attachment-18449\" class=\"wp-caption-text\">Silvia Mars\u00f3 y yo, ayer a la noche en el Teatro Principal de San Sebasti\u00e1n. Despu\u00e9s de representar EL ZOO DE CRISTAL de Tennesse Williams. Una Actriz IMPRESINANTE y una mujer MARAVILLOSA.<\/figcaption><\/figure>\n<p style=\"text-align: justify;\">\u00a0\u00a0\u00a0\u00a0\u00a0\u00a0\u00a0\u00a0\u00a0\u00a0\u00a0\u00a0\u00a0\u00a0\u00a0 P2- Seg\u00fan he sabido por las redes sociales, ahora para noviembre vas a comenzar a realizar la gira de esta misma obra por tu tierra natal, -que por si muchos desconocen esta mujer naci\u00f3 en Pueblo Seco (Barcelona) aunque Madrid sea su ciudad adoptiva. -C\u00f3mo te resultar\u00e1 llevando tanto tiempo cantando en castellano, a dar el paso a otra lengua aunque sea tu lengua materna. Imagino que siempre existir\u00e1n algunas variantes vocales que se deber\u00e1n adaptar a las notas musicales. Qu\u00e9 tal se prev\u00e9 ese proceso, tanto para ti, como para tus compa\u00f1eros de reparto Marc Parejo, Felipe Ansola y Germ\u00e1n Torres, que quiz\u00e1s no sepan hablar catal\u00e1n.<\/p>\n<p style=\"text-align: justify;\">R2- Para el estreno en Barcelona, se incorpora Marc Parejo, que no lo pudo hacer en castellano, por temas profesionales, pero siempre ha estado ah\u00ed apoyando nuestro proyecto con toda su alma. Felipe Ansola que seguir\u00e1 haciendo las funciones en castellano est\u00e1 alternando nuestra obra como cover de un papel protagonista en Billy Elliot. Y Germ\u00e1n Torres como yo, es biling\u00fce.<\/p>\n<p style=\"text-align: justify;\">\n<p style=\"text-align: justify;\"><a href=\"http:\/\/granadacostanacional.es\/wp-content\/uploads\/2018\/09\/silvia_marso_cartel.jpg\"><img decoding=\"async\" loading=\"lazy\" class=\"aligncenter size-full wp-image-18451\" src=\"http:\/\/granadacostanacional.es\/wp-content\/uploads\/2018\/09\/silvia_marso_cartel.jpg\" alt=\"silvia_marso_cartel\" width=\"1366\" height=\"1932\" \/><\/a><\/p>\n<p style=\"text-align: justify;\">\u00a0\u00a0\u00a0\u00a0\u00a0\u00a0\u00a0\u00a0\u00a0\u00a0\u00a0\u00a0\u00a0\u00a0\u00a0 P3- Pasando a otros aspectos de tu vida y carrera, comenzaste a hacer mimo, junto a Paco Mir del famoso tr\u00edo Tricicle -en el Institut del Teatre de Barcelona- siempre me parecieron unos artistas formidables. C\u00f3mo fueron aquellos primeros inicios art\u00edsticos y ese proceso de aprendizaje, dado que nunca es f\u00e1cil en la vida de un ni\u00f1o o ni\u00f1a, querer dedicarse de por vida, al mundo del espect\u00e1culo.<\/p>\n<p style=\"text-align: justify;\">\u00a0\u00a0\u00a0\u00a0\u00a0\u00a0\u00a0\u00a0\u00a0\u00a0\u00a0\u00a0\u00a0\u00a0\u00a0 R3- Al no tener antecedentes art\u00edsticos en mi familia me cost\u00f3 mucho m\u00e1s. Porque tuve que convencer a todos de que ser\u00eda capaz de lograrlo y de que no era un capricho de adolescente. Pero con tes\u00f3n, humildad e ilusi\u00f3n todo se consigue.<\/p>\n<p style=\"text-align: justify;\">\n<p style=\"text-align: justify;\"><a href=\"http:\/\/granadacostanacional.es\/wp-content\/uploads\/2018\/09\/24-Horas-en-la-vida-de-una-Mujer-de-Stefan-Zweig-con-Silvia-Mars\u00f3-Marc-Parejo-Felipe-Ansola-y-V\u00edctor-Mass\u00e1n.-Dirigida-por-Ignacio-Garc\u00eda-7.jpg\"><img decoding=\"async\" loading=\"lazy\" class=\"aligncenter size-full wp-image-18452\" src=\"http:\/\/granadacostanacional.es\/wp-content\/uploads\/2018\/09\/24-Horas-en-la-vida-de-una-Mujer-de-Stefan-Zweig-con-Silvia-Mars\u00f3-Marc-Parejo-Felipe-Ansola-y-V\u00edctor-Mass\u00e1n.-Dirigida-por-Ignacio-Garc\u00eda-7.jpg\" alt=\"24-Horas-en-la-vida-de-una-Mujer-de-Stefan-Zweig-con-Silvia-Mars\u00f3-Marc-Parejo-Felipe-Ansola-y-V\u00edctor-Mass\u00e1n.-Dirigida-por-Ignacio-Garc\u00eda-7\" width=\"1280\" height=\"763\" \/><\/a><\/p>\n<p style=\"text-align: justify;\">\u00a0\u00a0\u00a0\u00a0\u00a0\u00a0\u00a0\u00a0\u00a0\u00a0\u00a0\u00a0\u00a0\u00a0\u00a0 P4- Para dedicarse a este fascinante mundo, que a su vez es sacrificado y dif\u00edcil, uno debe prepararse para muchas situaciones y siempre seguir aprendiendo cosas nuevas, de cara a afrontar nuevos papeles que surjan o situaciones que requieran un m\u00ednimo de conocimiento. En tu caso, la preparaci\u00f3n y la dedicaci\u00f3n que has tenido que hacer para formarte como Actriz y alcanzar la cima actual que posees, hasta qu\u00e9 lugares te han llevado y con qui\u00e9nes has tenido el placer de estudiar y seguir depurando las habilidades potenciales, que ya de alg\u00fan modo pose\u00edas desde tu m\u00e1s tierna infancia. Sabr\u00edas decirnos con cu\u00e1les te sentiste c\u00f3moda y en las que tuviste que esforzarte algo m\u00e1s.<\/p>\n<p style=\"text-align: justify;\">\u00a0\u00a0\u00a0\u00a0\u00a0\u00a0\u00a0\u00a0\u00a0\u00a0\u00a0\u00a0\u00a0\u00a0\u00a0 R4 &#8211; Mis profesores han sido muchos afortunadamente porque cada uno me ha dado algo que me ha ayudado a crecer. Soy partidaria de beber de varias fuentes, porque si solo te basas en un m\u00e9todo limitas tus capacidades. Lo que s\u00ed tengo claro es que para dedicarte a esto debes estudiar muchas disciplinas que a priori, no sabes si alg\u00fan d\u00eda tendr\u00e1s la oportunidad de desarrollar, pero es necesario estar preparado para cuando te llega esa oportunidad.<\/p>\n<p style=\"text-align: justify;\">\n<p style=\"text-align: justify;\">\n<p style=\"text-align: justify;\">\u00a0\u00a0\u00a0\u00a0\u00a0\u00a0\u00a0\u00a0\u00a0\u00a0\u00a0\u00a0\u00a0\u00a0\u00a0 P5- Has trabajado en muchas series y pel\u00edculas que forman parte de la vida de muchas generaciones, con algunas interpretaciones que han resultado inolvidables y formidables. Tanto como protagonista, como de secundaria o artista invitada. De todas ellas, con cu\u00e1les te has llevado mejores recuerdos y te han marcado personalmente. A mi especialmente me encantaste en <em>Canguros,<\/em> haciendo el papel de Rita.<\/p>\n<p style=\"text-align: justify;\">\u00a0\u00a0\u00a0\u00a0\u00a0\u00a0\u00a0\u00a0\u00a0\u00a0\u00a0\u00a0\u00a0\u00a0\u00a0 R5-Todos los trabajos te ense\u00f1an y te hacen conocer a gente maravillosa con la que mantienes amistad el resto de tu vida. De todas las series guardo un gran recuerdo. Y me siento afortunada por haber podido hacerlas, sobre todo en unos tiempos en los que no hab\u00eda tantas opciones como ahora.<\/p>\n<p style=\"text-align: justify;\"><a href=\"http:\/\/granadacostanacional.es\/wp-content\/uploads\/2018\/09\/24-Horas-en-la-vida-de-una-mujer-de-Stefan-Zweig-con-Silvia-Mars\u00f3-Marc-Parejo-y-V\u00edctor-Mass\u00e1n-dirigida-por-Ignacio-Garc\u00eda-1.jpg\"><img decoding=\"async\" loading=\"lazy\" class=\"aligncenter size-full wp-image-18453\" src=\"http:\/\/granadacostanacional.es\/wp-content\/uploads\/2018\/09\/24-Horas-en-la-vida-de-una-mujer-de-Stefan-Zweig-con-Silvia-Mars\u00f3-Marc-Parejo-y-V\u00edctor-Mass\u00e1n-dirigida-por-Ignacio-Garc\u00eda-1.jpg\" alt=\"24-Horas-en-la-vida-de-una-mujer-de-Stefan-Zweig-con-Silvia-Mars\u00f3-Marc-Parejo-y-V\u00edctor-Mass\u00e1n-dirigida-por-Ignacio-Garc\u00eda-1\" width=\"1280\" height=\"855\" \/><\/a><\/p>\n<p style=\"text-align: justify;\">\n<p style=\"text-align: justify;\">\u00a0\u00a0\u00a0\u00a0\u00a0\u00a0\u00a0\u00a0\u00a0\u00a0\u00a0\u00a0\u00a0\u00a0\u00a0 P6- Veo que has trabajado para muy buenos directores y te has rodeado siempre de grandes profesionales. Imagino que algo se aprende de todos ellos, y algo a su vez uno mismo logra ense\u00f1ar a los m\u00e1s experimentados. Tienes alguna an\u00e9cdota en la que se pudieran fusionar ambos instantes, donde el aprendiz tambi\u00e9n se hace maestro, de quien a su vez le est\u00e1 ense\u00f1ando.<\/p>\n<p style=\"text-align: justify;\">\u00a0\u00a0\u00a0\u00a0\u00a0\u00a0\u00a0\u00a0\u00a0\u00a0\u00a0\u00a0\u00a0\u00a0\u00a0 R6-Cuando trabaj\u00e9 en \u201cCapitalismo, hazles re\u00edr\u201d bajo la direcci\u00f3n de Andr\u00e9s Lima quise aportar mi granito de arena y el personaje que interpretaba, \u201cBomb\u00f3n\u201d, sali\u00f3 de unos talleres que hicimos con el equipo. Fue una creaci\u00f3n muy personal, compuse la letra de la canci\u00f3n y aport\u00e9 el tema, que Andr\u00e9s incorpor\u00f3 r\u00e1pidamente al espect\u00e1culo, porque cuadraba dentro de la tem\u00e1tica del montaje.<\/p>\n<p style=\"text-align: justify;\">\n<p style=\"text-align: justify;\">\u00a0\u00a0\u00a0\u00a0\u00a0\u00a0\u00a0\u00a0\u00a0\u00a0\u00a0\u00a0\u00a0\u00a0\u00a0 P7- Recuerdo que la primera vez que nos conocimos en persona, fue tras la ver en el Teatro Principal de San Sebasti\u00e1n, la obra de Tennessee Williams \u201c<em>El Zoo de cristal\u201d<\/em>, por la cual obtuviste el Premio Teatro Rojas como mejor actriz 2015. Algunos de mis lectores y de los que no lo son y podr\u00edan llegar a serlo, se suelen preguntar qu\u00e9 fue de aqu\u00e9lla guap\u00edsima y encantadora azafata del UN, DOS, TRES, Silvia Mars\u00f3. Est\u00e1 claro que no te has prodigado en el Cine o en la Televisi\u00f3n, que dan popularidad y dinero, pero si te has entregado en cuerpo y alma al Teatro, que es un mundo esc\u00e9nico m\u00e1s sacrificado, pero a su vez es inmensamente m\u00e1s enriquecedor. Podr\u00edas decirles a los que lean esta entrevista, y que en cierto modo hayan perdido la pista de tus trabajos en estos a\u00f1os, los motivos que te llevaron a preferir estar de giras representando obras teatrales, en vez de dedicarle algo m\u00e1s de tiempo a los medios audiovisuales de masas.<\/p>\n<p style=\"text-align: justify;\">R7- Quiz\u00e1s es mi af\u00e1n por aportar algo al mundo del espect\u00e1culo y\u00a0 participar del debate que proponen los grandes autores sobre las tablas. En el teatro tengo la oportunidad de interpretar textos muy buenos, con mucha enjundia y reflexi\u00f3n, los personajes tienen una profundidad que me atrapa y no es que el cine no la tenga, claro que s\u00ed, pero haber hecho Yerma, Do\u00f1a Rosita, Nora de \u201cCasa de Mu\u00f1ecas\u201d, etc, es algo que todas las actrices so\u00f1amos cuando empezamos. Y yo he tenido esa suerte. Si me hubiera volcado en la popularidad o las series quiz\u00e1s no lo hubiera logrado.<\/p>\n<p style=\"text-align: justify;\">\n<p style=\"text-align: justify;\">\n<p style=\"text-align: justify;\">P8- Seg\u00fan se puede averiguar por Wikipedia o en tu propia web www.silviamarso.com tienes un historial impresionante y varios premios, aunque el mayor reconocimiento, seguro que es, el cari\u00f1o y el calor de tu propio p\u00fablico. Ahora que est\u00e1s todav\u00eda metida en plena gira con <em>\u201c24 horas en la vida de una mujer\u201d de Stefan Zweig, <\/em>por la que espero sigas cosechando nuevos logros y \u00e9xitos fant\u00e1sticos. Debo hacerte la siguiente pregunta, si no mi gente no me permitir\u00eda dormir tranquilo. Entiendo que ahora tu mente no estar\u00e1 pensando en muchos proyectos futuros, dada la exigencia que una gira de estas dimensiones conlleva, pero tras terminar con este musical formidable, has estado d\u00e1ndole vueltas a la cabeza a algo nuevo que llevar a nuestros escenarios. Sabiendo c\u00f3mo eres de emprendedora y siempre exigi\u00e9ndote el m\u00e1ximo, estoy convencido que no nos decepcionaras ni dejaras a nadie indiferente, pero si existe alguna cosa en mente, podr\u00edas adelantarnos algo con alguna pista que no sea demasiado secreta, \u00a1claro est\u00e1!<\/p>\n<p style=\"text-align: justify;\">R8-Me gustar\u00eda hacer algo contempor\u00e1neo, hay autores que me gustan, que aportan una nueva visi\u00f3n del teatro. Tambi\u00e9n hay cl\u00e1sicos que nunca he tocado y estoy deseando: Pirandello, Ch\u00e9jov, Shakespeare, Calder\u00f3n, etc. Tambi\u00e9n me empieza a gustar la idea de dirigir, pero tengo que encontrar el momento y la obra.<\/p>\n<p style=\"text-align: justify;\">\n<p style=\"text-align: justify;\">\n<p style=\"text-align: justify;\">P9- S\u00e9 que eres una mujer muy comprometida con el medio ambiente, los animales y por los derechos de la mujer. Para mantener ese af\u00e1n de luchar en tantos frentes, con el desgaste de energ\u00eda que eso supone, de d\u00f3nde sacas la fuerza que te permite afrontar tantas batallas diarias, pues si miramos la agenda diaria del mundo en el que vivimos, necesitar\u00edamos varias vidas para soportarlas todas en plenitud de facultades. Tambi\u00e9n podr\u00edas decirnos a qu\u00e9 asociaciones y organizaciones perteneces, para mantenerte al tanto de todo lo que sucede en el planeta, pues quiz\u00e1s muchos de los que lean esta entrevista, lo querr\u00e1n saber para seguir tus pasos en la medida que puedan.<\/p>\n<p style=\"text-align: justify;\">R9-Me acabo de hacer socia de ACNUR, lo soy de Greenpeace desde hace m\u00e1s de 25 a\u00f1os y de Altarriba, El refugio, colaboro puntualmente con Voces, M\u00e9dicos sin fronteras, Unicef, San Filippo y muchas otras, pero creo que debemos estar siempre que podamos, porque nuestros perfiles en las redes los ven nuestros fans y seguidores y hay que luchar mucho a\u00fan.<\/p>\n<p style=\"text-align: justify;\">\n<p style=\"text-align: justify;\">P10- Para concluir con esta entrevista, quiero agradecerte la atenci\u00f3n prestada y el tiempo que has tenido a bien dedicar, para responder a estas preguntas. Espero no haber desvelado ning\u00fan secreto, y haber ayudado de alg\u00fan modo a difundir la gran labor que desempe\u00f1as sobre nuestros escenarios y fuera de ellos, con esa juventud siempre eterna y sonriente, que no deja de encandilar. Sin m\u00e1s, te quiero pedir un \u00faltimo favor, podr\u00edas responder a unas pocas preguntas tipo test, que nos sirvan para conocerte un poquito mejor si eso es ya posible.<\/p>\n<p style=\"text-align: justify;\">R10-Ha sido un placer participar de esta entrevista tan amena y cuidada. Espero que los lectores disfruten tanto como yo.<\/p>\n<p style=\"text-align: justify;\">PREGUNTAS TEST:<\/p>\n<p style=\"text-align: justify;\">\n<p style=\"text-align: justify;\">-\u00bfUn personaje hist\u00f3rico? Wangari Maathai, la primera mujer africana en recibir el Premio Nobel de la Paz en 2004 por &#8220;su contribuci\u00f3n al desarrollo sostenible, la democracia y la paz&#8221;.<\/p>\n<p style=\"text-align: justify;\">-\u00bfUna \u00e9poca? La actual, a pesar del da\u00f1o al medio ambiente, pero ahora hay conciencia y conocimiento al alcance de todos y hay mucho por lo que luchar.<\/p>\n<p style=\"text-align: justify;\">-\u00bfUn pintor? Klimt, Olga Andrino, Munch, Equipo cr\u00f3nica.<\/p>\n<p style=\"text-align: justify;\">-\u00bfUn escultor? Roden, Juan Mu\u00f1oz, Gerard Mas.<\/p>\n<p style=\"text-align: justify;\">-\u00bfUn escritor? Garc\u00eda M\u00e1rquez.<\/p>\n<p style=\"text-align: justify;\">-\u00bfUn poeta? Luis Garc\u00eda Montero.<\/p>\n<p style=\"text-align: justify;\">-\u00bfUn libro? \u201cEl mundo de ayer\u201d de Zweig.<\/p>\n<p style=\"text-align: justify;\">-\u00bfUna pel\u00edcula? \u201cEl esp\u00edritu de la colmena\u201d, de Erice<\/p>\n<p style=\"text-align: justify;\">-\u00bfUn director de cine, teatro o televisi\u00f3n? Camus, Saura, Amen\u00e1bar, Medem. Con ninguno he trabajado y me hubiera gustado mucho.<\/p>\n<p style=\"text-align: justify;\">-\u00bfUn actor? Eduard Fern\u00e1ndez, Luis Tosar, Felipe Ansola, Germ\u00e1n Torres.<\/p>\n<p style=\"text-align: justify;\">-\u00bfUna actriz? Julia Guti\u00e9rrez Caba, Carmen El\u00edas.<\/p>\n<p style=\"text-align: justify;\">-\u00bfUn compositor? Sergei Dreznin, Alberto Iglesias, Kusturika.<\/p>\n<p style=\"text-align: justify;\">-\u00bfUn cantante? Rosal\u00eda, Silvia P\u00e9rez Cruz, Maika Makovski.<\/p>\n<p style=\"text-align: justify;\">-\u00bfUna flor? Las violetas.<\/p>\n<p style=\"text-align: justify;\">-\u00bfUna estaci\u00f3n del a\u00f1o? Primavera.<\/p>\n<p style=\"text-align: justify;\">\u00a0-\u00bfUn lugar donde residir? Cualquier lugar que tenga mar.<\/p>\n<p style=\"text-align: justify;\">-\u00bfUn lugar que te gustar\u00eda visitar, antes de morir? La Amazonia.<\/p>\n<p style=\"text-align: justify;\">-\u00bfUn color? Azul, siempre.<\/p>\n","protected":false},"excerpt":{"rendered":"<p>Por Ricardo Campos Urbaneja. Aunque no me prodigo en el campo de las entrevistas, en esta ocasi\u00f3n me he visto&hellip;<\/p>\n","protected":false},"author":2,"featured_media":18450,"comment_status":"open","ping_status":"open","sticky":false,"template":"","format":"standard","meta":{"om_disable_all_campaigns":false,"_mi_skip_tracking":false,"_monsterinsights_sitenote_active":false,"_monsterinsights_sitenote_note":"","_monsterinsights_sitenote_category":0,"footnotes":""},"categories":[21,30],"tags":[],"aioseo_notices":[],"_links":{"self":[{"href":"https:\/\/granadacostaglobal.es\/index.php?rest_route=\/wp\/v2\/posts\/18448"}],"collection":[{"href":"https:\/\/granadacostaglobal.es\/index.php?rest_route=\/wp\/v2\/posts"}],"about":[{"href":"https:\/\/granadacostaglobal.es\/index.php?rest_route=\/wp\/v2\/types\/post"}],"author":[{"embeddable":true,"href":"https:\/\/granadacostaglobal.es\/index.php?rest_route=\/wp\/v2\/users\/2"}],"replies":[{"embeddable":true,"href":"https:\/\/granadacostaglobal.es\/index.php?rest_route=%2Fwp%2Fv2%2Fcomments&post=18448"}],"version-history":[{"count":0,"href":"https:\/\/granadacostaglobal.es\/index.php?rest_route=\/wp\/v2\/posts\/18448\/revisions"}],"wp:featuredmedia":[{"embeddable":true,"href":"https:\/\/granadacostaglobal.es\/index.php?rest_route=\/"}],"wp:attachment":[{"href":"https:\/\/granadacostaglobal.es\/index.php?rest_route=%2Fwp%2Fv2%2Fmedia&parent=18448"}],"wp:term":[{"taxonomy":"category","embeddable":true,"href":"https:\/\/granadacostaglobal.es\/index.php?rest_route=%2Fwp%2Fv2%2Fcategories&post=18448"},{"taxonomy":"post_tag","embeddable":true,"href":"https:\/\/granadacostaglobal.es\/index.php?rest_route=%2Fwp%2Fv2%2Ftags&post=18448"}],"curies":[{"name":"wp","href":"https:\/\/api.w.org\/{rel}","templated":true}]}}