{"id":18445,"date":"2018-09-14T11:55:06","date_gmt":"2018-09-14T11:55:06","guid":{"rendered":"http:\/\/granadacostanacional.es\/?p=18445"},"modified":"2018-09-14T11:55:06","modified_gmt":"2018-09-14T11:55:06","slug":"un-grupo-de-blogueros-visitara-y-disfrutara-de-la-costa-tropical","status":"publish","type":"post","link":"https:\/\/granadacostaglobal.es\/?p=18445","title":{"rendered":"Un grupo de Blogueros visitar\u00e1 y disfrutar\u00e1 de la Costa Tropical."},"content":{"rendered":"<p style=\"text-align: justify;\"><em>\u00a0La visita est\u00e1 organizada por Turismo Andaluz y la Mancomunidad de Municipios de la Costa tropical, y cuenta con la colaboraci\u00f3n de los ayuntamientos de Almu\u00f1\u00e9car, V\u00e9lez de Benaudalla, Motril y Salobre\u00f1a, as\u00ed como de numerosas empresas. <\/em><\/p>\n<p style=\"text-align: justify;\">Entre los d\u00edas 13 y 16 de septiembre un grupo de Blogueros especializados en turismo de naturaleza, deportes y gastronom\u00eda realizar\u00e1n m\u00faltiples actividades y recorridos por tierra, mar y aire, vivencias y experiencias que convertir\u00e1n en contenidos web sobre la Costa Tropical a disposici\u00f3n de\u00a0 los visitantes.<\/p>\n<p style=\"text-align: justify;\">Entre las actividades que realizar\u00e1n el grupo de blogueros, se incluyen contenidos de zonas de costa e interior de la Comarca de la Costa Tropical, en concreto Jete, La Herradura, Almu\u00f1\u00e9car, Salobre\u00f1a, Gu\u00e1jares, V\u00e9lez de Benaudalla, Calahonda, Castell de Ferro, Motril.<\/p>\n<p style=\"text-align: justify;\">Buceo, senderismo, visitas a fincas de producci\u00f3n de frutos tropicales, paseos en barco, vuelos en helic\u00f3ptero, visitas a bodegas, degustaci\u00f3n de productos de la tierra, rutas a caballo, visitas a espacios naturales y espacios culturales son parte de las actividades de las cuales los blogueros podr\u00e1n disfrutar en la Costa Tropical<\/p>\n<p style=\"text-align: justify;\">Este programa Blogtrip,\u00a0 es una acci\u00f3n\u00a0 incluida en el\u00a0 Plan Especial de Promoci\u00f3n de la Costa Tropical suscrito entre la Mancomunidad de Municipios\u00a0 y la Consejer\u00eda de Turismo de la Junta de Andaluc\u00eda para el 2018.<\/p>\n<p style=\"text-align: justify;\">Sergio Garc\u00eda Alabarce, Presidente de la Mancomunidad de Municipios de la Costa Tropical, destac\u00f3 que &#8220;desde la instituci\u00f3n mancomunada estamos haciendo un esfuerzo notable por promocionar hacia el exterior nuestra comarca como destino tur\u00edstico de primer nivel. Durante estos d\u00edas\u00a0 nos visitan un grupo de blogueros especialistas en diferentes \u00e1mbitos como gastronom\u00eda, naturaleza, buceo etc. El objetivo es que conozcan de primera mano la riqueza de la Costa Tropical y a trav\u00e9s de sus trabajos se lo proyecten a las miles de personas que les siguen&#8221;.<\/p>\n","protected":false},"excerpt":{"rendered":"<p>\u00a0La visita est\u00e1 organizada por Turismo Andaluz y la Mancomunidad de Municipios de la Costa tropical, y cuenta con la&hellip;<\/p>\n","protected":false},"author":2,"featured_media":18446,"comment_status":"open","ping_status":"open","sticky":false,"template":"","format":"standard","meta":{"om_disable_all_campaigns":false,"_mi_skip_tracking":false,"_monsterinsights_sitenote_active":false,"_monsterinsights_sitenote_note":"","_monsterinsights_sitenote_category":0,"footnotes":""},"categories":[22],"tags":[],"aioseo_notices":[],"_links":{"self":[{"href":"https:\/\/granadacostaglobal.es\/index.php?rest_route=\/wp\/v2\/posts\/18445"}],"collection":[{"href":"https:\/\/granadacostaglobal.es\/index.php?rest_route=\/wp\/v2\/posts"}],"about":[{"href":"https:\/\/granadacostaglobal.es\/index.php?rest_route=\/wp\/v2\/types\/post"}],"author":[{"embeddable":true,"href":"https:\/\/granadacostaglobal.es\/index.php?rest_route=\/wp\/v2\/users\/2"}],"replies":[{"embeddable":true,"href":"https:\/\/granadacostaglobal.es\/index.php?rest_route=%2Fwp%2Fv2%2Fcomments&post=18445"}],"version-history":[{"count":0,"href":"https:\/\/granadacostaglobal.es\/index.php?rest_route=\/wp\/v2\/posts\/18445\/revisions"}],"wp:featuredmedia":[{"embeddable":true,"href":"https:\/\/granadacostaglobal.es\/index.php?rest_route=\/"}],"wp:attachment":[{"href":"https:\/\/granadacostaglobal.es\/index.php?rest_route=%2Fwp%2Fv2%2Fmedia&parent=18445"}],"wp:term":[{"taxonomy":"category","embeddable":true,"href":"https:\/\/granadacostaglobal.es\/index.php?rest_route=%2Fwp%2Fv2%2Fcategories&post=18445"},{"taxonomy":"post_tag","embeddable":true,"href":"https:\/\/granadacostaglobal.es\/index.php?rest_route=%2Fwp%2Fv2%2Ftags&post=18445"}],"curies":[{"name":"wp","href":"https:\/\/api.w.org\/{rel}","templated":true}]}}