{"id":18421,"date":"2018-09-13T11:43:06","date_gmt":"2018-09-13T11:43:06","guid":{"rendered":"http:\/\/granadacostanacional.es\/?p=18421"},"modified":"2018-09-13T11:43:06","modified_gmt":"2018-09-13T11:43:06","slug":"amistades-y-amigos","status":"publish","type":"post","link":"https:\/\/granadacostaglobal.es\/?p=18421","title":{"rendered":"AMISTADES Y AMIGOS"},"content":{"rendered":"<p style=\"text-align: justify;\">Todos conocemos los beneficios de la amistad, el afecto y comprensi\u00f3n que une a las personas, y a los animales el instinto.<\/p>\n<p style=\"text-align: justify;\">La amistad se hace fuerte cuanto m\u00e1s tiempo dura.<\/p>\n<p style=\"text-align: justify;\">Seg\u00fan Esopo, &#8220;La discordia que divide a los amigos, es la mejor arma para los enemigos&#8221;.<\/p>\n<p style=\"text-align: justify;\">La gran estadista Indira Gandhi dijo con mucho acierto y conocimiento, &#8220;Con el pu\u00f1o cerrado no se puede intercambiar un apret\u00f3n de manos&#8221;.<\/p>\n<p style=\"text-align: justify;\">Durante el largo transcurso de mi vida, ocupado en muy diversas actividades, marino de guerra, direcci\u00f3n de empresa, monitor de actividades po\u00e9ticas y literarias de una escuela de jubilados, he sentido el placer de gozar de amigos y amistades perdurables, a lo largo del tiempo que me han sido fieles y a los que he correspondido, con verdadero afecto, como corresponde.<\/p>\n<p style=\"text-align: justify;\">Debo distinguir con la mayor claridad que mi limitada capacidad de expresi\u00f3n pueda hacerlo, que hay bastante diferencia, a mi entender entre amistades y amigos.<\/p>\n<p style=\"text-align: justify;\">&#8220;Hay amistades que te marcan y no hay raz\u00f3n muy evidente, son los amigos&#8221;, dijo Carlos Garrido, periodista y soci\u00f3logo.<\/p>\n<p style=\"text-align: justify;\">Para tener un amigo o amiga, hay que valorar los halagos y las personas que no los valoran son insociables, insatisfechas.<\/p>\n<p style=\"text-align: justify;\">Cuando tienes un amigo pr\u00f3ximo, el placer se siente renovado con frecuencia, siempre con la misma intensidad. Cuando el amigo est\u00e1 lejos, hay que aplicar la vieja sentencia, de &#8220;Vivir\u00e1s mientras te recuerden&#8221;.<\/p>\n<p style=\"text-align: justify;\">Pero para avivar la llama del recuerdo, hay que a aportar esfuerzo y medios<\/p>\n<p style=\"text-align: justify;\">No basta con que lo tengas en tu mente y en tu coraz\u00f3n. &#8220;La felicidad del recuerdo consiste en una perfecta armon\u00eda entre nuestros deseos y nuestra voluntad&#8221;, seg\u00fan el escritor Jean Bertheroy.<\/p>\n<p style=\"text-align: justify;\">Creo que a un amigo hay que dedicarle tiempo, atenci\u00f3n y saber escucharle y que generoso y comprensivo, \u00e9l te escuche.<\/p>\n<p style=\"text-align: justify;\">\u201cLa conducta humana encierra una complejidad que supera las apariencias\u201d, lo dijo con mucha raz\u00f3n Albert Camus.<\/p>\n<p style=\"text-align: justify;\">Un amigo en los albores de la vida, es la semilla de un gran afecto duradero. Si se cuida, frecuenta y mima, con muchos perdones y comprensi\u00f3n.<\/p>\n<p style=\"text-align: justify;\">Qui\u00e9n no perdona no tiene amigos. La \u00e9tica, la amistad y el afecto, no es una cuesti\u00f3n de c\u00f3digos, sino de actitud.<\/p>\n<p style=\"text-align: justify;\">El encuentro con un amigo verdadero, despu\u00e9s de larga ausencia, estimula los sentidos, alegra el coraz\u00f3n y da impulso a nuestros sentimientos.<\/p>\n<p style=\"text-align: justify;\">Rindo tributo y admiraci\u00f3n a quien conserva un amigo durante mucho tiempo, salvando circunstancias adversas y enfermedades. Pero vivir intensamente una verdadera y fiel amistad, se necesita reciprocidad de actitudes, afectos, gestos y atenciones. No puede darlo todo uno solo.<\/p>\n<p style=\"text-align: justify;\">El placer de gozar de un buen amigo supera todos los dichos y supuestos.<\/p>\n<p style=\"text-align: justify;\">Yo tengo algunos y gozo de su compa\u00f1\u00eda, setenta a\u00f1os despu\u00e9s.<\/p>\n<p style=\"text-align: justify;\">Esa amistad generosa, desinteresada, fluida, es como un viento que envuelve la tierra, se lleva una en sus girones y embestidas y crea otras de nuevas, que florecen de acuerdo al desarrollo de la vida misma.<\/p>\n<p style=\"text-align: right;\"><em><strong>Jos\u00e9 Mar\u00eda Gutierrez<\/strong><\/em><\/p>\n","protected":false},"excerpt":{"rendered":"<p>Todos conocemos los beneficios de la amistad, el afecto y comprensi\u00f3n que une a las personas, y a los animales&hellip;<\/p>\n","protected":false},"author":2,"featured_media":16325,"comment_status":"open","ping_status":"open","sticky":false,"template":"","format":"standard","meta":{"om_disable_all_campaigns":false,"_mi_skip_tracking":false,"_monsterinsights_sitenote_active":false,"_monsterinsights_sitenote_note":"","_monsterinsights_sitenote_category":0,"footnotes":""},"categories":[21],"tags":[],"aioseo_notices":[],"_links":{"self":[{"href":"https:\/\/granadacostaglobal.es\/index.php?rest_route=\/wp\/v2\/posts\/18421"}],"collection":[{"href":"https:\/\/granadacostaglobal.es\/index.php?rest_route=\/wp\/v2\/posts"}],"about":[{"href":"https:\/\/granadacostaglobal.es\/index.php?rest_route=\/wp\/v2\/types\/post"}],"author":[{"embeddable":true,"href":"https:\/\/granadacostaglobal.es\/index.php?rest_route=\/wp\/v2\/users\/2"}],"replies":[{"embeddable":true,"href":"https:\/\/granadacostaglobal.es\/index.php?rest_route=%2Fwp%2Fv2%2Fcomments&post=18421"}],"version-history":[{"count":0,"href":"https:\/\/granadacostaglobal.es\/index.php?rest_route=\/wp\/v2\/posts\/18421\/revisions"}],"wp:featuredmedia":[{"embeddable":true,"href":"https:\/\/granadacostaglobal.es\/index.php?rest_route=\/"}],"wp:attachment":[{"href":"https:\/\/granadacostaglobal.es\/index.php?rest_route=%2Fwp%2Fv2%2Fmedia&parent=18421"}],"wp:term":[{"taxonomy":"category","embeddable":true,"href":"https:\/\/granadacostaglobal.es\/index.php?rest_route=%2Fwp%2Fv2%2Fcategories&post=18421"},{"taxonomy":"post_tag","embeddable":true,"href":"https:\/\/granadacostaglobal.es\/index.php?rest_route=%2Fwp%2Fv2%2Ftags&post=18421"}],"curies":[{"name":"wp","href":"https:\/\/api.w.org\/{rel}","templated":true}]}}