{"id":18381,"date":"2018-09-10T07:37:44","date_gmt":"2018-09-10T07:37:44","guid":{"rendered":"http:\/\/granadacostanacional.es\/?p=18381"},"modified":"2018-09-10T07:37:44","modified_gmt":"2018-09-10T07:37:44","slug":"festival-misionero-de-velez-de-benaudalla","status":"publish","type":"post","link":"https:\/\/granadacostaglobal.es\/?p=18381","title":{"rendered":"Festival Misionero de V\u00e9lez de Benaudalla"},"content":{"rendered":"<p style=\"text-align: justify;\">V\u00e9lez de Benaudalla. es un pueblo para vivir la vida y ser feliz: por sus gentes, sencillas, su clima s\u00e9 mi tropical y sus frutos tropicales, por su riqueza en manantiales de agua, por su r\u00edo Guadalfeo que fertiliza los campos de su ribera, por sus bonitas fiestas populares, como la fiesta mayor del trece de Junio dedicada a su patr\u00f3n San Antonio, la fiesta de moros y cristianos en la que hoy las mujeres la embellecen con su colaboraci\u00f3n, la romer\u00eda de Santa Ana con sus carretas y caballos, la solidaria fiesta de la Expo Nazar\u00ed, los conciertos musicales de su banda de m\u00fasica en el marco incomparable del Jard\u00edn Nazar\u00ed, en el que se celebran a lo largo de todo el verano\u00a0 muchas actuaciones de grupos rocieros, recitales de poes\u00eda y obras de teatro y como fiesta especial para m\u00ed,\u00a0 el Festival Misionero, en el que cada a\u00f1o las vele\u00f1as y vele\u00f1os demuestran su gran generosidad para con los m\u00e1s desamparados.<\/p>\n<p style=\"text-align: justify;\">\n<p style=\"text-align: justify;\">El Festival Misionero de V\u00e9lez de Benaudalla, este d\u00eda 4 de Agosto de 2018, a cumplido 25 a\u00f1os plenos de Solidaridad y de ayuda a los m\u00e1s pobres,<\/p>\n<p style=\"text-align: justify;\">En el a\u00f1o 1990, Francisco Bautista Rodr\u00edguez, un vele\u00f1o de pro, con veinte a\u00f1os de edad, decide poner su vida al servicio de los m\u00e1s necesitados, se hace misionero y miembro de la sociedad de misiones africanas y marcha a Ben\u00edn, un pa\u00eds humilde de \u00c1frica occidental.<\/p>\n<p style=\"text-align: justify;\">Durante dos a\u00f1os Francisco comparte con los nativos de Ben\u00edn, trabajo, miseria, y fatigas, pero a pesar de notar en su cuerpo ese cambio tan brusco, se siente feliz porque ve en la mirada de sus gentes la alegr\u00eda, el agradecimiento y las ganas de superaci\u00f3n.<\/p>\n<p style=\"text-align: justify;\">Debido a las fiebres agudas de la malaria, Francisco regresa a V\u00e9lez y en esos d\u00edas de convalecencia nos relata y nos ense\u00f1a en videos y fotos las penurias y necesidades de aquellos seres tan ricos en conformidad y potencial humano pero inmensamente pobres en todo lo dem\u00e1s.<\/p>\n<p style=\"text-align: justify;\">\n<p style=\"text-align: justify;\"><a href=\"http:\/\/granadacostanacional.es\/wp-content\/uploads\/2018\/09\/IMG-20180814-WA0004.jpg\"><img decoding=\"async\" loading=\"lazy\" class=\"aligncenter size-full wp-image-18383\" src=\"http:\/\/granadacostanacional.es\/wp-content\/uploads\/2018\/09\/IMG-20180814-WA0004.jpg\" alt=\"IMG-20180814-WA0004\" width=\"1575\" height=\"936\" \/><\/a><\/p>\n<p style=\"text-align: justify;\">\n<p style=\"text-align: justify;\">Antes de volver a \u00c1frica Francisco y un grupo de amigos forman una plataforma de organizaci\u00f3n para crear un festival pro africano, en el que yo fu\u00ed muy feliz el tiempo que colabor\u00e9 en \u00e9l. Un festival en el que hoy participan todas las vele\u00f1as y vele\u00f1os, con la colaboraci\u00f3n del ayuntamiento y entidades.<\/p>\n<p style=\"text-align: justify;\">El festival desde su fundaci\u00f3n en el 1993, ha sido todo un \u00e9xito tanto en participaci\u00f3n como en recaudaci\u00f3n. Recaudaci\u00f3n que Francisco lleva de primera mano a su destino. En este festival se manifiesta el valor art\u00edstico y humano que tiene el pueblo de V\u00e9lez. Es un gozo ver la cara de satisfacci\u00f3n de padres y abuelos cuando sus hijos y nietos suben al escenario.<\/p>\n<p style=\"text-align: justify;\">Esa noche la inmensa mayor\u00eda de los vele\u00f1os se siente felices porque tiene un compromiso con el pueblo africano, unos como artistas, otros como\u00a0 camareros en la barra donde se ofrecen los t\u00edpicos platos de tapas que confeccionan como regalo las vecinas cada una a su gusto y estilo. El resto de la gente colabora con el donativo que buenamente puede.<\/p>\n<p style=\"text-align: justify;\">Los vele\u00f1os hoy se sienten orgullosos por el trabajo humanitario realizado.<\/p>\n<p style=\"text-align: justify;\">En estos 25 a\u00f1os all\u00ed donde llega esa recaudaci\u00f3n se han puesto en funcionamiento diez\u00a0 pozos de agua, dos embalses, un centro de formaci\u00f3n, un dispensario m\u00e9dico para atender a los que pueden, ya que son muchos los que mueren por desnutrici\u00f3n, falta de higiene y alimentos.<\/p>\n<p style=\"text-align: justify;\">Sabemos muy bien que este trabajo solidario, no es la soluci\u00f3n al problema del hambre y el desamparo, pero s\u00ed el alivio de seres humanos que no tienen nada, que les falta todo.<\/p>\n<p style=\"text-align: justify;\">Todo cuanto hacen los vele\u00f1os esa noche es hermoso porque adem\u00e1s de disfrutar de una fiesta popular, les queda la satisfacci\u00f3n de haber sido part\u00edcipe de una buena causa.<\/p>\n<p style=\"text-align: justify;\">Este festival puede ser el baremo de nuestro sentir como personas de bien.<\/p>\n<p style=\"text-align: justify;\">\n<p style=\"text-align: justify;\">Amigas y amigos vele\u00f1os,\u00a0 que este festival siga siendo MAGICO para todos.<\/p>\n<p style=\"text-align: justify;\">Surquemos los mares con la imaginaci\u00f3n y con amor llevemos una sonrisa,<\/p>\n<p style=\"text-align: justify;\">all\u00ed donde solo hay tristeza.<\/p>\n<p style=\"text-align: justify;\">Si te pide el coraz\u00f3n ayuda para tu hermano, entender\u00e1s la raz\u00f3n del por qu\u00e9 somos humanos. El sol sale para todos y muchos no ven la luz.<\/p>\n<p style=\"text-align: justify;\">Aliviemos un poquito el peso de tanta cruz.<\/p>\n<p style=\"text-align: justify;\">\n<p style=\"text-align: right;\"><strong><em>Antonio Gutierrez Moreno<\/em><\/strong><\/p>\n","protected":false},"excerpt":{"rendered":"<p>V\u00e9lez de Benaudalla. es un pueblo para vivir la vida y ser feliz: por sus gentes, sencillas, su clima s\u00e9&hellip;<\/p>\n","protected":false},"author":2,"featured_media":18382,"comment_status":"open","ping_status":"open","sticky":false,"template":"","format":"standard","meta":{"om_disable_all_campaigns":false,"_mi_skip_tracking":false,"_monsterinsights_sitenote_active":false,"_monsterinsights_sitenote_note":"","_monsterinsights_sitenote_category":0,"footnotes":""},"categories":[21,30],"tags":[],"aioseo_notices":[],"_links":{"self":[{"href":"https:\/\/granadacostaglobal.es\/index.php?rest_route=\/wp\/v2\/posts\/18381"}],"collection":[{"href":"https:\/\/granadacostaglobal.es\/index.php?rest_route=\/wp\/v2\/posts"}],"about":[{"href":"https:\/\/granadacostaglobal.es\/index.php?rest_route=\/wp\/v2\/types\/post"}],"author":[{"embeddable":true,"href":"https:\/\/granadacostaglobal.es\/index.php?rest_route=\/wp\/v2\/users\/2"}],"replies":[{"embeddable":true,"href":"https:\/\/granadacostaglobal.es\/index.php?rest_route=%2Fwp%2Fv2%2Fcomments&post=18381"}],"version-history":[{"count":0,"href":"https:\/\/granadacostaglobal.es\/index.php?rest_route=\/wp\/v2\/posts\/18381\/revisions"}],"wp:featuredmedia":[{"embeddable":true,"href":"https:\/\/granadacostaglobal.es\/index.php?rest_route=\/"}],"wp:attachment":[{"href":"https:\/\/granadacostaglobal.es\/index.php?rest_route=%2Fwp%2Fv2%2Fmedia&parent=18381"}],"wp:term":[{"taxonomy":"category","embeddable":true,"href":"https:\/\/granadacostaglobal.es\/index.php?rest_route=%2Fwp%2Fv2%2Fcategories&post=18381"},{"taxonomy":"post_tag","embeddable":true,"href":"https:\/\/granadacostaglobal.es\/index.php?rest_route=%2Fwp%2Fv2%2Ftags&post=18381"}],"curies":[{"name":"wp","href":"https:\/\/api.w.org\/{rel}","templated":true}]}}