{"id":18298,"date":"2018-08-22T10:33:09","date_gmt":"2018-08-22T10:33:09","guid":{"rendered":"http:\/\/granadacostanacional.es\/?p=18298"},"modified":"2018-08-22T10:33:09","modified_gmt":"2018-08-22T10:33:09","slug":"quien-defiende-la-constitucion-y-la-unidad-de-espana","status":"publish","type":"post","link":"https:\/\/granadacostaglobal.es\/?p=18298","title":{"rendered":"\u00bfQUI\u00c9N  DEFIENDE  LA  CONSTITUCI\u00d3N  Y  LA  UNIDAD  DE ESPA\u00d1A?"},"content":{"rendered":"<p style=\"text-align: justify;\">\u00a0\u00a0\u00a0\u00a0\u00a0\u00a0\u00a0\u00a0 <em>Toda potencia es d\u00e9bil si no se mantiene unida<\/em>. (La Fontaine)<\/p>\n<p style=\"text-align: justify;\"><em>\u00a0 <\/em>\u00a0\u00a0\u00a0\u00a0\u00a0\u00a0\u00a0\u00a0\u00a0 La base sobre la \u00a0que gira la estabilidad de cualquier pa\u00eds es el <strong>cumplimento de la Ley.<\/strong>\u00a0 Por tanto, <strong>la democracia<\/strong>, <strong>las libertades<\/strong> y su grandeza <strong>se centran en el cumplimiento\u00a0 de su Constituci\u00f3n<\/strong>. En Espa\u00f1a la Constituci\u00f3n de 1978 que trajo la reconciliaci\u00f3n a los espa\u00f1oles, comenzando una nueva etapa de estabilidad y progreso, a ra\u00edz de la matanza del 11-M del a\u00f1o 2004, la pol\u00edtica del\u00a0 ruinoso y extraviado Sr. Zapatero, da comienzo a su liquidaci\u00f3n con las alianzas con terroristas y separatistas con la tibieza o nula oposici\u00f3n del Sr. Rajoy. Y todo como \u201csoluci\u00f3n pol\u00edtica\u201d, \u201ccomo raz\u00f3n de Estado\u201d. As\u00ed lo justificaron el gobierno y la oposici\u00f3n. A estos les recomendamos las palabras de Calder\u00f3n de la Barca:<\/p>\n<p style=\"text-align: justify;\">\u00a0\u00a0\u00a0\u00a0\u00a0\u00a0\u00a0\u00a0\u00a0\u00a0\u00a0 \u00a1Oh, raz\u00f3n de estado necia!<\/p>\n<p style=\"text-align: justify;\">\u00a0\u00a0\u00a0\u00a0\u00a0\u00a0\u00a0\u00a0\u00a0\u00a0\u00a0 \u00bfQu\u00e9 no har\u00e1s, d\u00ed si hacer sabes<\/p>\n<p style=\"text-align: justify;\">\u00a0\u00a0\u00a0\u00a0\u00a0\u00a0\u00a0\u00a0\u00a0\u00a0\u00a0 del delito conveniencia?<\/p>\n<p style=\"text-align: justify;\">\u00a0\u00a0\u00a0\u00a0\u00a0\u00a0\u00a0\u00a0\u00a0\u00a0\u00a0 \u00a0Despu\u00e9s en los siete a\u00f1os de gobierno del Sr. Rajoy se ha seguido haciendo la misma pol\u00edtica con las mismas ilegalidades, incumplimiento de las leyes, y los separatismos y la inestabilidad han ido en peligroso crecimiento. Ahora con el Sr. S\u00e1nchez\u00a0 instalado en el gobierno con el apoyo de comunistas, separatistas y terroristas (aqu\u00ed se ve que el asesinato puede ser un medio de hacer pol\u00edtica) vamos a ver si se cumplen las leyes.<\/p>\n<p style=\"text-align: justify;\">\u00a0\u00a0\u00a0\u00a0\u00a0\u00a0\u00a0\u00a0\u00a0\u00a0\u00a0 Hemos visto muchas veces en televisi\u00f3n quemar la bandera nacional y el retrato del Jefe del Estado, abuchear el Himno Nacional ante la indiferencia de los ciudadanos y de los poderes nacionales. Incluso su Se\u00f1or\u00eda Pablo Iglesias dijo sobre el Himno Nacional:\u201dcutre Pachanga fachosa\u201d y sobre la Bandera:\u201dYo no puedo usar la bandera rojigualda, no puedo decir la palabra Espa\u00f1a, puedo decir que soy un patriota de la democracia\u201d. \u00bfEs esta clase de democracia la que tenemos en la Espa\u00f1a de hoy?\u00a0 Qu\u00e9 lejos quedan estas palabras de aquellas tan nobles y patri\u00f3ticas del General Prim, espa\u00f1ol y catal\u00e1n en la batalla de los Castillejos:\u201d\u00a1Soldados!: Pod\u00e9is abandonar esas mochilas, porque son vuestras; pero no pod\u00e9is abandonar esta Bandera, porque es la Patria\u201d. Y m\u00e1s reciente otro militar, Juan Arencibia en su libro \u201cLos valores morales y las Fuerzas Armadas\u201d dice:\u201dCuando se comete un ultraje a la Bandera Nacional, se ultraja la historia, el sentir profundo, la tradici\u00f3n y la gloria de un pueblo milenario. Ning\u00fan espa\u00f1ol con honor puede permitir que en su presencia se ultraje el s\u00edmbolo que representa a su Patria\u201d.<\/p>\n<p style=\"text-align: justify;\">\u00a0\u00a0\u00a0\u00a0\u00a0\u00a0\u00a0\u00a0\u00a0\u00a0\u00a0 Ante todas estas cosas nos preguntamos: \u00bf<strong>Es que el honor en Espa\u00f1a ha perdido su valor? \u00a0\u00bfTan degeneradas est\u00e1n las instituciones que no quieren ver ni actuar?<\/strong> Los insultos a los s\u00edmbolos nacionales se siguen produciendo, \u00a0el separatismo catal\u00e1n est\u00e1 a punto de la cat\u00e1strofe, \u00a0los enfrentamientos entre unos\u00a0 catalanes contra otros se hacen incluso con violencia f\u00edsica, se siguen incumpliendo las leyes y la ruptura de la unidad de Espa\u00f1a est\u00e1 cada vez m\u00e1s cerca y prueba evidente fue el mensaje del Jefe del Estado su Majestad el Rey Felipe VI el 3 de octubre el pasado a\u00f1o. De aquellos d\u00edas al de hoy\u00a0 las cosas han empeorado, y ante este panorama creciente preguntamos <strong>\u00bfQui\u00e9n defiende\u00a0 la CONSTITUCI\u00d3N\u00a0 y LA UNIDAD DE ESPA\u00d1A? <\/strong>\u00a0Vayamos a la Constituci\u00f3n: <strong>T\u00edtulo Preliminar, art\u00edculo 8\u00ba-1. Las Fuerzas Armadas, constituidas por el Ej\u00e9rcito de Tierra, la Armada y el Ej\u00e9rcito del Aire tienen como misi\u00f3n garantizar la soberan\u00eda e independencia de Espa\u00f1a, defender su integridad territorial y el ordenamiento constitucional\u201d.<\/strong><\/p>\n<p style=\"text-align: justify;\">\u00a0\u00a0\u00a0\u00a0\u00a0\u00a0\u00a0\u00a0\u00a0\u00a0\u00a0 Una enorme responsabilidad para esta instituci\u00f3n sobre la que descansa la seguridad nacional y por tanto obedece al inter\u00e9s y las ordenes de la naci\u00f3n. Pero cuando la seguridad de la naci\u00f3n est\u00e1 amenazada y en gran peligro y la naci\u00f3n, es decir, los poderes nacionales no lo ven, o no quieren verlo y el Ej\u00e9rcito como instituci\u00f3n lo ve, \u00bfQui\u00e9n da las \u00f3rdenes?<\/p>\n<p style=\"text-align: justify;\">\u00a0\u00a0\u00a0\u00a0\u00a0\u00a0\u00a0\u00a0\u00a0\u00a0\u00a0 Afortunadamente, el ej\u00e9rcito espa\u00f1ol es una\u00a0 de las instituciones mejor valoradas, tanto dentro como fuera de Espa\u00f1a. \u201cPor sus obras los conocer\u00e9is\u201d reza la frase evang\u00e9lica. Los militares espa\u00f1oles muestran a diario su val\u00eda y sus grandes virtudes y as\u00ed es reconocido.<\/p>\n<p style=\"text-align: justify;\">\u00a0\u00a0\u00a0\u00a0\u00a0\u00a0\u00a0\u00a0\u00a0\u00a0\u00a0 La autoridad y la fuerza del Ej\u00e9rcito le vienen dadas porque se fundamenta y se rige por los valores morales tales como la disciplina, la obediencia, el honor, la lealtad, el valor\u2026 en fin todas esas cualidades que antes se le llamaban virtudes y ahora se designan con el nombre de valores. \u00bfQu\u00e9 otra instituci\u00f3n cuenta con ese conjunto de ingredientes? Contra los antimilitaristas necios o ciegos o por intereses varios que despotrican del Ej\u00e9rcito como fuerza bruta, le sale al paso Ortega y Gasset con esta afirmaci\u00f3n:\u201d La fuerza de las armas no es fuerza bruta, sino fuerza espiritual\u201d. (\u2026) en la colectividad guerrera quedan los hombres solidarizados por el honor y la fidelidad, dos normas sublimes\u201d.<\/p>\n<p style=\"text-align: justify;\">\u00a0\u00a0\u00a0\u00a0\u00a0\u00a0\u00a0\u00a0\u00a0\u00a0\u00a0 En muchos pa\u00edses la presencia de esa fuerza constituye un factor valioso de libertad y de estabilidad, sin necesidad de \u201camenazar ni dar\u201d. Pero en un panorama como el actual en que la Constituci\u00f3n est\u00e1 en peligro y tambi\u00e9n la unidad de Espa\u00f1a con una sociedad desorientada,\u00a0 confundida, y los poderes nacionales encontrados, \u00bfQu\u00e9 hacer?<\/p>\n<p style=\"text-align: justify;\">\u00a0El escritor espa\u00f1ol de prestigio universal Salvador de Madariaga que en 1921 ocup\u00f3 la Secretar\u00eda de la Sociedad de las Naciones, encargado de la Direcci\u00f3n del Desarme, este tema lo ten\u00eda bien claro. Era partidario de la intervenci\u00f3n militar en determinados casos. \u00bfCu\u00e1ndo? Pues seguramente en casos como el actual en el que no se cumplen la Constituci\u00f3n, las leyes y la unidad de Espa\u00f1a a punto de romperse por el vac\u00edo de poder\u00a0 de las instituciones y por la lamentable incompetencia e inacci\u00f3n e los gobiernos. Autoridad y unidad o anarqu\u00eda. Prevenir mejor que curar. Para construir un pa\u00eds se necesitan muchas personas\u00a0 y mucho tiempo; para destruirlo una sola persona y poco tiempo.\u00a0\u00a0 Tenemos que decir con pena, tristeza y rabia que Espa\u00f1a va hacia el desastre por carecer de gobernantes selectos. Y sobre el Ej\u00e9rcito\u00a0 de nuevo Calder\u00f3n de la Barca:<\/p>\n<p style=\"text-align: justify;\">\u00a0\u00a0\u00a0\u00a0\u00a0\u00a0\u00a0\u00a0\u00a0\u00a0\u00a0 \u201cAqu\u00ed la m\u00e1s principal<\/p>\n<p style=\"text-align: justify;\">\u00a0\u00a0\u00a0\u00a0\u00a0\u00a0\u00a0\u00a0\u00a0\u00a0\u00a0 haza\u00f1a es obedecer<\/p>\n<p style=\"text-align: justify;\">\u00a0\u00a0\u00a0\u00a0\u00a0\u00a0\u00a0\u00a0\u00a0\u00a0\u00a0 \u2026\u2026\u2026\u2026\u2026\u2026\u2026\u2026\u2026\u2026\u2026.<\/p>\n<p style=\"text-align: justify;\">\u00a0\u00a0\u00a0\u00a0\u00a0\u00a0\u00a0\u00a0\u00a0\u00a0\u00a0 Que en buena o mala fortuna,<\/p>\n<p style=\"text-align: justify;\">\u00a0\u00a0\u00a0\u00a0\u00a0\u00a0\u00a0\u00a0\u00a0\u00a0\u00a0 la milicia no es m\u00e1s que una<\/p>\n<p style=\"text-align: justify;\">\u00a0\u00a0\u00a0\u00a0\u00a0\u00a0\u00a0\u00a0\u00a0\u00a0\u00a0 religi\u00f3n de hombres honrados\u201d.<\/p>\n<p style=\"text-align: justify;\">\n<p style=\"text-align: justify;\">\u00a0\u00a0\u00a0\u00a0\u00a0\u00a0\u00a0\u00a0\u00a0\u00a0\u00a0\u00a0\u00a0\u00a0\u00a0\u00a0\u00a0\u00a0\u00a0\u00a0\u00a0\u00a0\u00a0 Rogelio\u00a0 Bustos<\/p>\n<p style=\"text-align: justify;\">Granada\u00a0 22\u00a0de agosto de 2018<\/p>\n","protected":false},"excerpt":{"rendered":"<p>\u00a0\u00a0\u00a0\u00a0\u00a0\u00a0\u00a0\u00a0 Toda potencia es d\u00e9bil si no se mantiene unida. (La Fontaine) \u00a0 \u00a0\u00a0\u00a0\u00a0\u00a0\u00a0\u00a0\u00a0\u00a0 La base sobre la \u00a0que gira&hellip;<\/p>\n","protected":false},"author":2,"featured_media":16441,"comment_status":"open","ping_status":"open","sticky":false,"template":"","format":"standard","meta":{"om_disable_all_campaigns":false,"_mi_skip_tracking":false,"_monsterinsights_sitenote_active":false,"_monsterinsights_sitenote_note":"","_monsterinsights_sitenote_category":0,"footnotes":""},"categories":[21],"tags":[],"aioseo_notices":[],"_links":{"self":[{"href":"https:\/\/granadacostaglobal.es\/index.php?rest_route=\/wp\/v2\/posts\/18298"}],"collection":[{"href":"https:\/\/granadacostaglobal.es\/index.php?rest_route=\/wp\/v2\/posts"}],"about":[{"href":"https:\/\/granadacostaglobal.es\/index.php?rest_route=\/wp\/v2\/types\/post"}],"author":[{"embeddable":true,"href":"https:\/\/granadacostaglobal.es\/index.php?rest_route=\/wp\/v2\/users\/2"}],"replies":[{"embeddable":true,"href":"https:\/\/granadacostaglobal.es\/index.php?rest_route=%2Fwp%2Fv2%2Fcomments&post=18298"}],"version-history":[{"count":0,"href":"https:\/\/granadacostaglobal.es\/index.php?rest_route=\/wp\/v2\/posts\/18298\/revisions"}],"wp:featuredmedia":[{"embeddable":true,"href":"https:\/\/granadacostaglobal.es\/index.php?rest_route=\/"}],"wp:attachment":[{"href":"https:\/\/granadacostaglobal.es\/index.php?rest_route=%2Fwp%2Fv2%2Fmedia&parent=18298"}],"wp:term":[{"taxonomy":"category","embeddable":true,"href":"https:\/\/granadacostaglobal.es\/index.php?rest_route=%2Fwp%2Fv2%2Fcategories&post=18298"},{"taxonomy":"post_tag","embeddable":true,"href":"https:\/\/granadacostaglobal.es\/index.php?rest_route=%2Fwp%2Fv2%2Ftags&post=18298"}],"curies":[{"name":"wp","href":"https:\/\/api.w.org\/{rel}","templated":true}]}}