{"id":18259,"date":"2018-08-03T12:01:08","date_gmt":"2018-08-03T12:01:08","guid":{"rendered":"http:\/\/granadacostanacional.es\/?p=18259"},"modified":"2018-08-03T12:01:08","modified_gmt":"2018-08-03T12:01:08","slug":"nuevos-cursos-on-line-de-guadalinfo-sobre-profesiones-digitales-marketing-y-ciberseguridad","status":"publish","type":"post","link":"https:\/\/granadacostaglobal.es\/?p=18259","title":{"rendered":"Nuevos cursos on line de Guadalinfo sobre profesiones digitales: marketing  y ciberseguridad"},"content":{"rendered":"<ul>\n<li style=\"text-align: justify;\"><strong>Plazo de matriculaci\u00f3n abierto hasta el pr\u00f3ximo 18 de septiembre para ambas convocatorias<\/strong><\/li>\n<\/ul>\n<p style=\"text-align: justify;\"><strong>\u00a0<\/strong><\/p>\n<p style=\"text-align: justify;\">Andaluc\u00eda, 3 de agosto de 2018. El Consorcio Fernando de los R\u00edos (entidad que gestiona Guadalinfo por encargo de las 8 diputaciones provinciales y la Junta de Andaluc\u00eda) ofrece a personas desempleadas la posibilidad de mejorar su formaci\u00f3n en profesiones digitales. El programa (de formato gratuito y on line) abre dos nuevas convocatorias para los cursos\u00a0<strong>\u201cMarketing on line\u201d\u00a0 y &#8220;Responsable en ciberseguridad&#8221;<\/strong>, <strong>cuyo\u00a0plazo de inscripci\u00f3n\u00a0<\/strong>permanecer\u00e1<strong>\u00a0abierto hasta el pr\u00f3ximo 18 de septiembre. <\/strong>Se trata de\u00a0 dos acciones formativas <strong>destinadas prioritariamente a personas inscritas como demandantes de empleo<\/strong> y con titulaci\u00f3n media o superior que sean usuarios\/as de la red Guadalinfo (para lo cual solo hay que registrarse en los siguiente enlaces):<\/p>\n<p style=\"text-align: justify;\">&#8211; <strong>Marketing on line<\/strong>: <a href=\"http:\/\/bit.ly\/2uBk1TT-mkonline\">http:\/\/bit.ly\/2uBk1TT-mkonline<\/a><\/p>\n<p style=\"text-align: justify;\"><strong>Comenzar\u00e1 el 19 de septiembre y se compone de seis bloques formativos distribuidos en 60 horas<\/strong> que formar\u00e1n al alumno en las principales tendencias y en el uso de las herramientas necesarias para el desarrollo de un plan de marketing online.<\/p>\n<p style=\"text-align: justify;\"><a href=\"http:\/\/granadacostanacional.es\/wp-content\/uploads\/2018\/08\/profesiones-digitales-np2.jpg\"><img decoding=\"async\" loading=\"lazy\" class=\"aligncenter size-full wp-image-18260\" src=\"http:\/\/granadacostanacional.es\/wp-content\/uploads\/2018\/08\/profesiones-digitales-np2.jpg\" alt=\"profesiones-digitales-np2\" width=\"933\" height=\"562\" \/><\/a><\/p>\n<p style=\"text-align: justify;\">&#8211; <strong>Responsable ciberseguridad<\/strong>: <a href=\"http:\/\/bit.ly\/2Lsa84i-ciberseguridad\">http:\/\/bit.ly\/2Lsa84i-ciberseguridad<\/a><\/p>\n<p style=\"text-align: justify;\"><strong>Comenzar\u00e1 el 19 de septiembre y se compone de cuatro bloques formativos distribuidos en 75 horas<\/strong> que formar\u00e1n al alumno para ser\u00a0capaz de planear, coordinar y administrar todos los procesos de seguridad inform\u00e1tica de una organizaci\u00f3n como responsable de ciberseguridad online.<\/p>\n","protected":false},"excerpt":{"rendered":"<p>Plazo de matriculaci\u00f3n abierto hasta el pr\u00f3ximo 18 de septiembre para ambas convocatorias \u00a0 Andaluc\u00eda, 3 de agosto de 2018.&hellip;<\/p>\n","protected":false},"author":2,"featured_media":18261,"comment_status":"open","ping_status":"open","sticky":false,"template":"","format":"standard","meta":{"om_disable_all_campaigns":false,"_mi_skip_tracking":false,"_monsterinsights_sitenote_active":false,"_monsterinsights_sitenote_note":"","_monsterinsights_sitenote_category":0,"footnotes":""},"categories":[22],"tags":[],"aioseo_notices":[],"_links":{"self":[{"href":"https:\/\/granadacostaglobal.es\/index.php?rest_route=\/wp\/v2\/posts\/18259"}],"collection":[{"href":"https:\/\/granadacostaglobal.es\/index.php?rest_route=\/wp\/v2\/posts"}],"about":[{"href":"https:\/\/granadacostaglobal.es\/index.php?rest_route=\/wp\/v2\/types\/post"}],"author":[{"embeddable":true,"href":"https:\/\/granadacostaglobal.es\/index.php?rest_route=\/wp\/v2\/users\/2"}],"replies":[{"embeddable":true,"href":"https:\/\/granadacostaglobal.es\/index.php?rest_route=%2Fwp%2Fv2%2Fcomments&post=18259"}],"version-history":[{"count":0,"href":"https:\/\/granadacostaglobal.es\/index.php?rest_route=\/wp\/v2\/posts\/18259\/revisions"}],"wp:featuredmedia":[{"embeddable":true,"href":"https:\/\/granadacostaglobal.es\/index.php?rest_route=\/"}],"wp:attachment":[{"href":"https:\/\/granadacostaglobal.es\/index.php?rest_route=%2Fwp%2Fv2%2Fmedia&parent=18259"}],"wp:term":[{"taxonomy":"category","embeddable":true,"href":"https:\/\/granadacostaglobal.es\/index.php?rest_route=%2Fwp%2Fv2%2Fcategories&post=18259"},{"taxonomy":"post_tag","embeddable":true,"href":"https:\/\/granadacostaglobal.es\/index.php?rest_route=%2Fwp%2Fv2%2Ftags&post=18259"}],"curies":[{"name":"wp","href":"https:\/\/api.w.org\/{rel}","templated":true}]}}