{"id":18240,"date":"2018-07-25T16:35:19","date_gmt":"2018-07-25T16:35:19","guid":{"rendered":"http:\/\/granadacostanacional.es\/?p=18240"},"modified":"2018-07-25T16:35:19","modified_gmt":"2018-07-25T16:35:19","slug":"jaime-mayor-oreja-pregonero-de-las-fiestas-patronales-de-molvizar-2018","status":"publish","type":"post","link":"https:\/\/granadacostaglobal.es\/?p=18240","title":{"rendered":"Jaime Mayor Oreja Pregonero de las Fiestas patronales de Molv\u00edzar 2018"},"content":{"rendered":"<h2 style=\"text-align: justify;\">Jaime Mayor Oreja Pregonero de las Fiestas patronales en honor a Santa Ana de Molv\u00edzar 2018<\/h2>\n<p style=\"text-align: justify;\"><a href=\"http:\/\/granadacostanacional.es\/wp-content\/uploads\/2018\/07\/IMG_0992.jpg\"><img decoding=\"async\" loading=\"lazy\" class=\"aligncenter size-large wp-image-18242\" src=\"http:\/\/granadacostanacional.es\/wp-content\/uploads\/2018\/07\/IMG_0992-1024x429.jpg\" alt=\"IMG_0992\" width=\"1024\" height=\"429\" \/><\/a><\/p>\n<p style=\"text-align: center;\"><em>La corporaci\u00f3n municipal molvice\u00f1a junto a la corte de honor y D. Jaime Mayor Oreja<\/em><\/p>\n<p style=\"text-align: justify;\"><a href=\"http:\/\/granadacostanacional.es\/wp-content\/uploads\/2018\/07\/IMG_0951.jpg\"><img decoding=\"async\" loading=\"lazy\" class=\"aligncenter size-large wp-image-18243\" src=\"http:\/\/granadacostanacional.es\/wp-content\/uploads\/2018\/07\/IMG_0951-1024x683.jpg\" alt=\"IMG_0951\" width=\"1024\" height=\"683\" \/><\/a><\/p>\n<p style=\"text-align: center;\"><em>D. Ferm\u00edn Garc\u00eda Puentedura, D. Jos\u00e9 Segura Haro y D. Jaime Mayor Oreja<\/em><\/p>\n<p style=\"text-align: justify;\">Jaime Mayor Oreja visita la ciudad de Molv\u00edzar por segunda vez. La primera en un acto de partido en el a\u00f1o 1993, y esta segunda con motivo de las fiestas patronales de Molv\u00edzar para ejercer el papel de pregonero. Mayor Oreja ha demostrado siempre ser un hombre comprometido con la Naci\u00f3n espa\u00f1ola y conocedor de la gran cantidad de personas de Molv\u00edzar que se integran en las fuerzas nacionales de seguridad. por tal motivo, centr\u00f3 su discurso elogiando a estos molvice\u00f1os que dedican su vida a servir a su Naci\u00f3n.<br \/>\nBreve pincelada de Don Jaime Mayor Oreja (San Sebasti\u00e1n, 12 de julio de 1951): es un pol\u00edtico espa\u00f1ol. Ha sido diputado en el Congreso, ministro de Interior, candidato a lehendakari y eurodiputado por el Partido Popular desde 2004 hasta 2014, entre otros cargos. Es presidente de la Fundaci\u00f3n Europea One of us y de la Fundaci\u00f3n Valores y Sociedad. Ha sido Vicepresidente del Grupo Popular Europeo entre 2004 y 2014. Ha presidido y liderado la Red Europea de Ideas que agrupa a todas las grandes fundaciones del pensamiento pol\u00edtico del centro derecha europeo, como son: la Fundaci\u00f3n Konrad Adenauer, Hans Scheil, Robert Shuman, Faes, Center For European Estudies, entre otras.<\/p>\n<p style=\"text-align: justify;\">Con motivo de su visita, desde la direcci\u00f3n del peri\u00f3dico Granada Costa, con sede en Molv\u00edzar, su presidente, Jos\u00e9 Segura le hizo entrega del n\u00famero 17, con fecha de 9 de mayo de 2000, donde Granada Costa le dedic\u00f3 la portada al entonces Ministro del Interior, cuando imparti\u00f3 una conferencia en la Asociaci\u00f3n de la Prensa de Granada con el t\u00edtulo \u201cel pluralismo es la principal se\u00f1al de identidad vasca\u201d. Fue presentado por su amigo y compa\u00f1ero de partido Andr\u00e9s Ollero Tassara, en ese momento portavoz de justicia en el congreso de los Diputados en Madrid. A la conferencia,a la que se le dedicaron cuatro p\u00e1ginas en aquel peri\u00f3dico, estuvo invitado tambi\u00e9n Jos\u00e9 Segura.<br \/>\nTambi\u00e9n le hizo entrega Segura de un cuadro de la portada que durante estos 18 a\u00f1os ha estado expuesto, junto a otras portadas, en la Sede de Granada Costa.<br \/>\nEl pueblo de Molv\u00edzar le dio una calurosa acogida, a la cual \u00e9l respondi\u00f3 con su caracter\u00edstica simpat\u00eda y agrado, y se dej\u00f3 fotografiar con todas las personas que as\u00ed lo desearon durante algo m\u00e1s de una hora.<br \/>\nDando paso al evento, y como cada a\u00f1o, llegan las fiestas patronales de Molv\u00edzar en Honor a su Patrona Santa Ana. Como no pod\u00eda ser de otra manera, dieron comienzo con el Preg\u00f3n que lanza un personaje de relevancia invitado. En este a\u00f1o 2018, Molv\u00edzar tuvo el orgullo de que ese personaje haya sido el pol\u00edtico Don Jaime Mayor Oreja.<br \/>\nDe esta manera, el d\u00eda 24 de julio, d\u00eda en que comenzaron las fiestas patronales, a las 21:00 horas de la tarde se encontraba todo preparado, y comenz\u00f3 con rigurosa puntualidad.<\/p>\n<p style=\"text-align: justify;\"><a href=\"http:\/\/granadacostanacional.es\/wp-content\/uploads\/2018\/07\/IMG_1027.jpg\"><img decoding=\"async\" loading=\"lazy\" class=\"aligncenter size-large wp-image-18244\" src=\"http:\/\/granadacostanacional.es\/wp-content\/uploads\/2018\/07\/IMG_1027-1024x683.jpg\" alt=\"IMG_1027\" width=\"1024\" height=\"683\" \/><\/a><\/p>\n<p style=\"text-align: center;\"><em>D. Ferm\u00edn Garc\u00eda, Alcalde de Molv\u00edzar, presentando a D. Jaime Mayor Oreja como pregonero<\/em><\/p>\n<p style=\"text-align: justify;\"><a href=\"http:\/\/granadacostanacional.es\/wp-content\/uploads\/2018\/07\/IMG_1050.jpg\"><img decoding=\"async\" loading=\"lazy\" class=\"aligncenter size-large wp-image-18245\" src=\"http:\/\/granadacostanacional.es\/wp-content\/uploads\/2018\/07\/IMG_1050-1024x683.jpg\" alt=\"IMG_1050\" width=\"1024\" height=\"683\" \/><\/a><\/p>\n<p style=\"text-align: center;\"><em>D. Jaime Mayor Oreja ofreciendosu preg\u00f3n al pueblo molvice\u00f1o<\/em><\/p>\n<p style=\"text-align: justify;\">El primero en intervenir fue el longevo Alcalde de Molv\u00edzar, Don Ferm\u00edn Garc\u00eda Puentedura, que salud\u00f3 desde el balc\u00f3n del Ayuntamiento al p\u00fablico asistente y les pidi\u00f3 cordialmente que prestaran atenci\u00f3n a sus palabras, pero, sobre todo, a las del pregonero. Le agradeci\u00f3 tanto individual como colectivamente en nombre de Molv\u00edzar que asistiera este a\u00f1o para ser el pregonero de las fiestas y ensalz\u00f3 sus muchas virtudes, como su implicaci\u00f3n social, su buen hacer al frente del Ministerio del Interior, al igual que el ser fundador de la Asociaci\u00f3n \u201cValores y Sociedad\u201d, inspirada en el humanismo cristiano y que busca transmitir precisamente, valores a esta sociedad en que vivimos. Por \u00faltimo, y antes de cederle la palabra al pregonero, le volvi\u00f3 a agradecer que tuviera a bien acceder a ser el Pregonero de estas fiestas molvice\u00f1as.<br \/>\nSin m\u00e1s, comenz\u00f3 el preg\u00f3n de Don Jaime Mayor Oreja, que comenz\u00f3 agradeciendo al propio Alcalde y al pueblo molvice\u00f1o la invitaci\u00f3n para ser pregonero. Sus agradecimientos no quedaron ah\u00ed, pues quiso hacer menci\u00f3n especial al hecho de que Molv\u00edzar sea el pueblo con que mayor cantidad de personal ha aportado a las fuerzas de seguridad del Estado. Por ello, dijo, realizar\u00eda un \u201cPreg\u00f3n de agradecimiento\u201d. Y por ese mismo motivo, dijo, eligi\u00f3 un discurso breve y conciso, pero con fuerza, pues para \u00e9l, esas son las caracter\u00edsticas necesarias para dar las gracias.<br \/>\nDon Jaime hizo analog\u00eda con el di\u00e1logo que se practica con Dios, pues a \u201c\u00e9l primero se le pide perd\u00f3n, y luego se le dan las gracias\u201d, y as\u00ed quiso hacerlo tambi\u00e9n \u00e9l. Record\u00f3 los duros \u201ca\u00f1os de plomo\u201d, a finales de los 70 y principios de los 80, cuando a causa del terrorismo eran asesinadas 100 personas al a\u00f1o, muchas de ellas, por el mero hecho de vestir un uniforme que representara a Espa\u00f1a. Pero no se olvid\u00f3 de la familia de estos, para los que tambi\u00e9n tuvo palabras de reconocimiento por todas las vicisitudes que hab\u00edan tenido que vivir. A todos ellos les pidi\u00f3 perd\u00f3n por lo que sufrieron, sobre todo, en el Pa\u00eds Vasco, tierra de la que \u00e9l es originario y en la que se crio y creci\u00f3. En esta tierra, recalc\u00f3, se vivieron tiempo de enorme cobard\u00eda por parte de las instituciones, por lo que las v\u00edctimas lo fueron por partida doble; asesinadas y silenciadas.<\/p>\n<p style=\"text-align: justify;\"><a href=\"http:\/\/granadacostanacional.es\/wp-content\/uploads\/2018\/07\/IMG_1058.jpg\"><img decoding=\"async\" loading=\"lazy\" class=\"aligncenter size-large wp-image-18246\" src=\"http:\/\/granadacostanacional.es\/wp-content\/uploads\/2018\/07\/IMG_1058-1024x683.jpg\" alt=\"IMG_1058\" width=\"1024\" height=\"683\" \/><\/a><\/p>\n<p style=\"text-align: center;\"><em>El palco del Ayuntamiento de Molv\u00edzar durante el preg\u00f3n<\/em><\/p>\n<p style=\"text-align: justify;\">Sin embargo, este agradecimiento tambi\u00e9n ten\u00eda una dimensi\u00f3n personal, pues en sus propias palabras: \u201choy no estar\u00eda dando el preg\u00f3n aqu\u00ed si no hubiera tenido a lo largo de 40 a\u00f1os la protecci\u00f3n no s\u00f3lo de la providencia sino de tantos Guardias Civiles y polic\u00edas que han sido mi \u00e1ngel de la guarda\u201d. Record\u00f3 entonces a algunos de sus compa\u00f1eros que no tuvieron la suerte de estar protegidos, como Gregorio Ord\u00f3\u00f1ez o Manuel Zamarre\u00f1o, entre otros.<br \/>\nTerminado este serio semblante y reconocimiento, Don Jaime record\u00f3 el motivo de este preg\u00f3n: inaugurar las fiestas patronales de Molv\u00edzar, \u201cfiestas de Santa Ana, fiestas de Moros y Cristianos, no hemos venido a llorar, sino a ser felices, a disfrutar pese al dolor que alguna de vuestras familias han podido padecer por esta sinraz\u00f3n\u201d. Ensalzando la labor del pueblo molvice\u00f1o en la protecci\u00f3n de este pa\u00eds, a\u00f1adi\u00f3 que \u201cEspa\u00f1a es una gran naci\u00f3n y Molv\u00edzar es buena prueba de ello\u201d, terminando de nuevo pidiendo perd\u00f3n, dando las gracias, y felicitando las fiestas de Santa Ana.<br \/>\nDe esta forma, concluy\u00f3 el preg\u00f3n realizado para las fiestas patronales de Molv\u00edzar 2018, pero antes de acabar, el Alcalde Don Ferm\u00edn Garc\u00eda Puentedura aprovech\u00f3 la ocasi\u00f3n para felicitar a Don Jaime por un preg\u00f3n \u201ccorto, conciso, y, sobre todo, del coraz\u00f3n\u201d, tras lo cual le hizo entrega de la placa conmemorativa de haber realizado este preg\u00f3n.<\/p>\n<p style=\"text-align: justify;\"><a href=\"http:\/\/granadacostanacional.es\/wp-content\/uploads\/2018\/07\/IMG_1076.jpg\"><img decoding=\"async\" loading=\"lazy\" class=\"aligncenter size-large wp-image-18247\" src=\"http:\/\/granadacostanacional.es\/wp-content\/uploads\/2018\/07\/IMG_1076-1024x683.jpg\" alt=\"IMG_1076\" width=\"1024\" height=\"683\" \/><\/a><\/p>\n<p style=\"text-align: center;\"><em>Entrega de la placa conmemorativa a D. Jaime Mayor Oreja por parte del Ayuntamiento de Molv\u00edzar<\/em><\/p>\n<p style=\"text-align: justify;\">Por \u00faltimo, dio paso el Alcalde al caracter\u00edstico chupinazo de inicio de fiestas y a servirse una refrescante sangr\u00eda a las puertas de la iglesia y del Ayuntamiento.<\/p>\n<p style=\"text-align: justify;\"><a href=\"http:\/\/granadacostanacional.es\/wp-content\/uploads\/2018\/07\/IMG_1082.jpg\"><img decoding=\"async\" loading=\"lazy\" class=\"aligncenter size-large wp-image-18248\" src=\"http:\/\/granadacostanacional.es\/wp-content\/uploads\/2018\/07\/IMG_1082-1024x683.jpg\" alt=\"IMG_1082\" width=\"1024\" height=\"683\" \/><\/a><\/p>\n<p style=\"text-align: center;\"><em>Chupinazo que inaugura\u00a0las fiestas patronales Molv\u00edzar 2018 en honor a Santa Ana<\/em><\/p>\n<p style=\"text-align: justify;\"><a href=\"http:\/\/granadacostanacional.es\/wp-content\/uploads\/2018\/07\/IMG_1091.jpg\"><img decoding=\"async\" loading=\"lazy\" class=\"aligncenter size-large wp-image-18249\" src=\"http:\/\/granadacostanacional.es\/wp-content\/uploads\/2018\/07\/IMG_1091-1024x683.jpg\" alt=\"IMG_1091\" width=\"1024\" height=\"683\" \/><\/a><\/p>\n<p style=\"text-align: right;\"><em><strong>Alvaro Segura<\/strong><\/em><\/p>\n","protected":false},"excerpt":{"rendered":"<p>Jaime Mayor Oreja Pregonero de las Fiestas patronales en honor a Santa Ana de Molv\u00edzar 2018 La corporaci\u00f3n municipal molvice\u00f1a&hellip;<\/p>\n","protected":false},"author":2,"featured_media":18241,"comment_status":"open","ping_status":"open","sticky":false,"template":"","format":"standard","meta":{"om_disable_all_campaigns":false,"_mi_skip_tracking":false,"_monsterinsights_sitenote_active":false,"_monsterinsights_sitenote_note":"","_monsterinsights_sitenote_category":0,"footnotes":""},"categories":[22,30],"tags":[],"aioseo_notices":[],"_links":{"self":[{"href":"https:\/\/granadacostaglobal.es\/index.php?rest_route=\/wp\/v2\/posts\/18240"}],"collection":[{"href":"https:\/\/granadacostaglobal.es\/index.php?rest_route=\/wp\/v2\/posts"}],"about":[{"href":"https:\/\/granadacostaglobal.es\/index.php?rest_route=\/wp\/v2\/types\/post"}],"author":[{"embeddable":true,"href":"https:\/\/granadacostaglobal.es\/index.php?rest_route=\/wp\/v2\/users\/2"}],"replies":[{"embeddable":true,"href":"https:\/\/granadacostaglobal.es\/index.php?rest_route=%2Fwp%2Fv2%2Fcomments&post=18240"}],"version-history":[{"count":0,"href":"https:\/\/granadacostaglobal.es\/index.php?rest_route=\/wp\/v2\/posts\/18240\/revisions"}],"wp:featuredmedia":[{"embeddable":true,"href":"https:\/\/granadacostaglobal.es\/index.php?rest_route=\/"}],"wp:attachment":[{"href":"https:\/\/granadacostaglobal.es\/index.php?rest_route=%2Fwp%2Fv2%2Fmedia&parent=18240"}],"wp:term":[{"taxonomy":"category","embeddable":true,"href":"https:\/\/granadacostaglobal.es\/index.php?rest_route=%2Fwp%2Fv2%2Fcategories&post=18240"},{"taxonomy":"post_tag","embeddable":true,"href":"https:\/\/granadacostaglobal.es\/index.php?rest_route=%2Fwp%2Fv2%2Ftags&post=18240"}],"curies":[{"name":"wp","href":"https:\/\/api.w.org\/{rel}","templated":true}]}}