{"id":1813,"date":"2015-06-23T11:32:12","date_gmt":"2015-06-23T11:32:12","guid":{"rendered":"http:\/\/granadacosta.es\/?p=1813"},"modified":"2015-06-23T11:32:12","modified_gmt":"2015-06-23T11:32:12","slug":"la-junta-forma-a-menores-infractores-para-que-adquieran-habilidades-laborales-y-se-inserten-en-la-sociedad","status":"publish","type":"post","link":"https:\/\/granadacostaglobal.es\/?p=1813","title":{"rendered":"La Junta forma a menores infractores para que adquieran habilidades laborales y se inserten en la sociedad"},"content":{"rendered":"<p><em>Sandra Garc\u00eda clausura uno de los seis cursos que se imparten este a\u00f1o dirigidos a 90 menores en r\u00e9gimen abierto<\/em><\/p>\n<p>&nbsp;<\/p>\n<p style=\"text-align: justify;\">Alrededor de 90 menores infractores con sentencias en r\u00e9gimen abierto van a realizar este a\u00f1o cursos prelaborales que les permitan adquirir habilidades formativas\u00a0 para su inserci\u00f3n en el mercado de trabajo, seg\u00fan ha asegurado hoy la delegada del Gobierno, Sandra Garc\u00eda, en la clausura del curso de auxiliar de fontaner\u00eda.<\/p>\n<p style=\"text-align: justify;\">La Consejer\u00eda de Justicia e Interior de la Junta de Andaluc\u00eda ha organizado seis cursos este a\u00f1o sobre ayuda a domicilio, arreglos y customizaci\u00f3n de prendas textiles, auxiliar de fontaner\u00eda, pintor, montaje de instalaciones el\u00e9ctricas y camarero de bar-cafeter\u00eda. Todos ellos tienen 100 horas lectivas y son\u00a0 impartidos en el Centro P\u00fablico de Formaci\u00f3n para el Empleo \u201cCartuja\u201d, dependiente de la Delegaci\u00f3n de Educaci\u00f3n de la Junta en colaboraci\u00f3n con el Centro de D\u00eda de menores infractores de la Delegaci\u00f3n del Gobierno.<\/p>\n<p style=\"text-align: justify;\">\u201cEl Centro de D\u00eda es un recurso complementario, pero fundamental, que tiene como objeto apoyar la recuperaci\u00f3n del menor infractor desde la educaci\u00f3n y el empleo porque a los j\u00f3venes infractores se les puede recuperar\u201d, precisa la delegada. El centro se articula en torno a tres l\u00edneas de trabajo: actividades educativas compensatorias, inserci\u00f3n laboral, as\u00ed como actividades de ocio y tiempo libre.<\/p>\n<p style=\"text-align: justify;\">Para impulsar la inserci\u00f3n laboral, se firm\u00f3 en Granada un convenio de colaboraci\u00f3n para utilizar las instalaciones del Centro P\u00fablico de Formaci\u00f3n\u00a0 para el Empleo \u201cCartuja\u201d. Una experiencia pionera en Andaluc\u00eda que va a permitir la formaci\u00f3n para el empleo de 90 j\u00f3venes a lo largo de 2015 y al que asistieron, en 2014, 226 menores.<\/p>\n<p style=\"text-align: justify;\"><strong>\u00a0<\/strong><\/p>\n<p style=\"text-align: justify;\"><strong>Medidas judiciales en medio abierto<\/strong><\/p>\n<p style=\"text-align: justify;\">Sandra Garc\u00eda ha manifestado que durante 2014 se ejecutaron en Granada 910 medidas judiciales en medio abierto para menores infractores, una cifra similar a la del pasado a\u00f1o 2013. La mayor parte de ellas, 447,\u00a0 fueron medidas de libertad vigilada; 156 tratamientos ambulatorios de drogodependencias y 78 de salud mental. Tambi\u00e9n hay 87 prestaciones en beneficio de la comunidad y 83 tareas socioeducativas.<\/p>\n<p style=\"text-align: justify;\">Para ejecutar las sentencias de medio abierto se cuenta con los recursos del servicios integral de Medio abierto y los dos grupos de convivencia educativa, masculino y femenino, el Centro de D\u00eda y el equipo de mediaci\u00f3n penal juvenil, que en total son atendidos por 48 profesionales.<\/p>\n<p style=\"text-align: justify;\">A lo largo de 2014 tambi\u00e9n se adoptaron 238 medidas judiciales de internamiento y privativas de libertad\u00a0 por los dos Juzgados de Menores de Granada, lo que representa menos del 20% del total de medidas que se ejecutan en la provincia de Granada.<\/p>\n<p style=\"text-align: justify;\">Sandra Garc\u00eda subray\u00f3 la eficacia de las medidas y su aplicaci\u00f3n en la justicia juvenil andaluza ya que \u201cel 80% de los menores infractores no reinciden tras pasar por algunos de los recursos de reeducaci\u00f3n, ya sea de internamiento o medio abierto\u201d.<\/p>\n<p style=\"text-align: justify;\">\u00a0El perfil de los menores infractores, seg\u00fan indic\u00f3 la delegada, est\u00e1 cambiando por el aumento de menores de clase media y de clase media alta y los casos de violencia filoparental en el seno de las familias.\u00a0 Los 632 delitos cometidos por chicos en 2014 son: 288 contra el patrimonio, por maltrato familiar 92, y lesiones 86. Mientras que, en los 145 delitos cometidos por chicas, destacan sobre todo el maltrato familiar: 52, las lesiones: 49 y contra el patrimonio: 29.<\/p>\n<p style=\"text-align: justify;\">\u00a0Las prestaciones en beneficio de la comunidad se realizan con los ayuntamientos de la provincia con trabajos de limpieza y mantenimiento de espacios p\u00fablicos, jardines e instalaciones deportivas, como limpieza de graffitis y limpieza de botell\u00f3n. Tambi\u00e9n se\u00a0 realizan tareas en beneficio de la comunidad en entidades sin \u00e1nimo de lucro.<\/p>\n","protected":false},"excerpt":{"rendered":"<p>Sandra Garc\u00eda clausura uno de los seis cursos que se imparten este a\u00f1o dirigidos a 90 menores en r\u00e9gimen abierto&hellip;<\/p>\n","protected":false},"author":2,"featured_media":1815,"comment_status":"open","ping_status":"open","sticky":false,"template":"","format":"standard","meta":{"om_disable_all_campaigns":false,"_mi_skip_tracking":false,"_monsterinsights_sitenote_active":false,"_monsterinsights_sitenote_note":"","_monsterinsights_sitenote_category":0,"footnotes":""},"categories":[21,22],"tags":[],"aioseo_notices":[],"_links":{"self":[{"href":"https:\/\/granadacostaglobal.es\/index.php?rest_route=\/wp\/v2\/posts\/1813"}],"collection":[{"href":"https:\/\/granadacostaglobal.es\/index.php?rest_route=\/wp\/v2\/posts"}],"about":[{"href":"https:\/\/granadacostaglobal.es\/index.php?rest_route=\/wp\/v2\/types\/post"}],"author":[{"embeddable":true,"href":"https:\/\/granadacostaglobal.es\/index.php?rest_route=\/wp\/v2\/users\/2"}],"replies":[{"embeddable":true,"href":"https:\/\/granadacostaglobal.es\/index.php?rest_route=%2Fwp%2Fv2%2Fcomments&post=1813"}],"version-history":[{"count":0,"href":"https:\/\/granadacostaglobal.es\/index.php?rest_route=\/wp\/v2\/posts\/1813\/revisions"}],"wp:featuredmedia":[{"embeddable":true,"href":"https:\/\/granadacostaglobal.es\/index.php?rest_route=\/"}],"wp:attachment":[{"href":"https:\/\/granadacostaglobal.es\/index.php?rest_route=%2Fwp%2Fv2%2Fmedia&parent=1813"}],"wp:term":[{"taxonomy":"category","embeddable":true,"href":"https:\/\/granadacostaglobal.es\/index.php?rest_route=%2Fwp%2Fv2%2Fcategories&post=1813"},{"taxonomy":"post_tag","embeddable":true,"href":"https:\/\/granadacostaglobal.es\/index.php?rest_route=%2Fwp%2Fv2%2Ftags&post=1813"}],"curies":[{"name":"wp","href":"https:\/\/api.w.org\/{rel}","templated":true}]}}