{"id":18125,"date":"2018-07-03T11:11:55","date_gmt":"2018-07-03T11:11:55","guid":{"rendered":"http:\/\/granadacostanacional.es\/?p=18125"},"modified":"2018-07-03T11:11:55","modified_gmt":"2018-07-03T11:11:55","slug":"cena-de-homenaje-a-dona-carmen-carrasco-ramos-y-presentacion-de-su-libro-el-canto-del-cisne","status":"publish","type":"post","link":"https:\/\/granadacostaglobal.es\/?p=18125","title":{"rendered":"Cena de homenaje a Do\u00f1a Carmen Carrasco Ramos y presentaci\u00f3n de su libro \u201cEl canto del cisne\u201d"},"content":{"rendered":"<p style=\"text-align: justify;\">El pasado d\u00eda 30 de junio, convocados por el Proyecto Nacional de Cultura Granda Costa a trav\u00e9s de su presidente Jos\u00e9 Segura, se dieron cita un centenar de personas para rendir dign\u00edsimo homenaje y presentar su \u00faltimo libro, \u201cEl canto del cisne\u201d, a la Delegada Nacional de Poes\u00eda, Do\u00f1a Carmen Carrasco Ramos. Jos\u00e9 Segura fue el encargado de saludar al p\u00fablico asistente y a la propia Do\u00f1a Carmen Carrasco Ramos, coment\u00e1ndole al p\u00fablico y a los compa\u00f1eros que se encontraban all\u00ed que los micr\u00f3fonos estar\u00edan abiertos para todas aquellas personas que quisiesen decirle algo a Carmen o entregarle alg\u00fan regalo. A las folcl\u00f3ricas, Inmaculada Rej\u00f3n y Pepi D\u00edaz, les dijo que pod\u00edan dedicarle los temas que quisiesen. Y a las dos parejas de baile presentes, Francelina Robin y su marido Claude y a Soledad Durnes y su marido Tom, que podr\u00edan bailar los temas que ellos viesen oportunos.<\/p>\n<p style=\"text-align: justify;\">A continuaci\u00f3n, pas\u00f3 a presentar a nuestra Directora Adjunta por Catalu\u00f1a, escritora y poeta, la Doctora To\u00f1y Castillo Mel\u00e9ndez y al gerente de la Editorial, Antonio Manuel Segura, para que pudiesen llevar a cabo la presentaci\u00f3n del libro y vida de Carmen a trav\u00e9s de un v\u00eddeo confeccionado con todo el cari\u00f1o por To\u00f1y Castillo para esta ocasi\u00f3n. Seg\u00fan comentarios de los asistentes, la presentaci\u00f3n mereci\u00f3 un diez. Yo dir\u00eda que con las notas de selectividad actuales le podr\u00edamos dar un catorce.<\/p>\n<p style=\"text-align: justify;\"><a href=\"http:\/\/granadacostanacional.es\/wp-content\/uploads\/2018\/07\/IMG_0741.jpg\"><img decoding=\"async\" loading=\"lazy\" class=\"aligncenter size-large wp-image-18127\" src=\"http:\/\/granadacostanacional.es\/wp-content\/uploads\/2018\/07\/IMG_0741-1024x683.jpg\" alt=\"IMG_0741\" width=\"1024\" height=\"683\" \/><\/a> <a href=\"http:\/\/granadacostanacional.es\/wp-content\/uploads\/2018\/07\/IMG_0742.jpg\"><img decoding=\"async\" loading=\"lazy\" class=\"aligncenter size-large wp-image-18128\" src=\"http:\/\/granadacostanacional.es\/wp-content\/uploads\/2018\/07\/IMG_0742-1024x683.jpg\" alt=\"IMG_0742\" width=\"1024\" height=\"683\" \/><\/a> <a href=\"http:\/\/granadacostanacional.es\/wp-content\/uploads\/2018\/07\/IMG_0746.jpg\"><img decoding=\"async\" loading=\"lazy\" class=\"aligncenter size-large wp-image-18129\" src=\"http:\/\/granadacostanacional.es\/wp-content\/uploads\/2018\/07\/IMG_0746-1024x683.jpg\" alt=\"IMG_0746\" width=\"1024\" height=\"683\" \/><\/a> <a href=\"http:\/\/granadacostanacional.es\/wp-content\/uploads\/2018\/07\/IMG_0753.jpg\"><img decoding=\"async\" loading=\"lazy\" class=\"aligncenter size-large wp-image-18130\" src=\"http:\/\/granadacostanacional.es\/wp-content\/uploads\/2018\/07\/IMG_0753-1024x683.jpg\" alt=\"IMG_0753\" width=\"1024\" height=\"683\" \/><\/a><a href=\"http:\/\/granadacostanacional.es\/wp-content\/uploads\/2018\/07\/IMG_0782.jpg\"><img decoding=\"async\" loading=\"lazy\" class=\"aligncenter size-large wp-image-18134\" src=\"http:\/\/granadacostanacional.es\/wp-content\/uploads\/2018\/07\/IMG_0782-683x1024.jpg\" alt=\"IMG_0782\" width=\"683\" height=\"1024\" \/><\/a><\/p>\n<p style=\"text-align: justify;\">Terminada la presentaci\u00f3n del libro, y la firma de la autora a todas las personas que se interesaron por esta gran obra literaria se pas\u00f3 a la degustaci\u00f3n y cena del men\u00fa preparado para esta ocasi\u00f3n. Inmaculada Rej\u00f3n le dedic\u00f3 y cant\u00f3 un tema escrito por ella y con m\u00fasica adaptada a Do\u00f1a Carmen Carrasco Ramos, independiente de otros temas que tambi\u00e9n le dedic\u00f3 tanto a ella como al p\u00fablico. Pepi D\u00edaz dio una magistral actuaci\u00f3n de copla espa\u00f1ola. Francelina y Claude demostraron ser leyenda viva del baile de sal\u00f3n, al igual que Soledad y Tom, que dejaron hasta al personal del restaurante con la boca abierta.<\/p>\n<p style=\"text-align: justify;\">Por parte del Ayuntamiento de Molv\u00edzar intervinieron tanto la Teniente de Alcalde, Fausti B\u00e9jar, como el Concejal de Cultura, Javier G\u00f3mez, que tuvieron a bien asistir al evento y dedicarle unas palabras de agradecimiento, tanto al Proyecto Cultural Granada Costa como a la propia Carmen Carrasco, por llevar siempre que pueden la cultura a Molv\u00edzar.<\/p>\n<p style=\"text-align: justify;\"><a href=\"http:\/\/granadacostanacional.es\/wp-content\/uploads\/2018\/07\/IMG_0785.jpg\"><img decoding=\"async\" loading=\"lazy\" class=\"aligncenter size-large wp-image-18135\" src=\"http:\/\/granadacostanacional.es\/wp-content\/uploads\/2018\/07\/IMG_0785-1024x683.jpg\" alt=\"IMG_0785\" width=\"1024\" height=\"683\" \/><\/a> <a href=\"http:\/\/granadacostanacional.es\/wp-content\/uploads\/2018\/07\/IMG_0786.jpg\"><img decoding=\"async\" loading=\"lazy\" class=\"aligncenter size-large wp-image-18136\" src=\"http:\/\/granadacostanacional.es\/wp-content\/uploads\/2018\/07\/IMG_0786-1024x683.jpg\" alt=\"IMG_0786\" width=\"1024\" height=\"683\" \/><\/a> <a href=\"http:\/\/granadacostanacional.es\/wp-content\/uploads\/2018\/07\/IMG_0787.jpg\"><img decoding=\"async\" loading=\"lazy\" class=\"aligncenter size-large wp-image-18137\" src=\"http:\/\/granadacostanacional.es\/wp-content\/uploads\/2018\/07\/IMG_0787-1024x683.jpg\" alt=\"IMG_0787\" width=\"1024\" height=\"683\" \/><\/a> <a href=\"http:\/\/granadacostanacional.es\/wp-content\/uploads\/2018\/07\/IMG_0790.jpg\"><img decoding=\"async\" loading=\"lazy\" class=\"aligncenter size-large wp-image-18138\" src=\"http:\/\/granadacostanacional.es\/wp-content\/uploads\/2018\/07\/IMG_0790-1024x683.jpg\" alt=\"IMG_0790\" width=\"1024\" height=\"683\" \/><\/a> <a href=\"http:\/\/granadacostanacional.es\/wp-content\/uploads\/2018\/07\/IMG_0796.jpg\"><img decoding=\"async\" loading=\"lazy\" class=\"aligncenter size-large wp-image-18139\" src=\"http:\/\/granadacostanacional.es\/wp-content\/uploads\/2018\/07\/IMG_0796-1024x683.jpg\" alt=\"IMG_0796\" width=\"1024\" height=\"683\" \/><\/a> <a href=\"http:\/\/granadacostanacional.es\/wp-content\/uploads\/2018\/07\/IMG_0800.jpg\"><img decoding=\"async\" loading=\"lazy\" class=\"aligncenter size-large wp-image-18140\" src=\"http:\/\/granadacostanacional.es\/wp-content\/uploads\/2018\/07\/IMG_0800-1024x683.jpg\" alt=\"IMG_0800\" width=\"1024\" height=\"683\" \/><\/a> <a href=\"http:\/\/granadacostanacional.es\/wp-content\/uploads\/2018\/07\/IMG_0802.jpg\"><img decoding=\"async\" loading=\"lazy\" class=\"aligncenter size-large wp-image-18141\" src=\"http:\/\/granadacostanacional.es\/wp-content\/uploads\/2018\/07\/IMG_0802-1024x683.jpg\" alt=\"IMG_0802\" width=\"1024\" height=\"683\" \/><\/a> <a href=\"http:\/\/granadacostanacional.es\/wp-content\/uploads\/2018\/07\/IMG_0805.jpg\"><img decoding=\"async\" loading=\"lazy\" class=\"aligncenter size-large wp-image-18142\" src=\"http:\/\/granadacostanacional.es\/wp-content\/uploads\/2018\/07\/IMG_0805-1024x683.jpg\" alt=\"IMG_0805\" width=\"1024\" height=\"683\" \/><\/a> <a href=\"http:\/\/granadacostanacional.es\/wp-content\/uploads\/2018\/07\/IMG_0807.jpg\"><img decoding=\"async\" loading=\"lazy\" class=\"aligncenter size-large wp-image-18143\" src=\"http:\/\/granadacostanacional.es\/wp-content\/uploads\/2018\/07\/IMG_0807-1024x683.jpg\" alt=\"IMG_0807\" width=\"1024\" height=\"683\" \/><\/a> <a href=\"http:\/\/granadacostanacional.es\/wp-content\/uploads\/2018\/07\/IMG_0812.jpg\"><img decoding=\"async\" loading=\"lazy\" class=\"aligncenter size-large wp-image-18144\" src=\"http:\/\/granadacostanacional.es\/wp-content\/uploads\/2018\/07\/IMG_0812-1024x683.jpg\" alt=\"IMG_0812\" width=\"1024\" height=\"683\" \/><\/a> <a href=\"http:\/\/granadacostanacional.es\/wp-content\/uploads\/2018\/07\/IMG_0813.jpg\"><img decoding=\"async\" loading=\"lazy\" class=\"aligncenter size-large wp-image-18145\" src=\"http:\/\/granadacostanacional.es\/wp-content\/uploads\/2018\/07\/IMG_0813-1024x683.jpg\" alt=\"IMG_0813\" width=\"1024\" height=\"683\" \/><\/a> <a href=\"http:\/\/granadacostanacional.es\/wp-content\/uploads\/2018\/07\/IMG_0818.jpg\"><img decoding=\"async\" loading=\"lazy\" class=\"aligncenter size-large wp-image-18146\" src=\"http:\/\/granadacostanacional.es\/wp-content\/uploads\/2018\/07\/IMG_0818-1024x683.jpg\" alt=\"IMG_0818\" width=\"1024\" height=\"683\" \/><\/a> <a href=\"http:\/\/granadacostanacional.es\/wp-content\/uploads\/2018\/07\/IMG_0820.jpg\"><img decoding=\"async\" loading=\"lazy\" class=\"aligncenter size-large wp-image-18147\" src=\"http:\/\/granadacostanacional.es\/wp-content\/uploads\/2018\/07\/IMG_0820-1024x683.jpg\" alt=\"IMG_0820\" width=\"1024\" height=\"683\" \/><\/a> <a href=\"http:\/\/granadacostanacional.es\/wp-content\/uploads\/2018\/07\/IMG_0823.jpg\"><img decoding=\"async\" loading=\"lazy\" class=\"aligncenter size-large wp-image-18148\" src=\"http:\/\/granadacostanacional.es\/wp-content\/uploads\/2018\/07\/IMG_0823-1024x683.jpg\" alt=\"IMG_0823\" width=\"1024\" height=\"683\" \/><\/a> <a href=\"http:\/\/granadacostanacional.es\/wp-content\/uploads\/2018\/07\/IMG_0826.jpg\"><img decoding=\"async\" loading=\"lazy\" class=\"aligncenter size-large wp-image-18149\" src=\"http:\/\/granadacostanacional.es\/wp-content\/uploads\/2018\/07\/IMG_0826-1024x683.jpg\" alt=\"IMG_0826\" width=\"1024\" height=\"683\" \/><\/a> <a href=\"http:\/\/granadacostanacional.es\/wp-content\/uploads\/2018\/07\/IMG_0828.jpg\"><img decoding=\"async\" loading=\"lazy\" class=\"aligncenter size-large wp-image-18150\" src=\"http:\/\/granadacostanacional.es\/wp-content\/uploads\/2018\/07\/IMG_0828-1024x683.jpg\" alt=\"IMG_0828\" width=\"1024\" height=\"683\" \/><\/a> <a href=\"http:\/\/granadacostanacional.es\/wp-content\/uploads\/2018\/07\/IMG_0836.jpg\"><img decoding=\"async\" loading=\"lazy\" class=\"aligncenter size-large wp-image-18151\" src=\"http:\/\/granadacostanacional.es\/wp-content\/uploads\/2018\/07\/IMG_0836-1024x683.jpg\" alt=\"IMG_0836\" width=\"1024\" height=\"683\" \/><\/a> <a href=\"http:\/\/granadacostanacional.es\/wp-content\/uploads\/2018\/07\/IMG_0840.jpg\"><img decoding=\"async\" loading=\"lazy\" class=\"aligncenter size-large wp-image-18152\" src=\"http:\/\/granadacostanacional.es\/wp-content\/uploads\/2018\/07\/IMG_0840-1024x683.jpg\" alt=\"IMG_0840\" width=\"1024\" height=\"683\" \/><\/a> <a href=\"http:\/\/granadacostanacional.es\/wp-content\/uploads\/2018\/07\/IMG_0841.jpg\"><img decoding=\"async\" loading=\"lazy\" class=\"aligncenter size-large wp-image-18153\" src=\"http:\/\/granadacostanacional.es\/wp-content\/uploads\/2018\/07\/IMG_0841-1024x683.jpg\" alt=\"IMG_0841\" width=\"1024\" height=\"683\" \/><\/a> <a href=\"http:\/\/granadacostanacional.es\/wp-content\/uploads\/2018\/07\/IMG_0848.jpg\"><img decoding=\"async\" loading=\"lazy\" class=\"aligncenter size-large wp-image-18154\" src=\"http:\/\/granadacostanacional.es\/wp-content\/uploads\/2018\/07\/IMG_0848-1024x683.jpg\" alt=\"IMG_0848\" width=\"1024\" height=\"683\" \/><\/a> <a href=\"http:\/\/granadacostanacional.es\/wp-content\/uploads\/2018\/07\/IMG_0852.jpg\"><img decoding=\"async\" loading=\"lazy\" class=\"aligncenter size-large wp-image-18155\" src=\"http:\/\/granadacostanacional.es\/wp-content\/uploads\/2018\/07\/IMG_0852-1024x683.jpg\" alt=\"IMG_0852\" width=\"1024\" height=\"683\" \/><\/a> <a href=\"http:\/\/granadacostanacional.es\/wp-content\/uploads\/2018\/07\/IMG_0854.jpg\"><img decoding=\"async\" loading=\"lazy\" class=\"aligncenter size-large wp-image-18156\" src=\"http:\/\/granadacostanacional.es\/wp-content\/uploads\/2018\/07\/IMG_0854-1024x683.jpg\" alt=\"IMG_0854\" width=\"1024\" height=\"683\" \/><\/a> <a href=\"http:\/\/granadacostanacional.es\/wp-content\/uploads\/2018\/07\/IMG_0857.jpg\"><img decoding=\"async\" loading=\"lazy\" class=\"aligncenter size-large wp-image-18157\" src=\"http:\/\/granadacostanacional.es\/wp-content\/uploads\/2018\/07\/IMG_0857-1024x683.jpg\" alt=\"IMG_0857\" width=\"1024\" height=\"683\" \/><\/a> <a href=\"http:\/\/granadacostanacional.es\/wp-content\/uploads\/2018\/07\/IMG_0861.jpg\"><img decoding=\"async\" loading=\"lazy\" class=\"aligncenter size-large wp-image-18158\" src=\"http:\/\/granadacostanacional.es\/wp-content\/uploads\/2018\/07\/IMG_0861-1024x683.jpg\" alt=\"IMG_0861\" width=\"1024\" height=\"683\" \/><\/a> <a href=\"http:\/\/granadacostanacional.es\/wp-content\/uploads\/2018\/07\/IMG_0863.jpg\"><img decoding=\"async\" loading=\"lazy\" class=\"aligncenter size-large wp-image-18159\" src=\"http:\/\/granadacostanacional.es\/wp-content\/uploads\/2018\/07\/IMG_0863-683x1024.jpg\" alt=\"IMG_0863\" width=\"683\" height=\"1024\" \/><\/a> <a href=\"http:\/\/granadacostanacional.es\/wp-content\/uploads\/2018\/07\/IMG_0867.jpg\"><img decoding=\"async\" loading=\"lazy\" class=\"aligncenter size-large wp-image-18160\" src=\"http:\/\/granadacostanacional.es\/wp-content\/uploads\/2018\/07\/IMG_0867-683x1024.jpg\" alt=\"IMG_0867\" width=\"683\" height=\"1024\" \/><\/a><\/p>\n<p style=\"text-align: justify;\">Juli\u00e1n D\u00edaz Robledo se encarg\u00f3 de entregarle el trofeo premio Humanidades en nombre del Proyecto Nacional de Cultura Granada Costa a Do\u00f1a Carmen Carrasco Ramos. Don Jos\u00e9 Jaime Capel le quiso hacer entrega de un presente que hab\u00eda pintado \u00e9l mismo, trat\u00e1ndose de un abanico de dise\u00f1o exquisito. De Hu\u00e9tor-T\u00e1jar, Ana L\u00f3pez C\u00f3zar y Jacinta (la campesina) le dedicaron poes\u00edas y Juan Jos\u00e9 Jaimez (Juan Maero) unas colombianas.<\/p>\n<p style=\"text-align: justify;\"><a href=\"http:\/\/granadacostanacional.es\/wp-content\/uploads\/2018\/07\/IMG_0763.jpg\"><img decoding=\"async\" loading=\"lazy\" class=\"aligncenter size-large wp-image-18131\" src=\"http:\/\/granadacostanacional.es\/wp-content\/uploads\/2018\/07\/IMG_0763-487x1024.jpg\" alt=\"IMG_0763\" width=\"487\" height=\"1024\" \/><\/a> <a href=\"http:\/\/granadacostanacional.es\/wp-content\/uploads\/2018\/07\/IMG_0767.jpg\"><img decoding=\"async\" loading=\"lazy\" class=\"aligncenter size-large wp-image-18132\" src=\"http:\/\/granadacostanacional.es\/wp-content\/uploads\/2018\/07\/IMG_0767-683x1024.jpg\" alt=\"IMG_0767\" width=\"683\" height=\"1024\" \/><\/a> <a href=\"http:\/\/granadacostanacional.es\/wp-content\/uploads\/2018\/07\/IMG_0773.jpg\"><img decoding=\"async\" loading=\"lazy\" class=\"aligncenter size-large wp-image-18133\" src=\"http:\/\/granadacostanacional.es\/wp-content\/uploads\/2018\/07\/IMG_0773-683x1024.jpg\" alt=\"IMG_0773\" width=\"683\" height=\"1024\" \/><\/a><\/p>\n<p style=\"text-align: justify;\">Jos\u00e9 Segura destac\u00f3 de Carmen que desde el a\u00f1o 2013, que entr\u00f3 a formar parte de la familia del Proyecto Nacional de Cultura Granada Costa, puede decir sin equivocarse que ha sido en la que m\u00e1s actos ha estado representando a nuestro Proyecto en toda la geograf\u00eda espa\u00f1ola y como an\u00e9cdota a destacar, en enero de este a\u00f1o, en la cita que ten\u00edamos en Madrid para presentar el libro de Carlos Ben\u00edtez Villodres, estando con fiebre y un resfriado de cama se desplaz\u00f3 a Madrid para cumplir con su compromiso. Tambi\u00e9n dijo que el pr\u00f3ximo compromiso que tiene para presentar un libro ser\u00e1 la pr\u00f3xima obra de Don Jos\u00e9 Jaime Capel, acontecimiento que tendr\u00e1 lugar el pr\u00f3ximo 9 de octubre en Almer\u00eda en la Biblioteca P\u00fablica Provincial Francisco Villaespesa.<\/p>\n<p style=\"text-align: justify;\">Segura tambi\u00e9n destac\u00f3 de Carmen la gran labor que est\u00e1 haciendo como Delegada Nacional de Poes\u00eda, habiendo conseguido que el Rinc\u00f3n Po\u00e9tico del peri\u00f3dico Granada Costa Nacional pasara a m\u00e1s del doble de colaboradores de los que ten\u00eda anteriormente, pasando a hacer referencia a su dedicatoria que tiene en las p\u00e1ginas 8 y 9 del libro \u201cEl canto del cisne\u201d:<\/p>\n<p style=\"text-align: center;\"><strong><em>&#8220;UNA BUENA MUJER BIEN CONOCE SUS L\u00cdMITES, UNA MUJER INTELIGENTE SABE QUE NO TIENE NINGUNO&#8221;<\/em><\/strong><\/p>\n<p style=\"text-align: justify;\"><em>&#8220;El d\u00eda 2 de mayo de 2017, se reuni\u00f3 el jurado de premios y distinciones de Granada Costa en sesi\u00f3n extraordinaria, formado por personas pertenecientes al mundo de la cultura o la ense\u00f1anza, como la Doctora en Psicolog\u00eda y Subdirectora adjunta para Catalu\u00f1a de Granada Costa Nacional, Do\u00f1a To\u00f1y Castillo Mel\u00e9ndez; la popular cantante de copla espa\u00f1ola, Inmaculada Rej\u00f3n; el Alcalde de Molv\u00edzar y maestro, Don Ferm\u00edn Garc\u00eda Puentedura; el profesor em\u00e9rito y catedr\u00e1tico en Filosof\u00eda, Diego Sabiote y actuando como Presidente del Proyecto Cultural Granada Costa, mi persona. En esta reuni\u00f3n deliberamos sobre a qui\u00e9n conceder el Premio Humanidades Granada Costa\u00a0<\/em><em>Lengua y Pensamiento.<\/em><\/p>\n<p style=\"text-align: justify;\"><em>El primer punto de valoraci\u00f3n fue la actividad cultural que desarrolla dentro del propio Proyecto Nacional de Cultura Granada Costa, en el cual estuvimos todos de acuerdo en la gran cantidad de art\u00edculos, reportajes y poes\u00edas con los que Carmen participa, sus numerosos libros como autora, as\u00ed como su y participaci\u00f3n en m\u00e1s de treinta, antolog\u00edas, su colaboraci\u00f3n en presentaciones de libros, circuitos culturales en los que ha intervenido activamente y ayudando a bastantes personas en el desarrollo literario del d\u00eda a d\u00eda en Granada Costa.<\/em><\/p>\n<p style=\"text-align: justify;\"><em>En segundo lugar, se tuvieron en cuenta los valores human\u00edsticos y solidarios que posee la premiada. Es, sin lugar a dudas una de las personas que m\u00e1s activamente trabaja por los derechos de los animales, perteneciendo a diferentes ONG, o escribiendo libros como El diario de Yasm\u00edn, en el que nos transmite la historia de cari\u00f1o y amistad que se forja entre una perrita y su cuidadora.<\/em><\/p>\n<p style=\"text-align: justify;\"><em>Tambi\u00e9n se ha valorado el conocimiento que posee tanto del propio castellano, como de la pluralidad de acentos y dialectos y la defensa de los mismos que realiza, a trav\u00e9s de su poes\u00eda y sus interpretaciones. Esta defensa\u00a0de la multiculturalidad ling\u00fc\u00edstica tambi\u00e9n la ha llevado a cabo en forma de textos doctrinales, publicados en Granada Costa Nacional u otros medios, o las representaciones teatrales que con este motivo realiza a lo largo del a\u00f1o, habiendo recibido varios premios de interpretaci\u00f3n.<\/em><\/p>\n<p style=\"text-align: justify;\"><em>Relacionado con todos los puntos anteriores, encontramos la condici\u00f3n de viajera incansable de Carmen, pues ha visitado infinidad de pa\u00edses, siempre con un pensamiento multidisciplinar. Ha viajado con intenciones art\u00edsticas y literarias, en su af\u00e1n por conocer sobre las diferentes formas de comunicaci\u00f3n de una forma globalizada, siendo por ello una gran conocedora de este campo. Tambi\u00e9n ha viajado por los valores humanos, que sab\u00eda, podr\u00eda recoger de diferentes pa\u00edses, por conocer las relaciones interpersonales que se desarrollan en todos los rincones del mundo. Pero, sobre todo, ha viajado por placer, por el placer de conocer m\u00e1s del mundo en el que vivimos. Vivencias adquiridas que ha volcado en sus publicaciones.<\/em><\/p>\n<p style=\"text-align: justify;\"><em>Por lo tanto, puedo decir que Carmen es los libros que ha le\u00eddo, la pintura que ha visto, la m\u00fasica que ha escuchado, las calles que ha recorrido, su ni\u00f1ez, su familia, sus amigos, algunos amores en el recuerdo y avatares a lo largo de su vida. Total: Carmen es una suma construida por diferentes retos que ha procurado superar.<\/em>&#8220;<\/p>\n<p style=\"text-align: justify;\">Carmen, la homenajeada, que en todo momento estuvo atenta y amable, como no pod\u00eda ser de otra manera, con todos sus invitados, cerr\u00f3 la noche con palabras de cari\u00f1o a todos los presentes y tambi\u00e9n hacia aquellos que se hab\u00edan disculpado por no poder acudir al evento. Finalmente recibi\u00f3 con agrado a aquellas personas que quisieron inmortalizar el acto con fotograf\u00edas junto a su persona.<\/p>\n<p style=\"text-align: justify;\">No me puedo imaginar las expectativas que cada uno tendr\u00eda para este acto. Sin duda, incluso las m\u00e1s optimistas fueron colmadas, pues se trat\u00f3 de una noche de cante, baile, poes\u00eda y, sobre todo, emociones a flor de piel. Los \u201cactores\u201d ejecutaron de forma impoluta su papel y el p\u00fablico rio y aplaudi\u00f3. Una velada que se alarg\u00f3 hasta el momento exacto en que deb\u00eda alargarse, tras varios cl\u00edmax intensos y tambi\u00e9n momentos m\u00e1s pausados. Sin duda, una noche para el recuerdo. Gracias Carmen, por todo.<\/p>\n<p><a href=\"http:\/\/granadacostanacional.es\/wp-content\/uploads\/2018\/07\/IMG_0885.jpg\"><img decoding=\"async\" loading=\"lazy\" class=\"aligncenter size-large wp-image-18161\" src=\"http:\/\/granadacostanacional.es\/wp-content\/uploads\/2018\/07\/IMG_0885-1024x683.jpg\" alt=\"IMG_0885\" width=\"1024\" height=\"683\" \/><\/a> <a href=\"http:\/\/granadacostanacional.es\/wp-content\/uploads\/2018\/07\/IMG_0881.jpg\"><img decoding=\"async\" loading=\"lazy\" class=\"aligncenter size-large wp-image-18162\" src=\"http:\/\/granadacostanacional.es\/wp-content\/uploads\/2018\/07\/IMG_0881-683x1024.jpg\" alt=\"IMG_0881\" width=\"683\" height=\"1024\" \/><\/a> <a href=\"http:\/\/granadacostanacional.es\/wp-content\/uploads\/2018\/07\/IMG_0882.jpg\"><img decoding=\"async\" loading=\"lazy\" class=\"aligncenter size-large wp-image-18163\" src=\"http:\/\/granadacostanacional.es\/wp-content\/uploads\/2018\/07\/IMG_0882-1024x683.jpg\" alt=\"IMG_0882\" width=\"1024\" height=\"683\" \/><\/a> <a href=\"http:\/\/granadacostanacional.es\/wp-content\/uploads\/2018\/07\/IMG_0879.jpg\"><img decoding=\"async\" loading=\"lazy\" class=\"aligncenter size-large wp-image-18164\" src=\"http:\/\/granadacostanacional.es\/wp-content\/uploads\/2018\/07\/IMG_0879-683x1024.jpg\" alt=\"IMG_0879\" width=\"683\" height=\"1024\" \/><\/a><\/p>\n<p style=\"text-align: right;\"><em><strong>Alvaro Segura<\/strong><\/em><\/p>\n","protected":false},"excerpt":{"rendered":"<p>El pasado d\u00eda 30 de junio, convocados por el Proyecto Nacional de Cultura Granda Costa a trav\u00e9s de su presidente&hellip;<\/p>\n","protected":false},"author":2,"featured_media":18126,"comment_status":"open","ping_status":"open","sticky":false,"template":"","format":"standard","meta":{"om_disable_all_campaigns":false,"_mi_skip_tracking":false,"_monsterinsights_sitenote_active":false,"_monsterinsights_sitenote_note":"","_monsterinsights_sitenote_category":0,"footnotes":""},"categories":[21,22],"tags":[],"aioseo_notices":[],"_links":{"self":[{"href":"https:\/\/granadacostaglobal.es\/index.php?rest_route=\/wp\/v2\/posts\/18125"}],"collection":[{"href":"https:\/\/granadacostaglobal.es\/index.php?rest_route=\/wp\/v2\/posts"}],"about":[{"href":"https:\/\/granadacostaglobal.es\/index.php?rest_route=\/wp\/v2\/types\/post"}],"author":[{"embeddable":true,"href":"https:\/\/granadacostaglobal.es\/index.php?rest_route=\/wp\/v2\/users\/2"}],"replies":[{"embeddable":true,"href":"https:\/\/granadacostaglobal.es\/index.php?rest_route=%2Fwp%2Fv2%2Fcomments&post=18125"}],"version-history":[{"count":0,"href":"https:\/\/granadacostaglobal.es\/index.php?rest_route=\/wp\/v2\/posts\/18125\/revisions"}],"wp:featuredmedia":[{"embeddable":true,"href":"https:\/\/granadacostaglobal.es\/index.php?rest_route=\/"}],"wp:attachment":[{"href":"https:\/\/granadacostaglobal.es\/index.php?rest_route=%2Fwp%2Fv2%2Fmedia&parent=18125"}],"wp:term":[{"taxonomy":"category","embeddable":true,"href":"https:\/\/granadacostaglobal.es\/index.php?rest_route=%2Fwp%2Fv2%2Fcategories&post=18125"},{"taxonomy":"post_tag","embeddable":true,"href":"https:\/\/granadacostaglobal.es\/index.php?rest_route=%2Fwp%2Fv2%2Ftags&post=18125"}],"curies":[{"name":"wp","href":"https:\/\/api.w.org\/{rel}","templated":true}]}}