{"id":17956,"date":"2018-06-14T16:39:35","date_gmt":"2018-06-14T16:39:35","guid":{"rendered":"http:\/\/granadacostanacional.es\/?p=17956"},"modified":"2018-06-14T16:39:35","modified_gmt":"2018-06-14T16:39:35","slug":"innovadores-granadinos-del-programa-guadalinfo-impulsa-presentan-sus-proyectos-de-negocio-a-inversores-y-expertos","status":"publish","type":"post","link":"https:\/\/granadacostaglobal.es\/?p=17956","title":{"rendered":"Innovadores granadinos del programa Guadalinfo Impulsa presentan sus proyectos de negocio a inversores y expertos"},"content":{"rendered":"<ul>\n<li style=\"text-align: justify;\"><strong>De la provincia de Granada, dos innovadores participan en esta jornada tras realizar el itinerario formativo para convertir en realidad su idea de negocio<\/strong><\/li>\n<\/ul>\n<p style=\"text-align: justify;\">\n<p style=\"text-align: justify;\">Granada, 14 de junio de 2018. El Centro de Innovaci\u00f3n Empresarial Link by UMA, ha acogido hoy la jornada <strong>&#8220;Despega tu proyecto Demo Day&#8221;<\/strong> enmarcada en el programa de\u00a0aceleraci\u00f3n de la innovaci\u00f3n\u00a0<strong><a href=\"https:\/\/blog.guadalinfo.es\/?s=guadalinfo+impulsa\">Guadalinfo Impulsa<\/a>.<\/strong> <strong>Un total de 11 promotores (8 mujeres, y 2 de la provincia de Granada), han presentado sus proyectos emprendedores a inversores y expertos.<\/strong><\/p>\n<p style=\"text-align: justify;\">Se trata de ideas de negocio desarrolladas por los participantes en una de las dos ediciones de Guadalinfo Impulsa, tras completar un itinerario de\u00a0<strong>6\u00a0meses de\u00a0formaci\u00f3n individual presencial y online, asesoramiento de expertos y mentores, tutor\u00edas personalizadas y acceso a servicios de lanzaderas de empresas\u00a0para hacer realidad y viable su proyecto empresarial.<\/strong><\/p>\n<p style=\"text-align: justify;\">Iniciativas innovadoras con base tecnol\u00f3gica, que entraron al programa como ideas incipientes y que tuvieron en esta jornada una nueva oportunidad\u00a0para <strong>impulsar el salto al mercado de sus proyectos<\/strong>.\u00a0Adem\u00e1s de exponer ante expertos e inversores, los participantes han podido mantener reuniones de forma individual <strong>con los especialistas asistentes<\/strong>, para recibir el feedback de sus potenciales financiadores, plantear dudas y compartir impresiones. Entre ellos, inversores privados y expertos en asesoramiento empresarial, emprendimiento, startups, crowdfunding y mentoring.<\/p>\n<p style=\"text-align: justify;\">Entre los proyectos presentados, sectores diversos como la hosteler\u00eda, la gesti\u00f3n empresarial y financiera, el dise\u00f1o de moda, la jardiner\u00eda, las artes pl\u00e1sticas, la salud y el bienestar, la accesibilidad o la organizaci\u00f3n de eventos, todos ellos con una base tecnol\u00f3gica y llegados al programa Guadalinfo Impulsa cuando apenas eran ideas.<\/p>\n<p style=\"text-align: justify;\"><strong>Dos de los proyectos participantes proceden de la provincia de Granada. Cooksultant, <\/strong>servicio de asesoramiento y consultor\u00eda online en la gesti\u00f3n de cocinas y restaurantes a trav\u00e9s de una app; y <strong>BodyColor,<\/strong> dedicado al servicio personalizado de creaci\u00f3n de r\u00e9plicas en escayola de partes corporales o momentos personales.<\/p>\n<p style=\"text-align: justify;\"><strong>M\u00e1s sobre Guadalinfo Impulsa:<\/strong><\/p>\n<p style=\"text-align: justify;\">Organizado por el\u00a0<a href=\"http:\/\/www.consorciofernandodelosrios.es\/\">Consorcio Fernando de los R\u00edos,<\/a>\u00a0(entidad que gestiona Guadalinfo por encargo de las diputaciones y la Junta de Andaluc\u00eda) el programa Guadalinfo Impulsa arranc\u00f3 en julio de 2015 con una primera edici\u00f3n que se cerr\u00f3 con la generaci\u00f3n de 12 proyectos de innovaci\u00f3n.<\/p>\n<p style=\"text-align: justify;\">En su segunda convocatoria se concedieron\u00a030 becas a innovadores y se ampli\u00f3 a 3 provincias la estancia en lanzaderas de\u00a0empresas\u00a0(Almer\u00eda en El Cable, Sevilla en Fiware Zone y M\u00e1laga en La Farola).<\/p>\n<p style=\"text-align: justify;\">Tambi\u00e9n como pr\u00f3logo, se celebr\u00f3 el\u00a0<a href=\"http:\/\/blog.guadalinfo.es\/guadalinfo-ii-guadalinfo-impulsa-completa-sus-talleres-previos-con-mas-de-230-inscritos-y-ofrece-30-becas-a-innovadores\/\">ciclo de conferencias \u201cLos retos del innovador\u201d<\/a>\u00a0(del 1 al 14 de junio), talleres gratuitos en las ocho provincias con m\u00e1s de 230 inscritos, 129 participantes presenciales y m\u00e1s de 1.500 on line.<\/p>\n<p style=\"text-align: justify;\"><a href=\"http:\/\/granadacostanacional.es\/wp-content\/uploads\/2018\/06\/DemoDay1.jpg\"><img decoding=\"async\" loading=\"lazy\" class=\"aligncenter size-large wp-image-17957\" src=\"http:\/\/granadacostanacional.es\/wp-content\/uploads\/2018\/06\/DemoDay1-1024x768.jpg\" alt=\"DemoDay1\" width=\"1024\" height=\"768\" \/><\/a><\/p>\n<p style=\"text-align: justify;\">\u00a0<strong>Guadalinfo en Granada:<\/strong><\/p>\n<p style=\"text-align: justify;\">El Consorcio Fernando de los R\u00edos (por encargo de las ocho diputaciones provinciales y la Junta de Andaluc\u00eda) gestiona Guadalinfo, red p\u00fablica de centros TIC cuyo objetivo es garantizar la igualdad de oportunidades en el acceso a la tecnolog\u00eda. Los centros Guadalinfo (en ayuntamientos menores de 20.000 habitantes y en las barriadas menos favorecidas de poblaciones mayores) ofrecen servicios TIC y capacitaci\u00f3n en competencias digitales. Asesoran a los usuarios en sus proyectos\u00a0 e impulsan iniciativas colectivas de dinamizaci\u00f3n social, sensibilizaci\u00f3n comunitaria y promoci\u00f3n del entorno. Act\u00faan en empleabilidad, alfabetizaci\u00f3n digital, promoci\u00f3n de la cultura innovadora, participaci\u00f3n ciudadana, mejora de la calidad de vida, emprendimiento, digitalizaci\u00f3n empresarial y administraci\u00f3n electr\u00f3nica. En Granada esa labor se realiza desde 178 centros en la provincia, que organizaron 20.727 actividades el pasado a\u00f1o. La Red Guadalinfo cuenta con m\u00e1s de un mill\u00f3n de usuarios a los que oferta mensualmente una media superior a las 6.000 actividades. Y ha recibido 767 solicitudes a la Orden de subvenciones actualmente vigente dirigida a la apertura, dinamizaci\u00f3n y mantenimiento de los centros y financiada por la Junta de Andaluc\u00eda, a trav\u00e9s de la Consejer\u00eda de Empleo, Empresa y Comercio, y las ocho Diputaciones Provinciales. Dichas solicitudes corresponden a 713 entidades locales y ELA, y a 54 organizaciones sin \u00e1nimo de lucro, que trabajan en zonas con necesidades de transformaci\u00f3n social ubicadas en poblaciones mayores de 20.000 habitantes.<\/p>\n<p style=\"text-align: justify;\"><a href=\"http:\/\/granadacostanacional.es\/wp-content\/uploads\/2018\/06\/Programa_-Demo-Day_Guadalinfo.pdf\">Programa_ Demo Day_Guadalinfo<\/a><\/p>\n","protected":false},"excerpt":{"rendered":"<p>De la provincia de Granada, dos innovadores participan en esta jornada tras realizar el itinerario formativo para convertir en realidad&hellip;<\/p>\n","protected":false},"author":2,"featured_media":17958,"comment_status":"open","ping_status":"open","sticky":false,"template":"","format":"standard","meta":{"om_disable_all_campaigns":false,"_mi_skip_tracking":false,"_monsterinsights_sitenote_active":false,"_monsterinsights_sitenote_note":"","_monsterinsights_sitenote_category":0,"footnotes":""},"categories":[22],"tags":[],"aioseo_notices":[],"_links":{"self":[{"href":"https:\/\/granadacostaglobal.es\/index.php?rest_route=\/wp\/v2\/posts\/17956"}],"collection":[{"href":"https:\/\/granadacostaglobal.es\/index.php?rest_route=\/wp\/v2\/posts"}],"about":[{"href":"https:\/\/granadacostaglobal.es\/index.php?rest_route=\/wp\/v2\/types\/post"}],"author":[{"embeddable":true,"href":"https:\/\/granadacostaglobal.es\/index.php?rest_route=\/wp\/v2\/users\/2"}],"replies":[{"embeddable":true,"href":"https:\/\/granadacostaglobal.es\/index.php?rest_route=%2Fwp%2Fv2%2Fcomments&post=17956"}],"version-history":[{"count":0,"href":"https:\/\/granadacostaglobal.es\/index.php?rest_route=\/wp\/v2\/posts\/17956\/revisions"}],"wp:featuredmedia":[{"embeddable":true,"href":"https:\/\/granadacostaglobal.es\/index.php?rest_route=\/"}],"wp:attachment":[{"href":"https:\/\/granadacostaglobal.es\/index.php?rest_route=%2Fwp%2Fv2%2Fmedia&parent=17956"}],"wp:term":[{"taxonomy":"category","embeddable":true,"href":"https:\/\/granadacostaglobal.es\/index.php?rest_route=%2Fwp%2Fv2%2Fcategories&post=17956"},{"taxonomy":"post_tag","embeddable":true,"href":"https:\/\/granadacostaglobal.es\/index.php?rest_route=%2Fwp%2Fv2%2Ftags&post=17956"}],"curies":[{"name":"wp","href":"https:\/\/api.w.org\/{rel}","templated":true}]}}