{"id":17823,"date":"2018-06-04T07:44:48","date_gmt":"2018-06-04T07:44:48","guid":{"rendered":"http:\/\/granadacostanacional.es\/?p=17823"},"modified":"2018-06-04T07:44:48","modified_gmt":"2018-06-04T07:44:48","slug":"nombramiento-dama-de-la-poesia-2018-en-valencia","status":"publish","type":"post","link":"https:\/\/granadacostaglobal.es\/?p=17823","title":{"rendered":"NOMBRAMIENTO \u201cDAMA DE LA POES\u00cdA 2018\u201d EN VALENCIA"},"content":{"rendered":"<p style=\"text-align: justify;\">El pasado d\u00eda 24 de mayo, <strong>Amparo Bonet Alc\u00f3n <\/strong>fue nombrada \u201cDama de la Poes\u00eda\u201d 2018, de la Agrupaci\u00f3n Literaria de Amigos de la Poes\u00eda de Valencia. La Asociaci\u00f3n po\u00e9tica m\u00e1s antigua de Espa\u00f1a que se inici\u00f3 en 1949, siendo reconocida oficialmente en la ciudad de Valencia y con sus prescripciones estatutarias, siendo este a\u00f1o este a\u00f1o el que cumple sus 70 a\u00f1os de existencia. Asociaci\u00f3n que ha recibido por su importancia y su proyecci\u00f3n, numerosos premios a nivel nacional, provincial y local.<\/p>\n<p style=\"text-align: justify;\"><a href=\"http:\/\/granadacostanacional.es\/wp-content\/uploads\/2018\/06\/IMG_4534.jpg\"><img decoding=\"async\" loading=\"lazy\" class=\"aligncenter size-large wp-image-17824\" src=\"http:\/\/granadacostanacional.es\/wp-content\/uploads\/2018\/06\/IMG_4534-1024x768.jpg\" alt=\"IMG_4534\" width=\"1024\" height=\"768\" \/><\/a> <a href=\"http:\/\/granadacostanacional.es\/wp-content\/uploads\/2018\/06\/IMG_4535.jpg\"><img decoding=\"async\" loading=\"lazy\" class=\"aligncenter size-large wp-image-17825\" src=\"http:\/\/granadacostanacional.es\/wp-content\/uploads\/2018\/06\/IMG_4535-1024x768.jpg\" alt=\"IMG_4535\" width=\"1024\" height=\"768\" \/><\/a><\/p>\n<p style=\"text-align: justify;\">Tal reconocimiento corresponde a la trayectoria po\u00e9tico-literaria de la galardonada y a su trabajo realizado.<\/p>\n<p style=\"text-align: justify;\">El nombramiento fue realizado en el acto solemne que tuvo lugar en el incomparable marco del Hemiciclo del Ayuntamiento de Valencia dentro de \u201cLa Fiesta de la Primavera\u201d, en que se nombra cada a\u00f1o a una joven Reina de la Poes\u00eda, significando el advenimiento de un tiempo de alegr\u00eda, bonanza y plenitud en la Naturaleza.<\/p>\n<p style=\"text-align: justify;\"><a href=\"http:\/\/granadacostanacional.es\/wp-content\/uploads\/2018\/06\/IMG_4542.jpg\"><img decoding=\"async\" loading=\"lazy\" class=\"aligncenter size-large wp-image-17826\" src=\"http:\/\/granadacostanacional.es\/wp-content\/uploads\/2018\/06\/IMG_4542-1024x768.jpg\" alt=\"IMG_4542\" width=\"1024\" height=\"768\" \/><\/a> <a href=\"http:\/\/granadacostanacional.es\/wp-content\/uploads\/2018\/06\/IMG_4543.jpg\"><img decoding=\"async\" loading=\"lazy\" class=\"aligncenter size-large wp-image-17827\" src=\"http:\/\/granadacostanacional.es\/wp-content\/uploads\/2018\/06\/IMG_4543-1024x768.jpg\" alt=\"IMG_4543\" width=\"1024\" height=\"768\" \/><\/a><\/p>\n<p style=\"text-align: right;\"><em><strong>Amparo Bonet Alc\u00f3n<\/strong><\/em><\/p>\n","protected":false},"excerpt":{"rendered":"<p>El pasado d\u00eda 24 de mayo, Amparo Bonet Alc\u00f3n fue nombrada \u201cDama de la Poes\u00eda\u201d 2018, de la Agrupaci\u00f3n Literaria&hellip;<\/p>\n","protected":false},"author":2,"featured_media":15978,"comment_status":"open","ping_status":"open","sticky":false,"template":"","format":"standard","meta":{"om_disable_all_campaigns":false,"_mi_skip_tracking":false,"_monsterinsights_sitenote_active":false,"_monsterinsights_sitenote_note":"","_monsterinsights_sitenote_category":0,"footnotes":""},"categories":[21,30],"tags":[],"aioseo_notices":[],"_links":{"self":[{"href":"https:\/\/granadacostaglobal.es\/index.php?rest_route=\/wp\/v2\/posts\/17823"}],"collection":[{"href":"https:\/\/granadacostaglobal.es\/index.php?rest_route=\/wp\/v2\/posts"}],"about":[{"href":"https:\/\/granadacostaglobal.es\/index.php?rest_route=\/wp\/v2\/types\/post"}],"author":[{"embeddable":true,"href":"https:\/\/granadacostaglobal.es\/index.php?rest_route=\/wp\/v2\/users\/2"}],"replies":[{"embeddable":true,"href":"https:\/\/granadacostaglobal.es\/index.php?rest_route=%2Fwp%2Fv2%2Fcomments&post=17823"}],"version-history":[{"count":0,"href":"https:\/\/granadacostaglobal.es\/index.php?rest_route=\/wp\/v2\/posts\/17823\/revisions"}],"wp:featuredmedia":[{"embeddable":true,"href":"https:\/\/granadacostaglobal.es\/index.php?rest_route=\/"}],"wp:attachment":[{"href":"https:\/\/granadacostaglobal.es\/index.php?rest_route=%2Fwp%2Fv2%2Fmedia&parent=17823"}],"wp:term":[{"taxonomy":"category","embeddable":true,"href":"https:\/\/granadacostaglobal.es\/index.php?rest_route=%2Fwp%2Fv2%2Fcategories&post=17823"},{"taxonomy":"post_tag","embeddable":true,"href":"https:\/\/granadacostaglobal.es\/index.php?rest_route=%2Fwp%2Fv2%2Ftags&post=17823"}],"curies":[{"name":"wp","href":"https:\/\/api.w.org\/{rel}","templated":true}]}}