{"id":1739,"date":"2015-06-18T09:03:43","date_gmt":"2015-06-18T09:03:43","guid":{"rendered":"http:\/\/granadacosta.es\/?p=1739"},"modified":"2015-06-18T09:03:43","modified_gmt":"2015-06-18T09:03:43","slug":"la-tauromaquia-reflexiones","status":"publish","type":"post","link":"https:\/\/granadacostaglobal.es\/?p=1739","title":{"rendered":"LA TAUROMAQUIA REFLEXIONES"},"content":{"rendered":"<p style=\"text-align: justify;\">Sobre a las corridas de toros, a nadie se le escapa que para los que luchamos por los leg\u00edtimos intereses de los animales como seres sensibles, su pervivencia nos duele y nos sorprende. Es, a nuestro modo de ver, un espect\u00e1culo de otra \u00e9poca y como tal tendr\u00eda que darse por desparecida. En esa otra \u00e9poca, hace centenares de a\u00f1os, esta actividad \u201cl\u00fadica\u201d ten\u00eda cierta explicaci\u00f3n ( que no justificaci\u00f3n ) \u00a0a tenor de la ignorancia imperante. Un gran parte de la poblaci\u00f3n era analfabeta. En consecuencia nada se sab\u00eda de las realidades biol\u00f3gicas, y emocionales del toro. De modo y manera que aquellos primeros \u201caficionados\u201d, en cierta forma, estaban exentos de culpa, eran inocentes,\u00a0 toda vez que no eran conscientes ni conocedores de las repercusiones y consecuencias de sus actos, de cara a este animal.<\/p>\n<p style=\"text-align: justify;\">\u00a0A la saz\u00f3n vivimos en la era de la tecnolog\u00eda y de la informaci\u00f3n. Tenemos a nuestro alcance un c\u00famulo de recursos y medios, para estar bien enterados acerca de los entresijos y certidumbres que rodean al injustificable espect\u00e1culo de las corridas de toros, Y por eso\u00a0 ahora, mal que nos pese, S\u00cd que SOMOS CULPABLES, y bien culpables &#8211; bien sea por acci\u00f3n, bien sea por omisi\u00f3n &#8211; de las agresiones cometidas contra los toros, durante las corridas. \u00a0En el siglo XXI no hay disculpa posible para desconocer lo que ellas comportan y como se desarrollan. Entre otras cosas porque los hombres, como entes pensantes, albergamos la obligaci\u00f3n moral de echar mano del conocimiento y hacer uso de la racionalidad, para practicar la compasi\u00f3n hac\u00eda quienes necesiten de ella, en este caso el toro, aceptando \u201ca priori\u201d que la voz de la raz\u00f3n, pueda resultar inc\u00f3moda y molesta, pero ni m\u00e1s ni menos que la de la propia conciencia a la que tampoco se escucha en demas\u00eda. Recordemos, adem\u00e1s, que te\u00f3ricamente somos un pa\u00eds civilizado y alguien dijo al respecto de la civilizaci\u00f3n que: <em>es el esfuerzo de la materia\u00a0 para trasformase en esp\u00edritu, portando\u00a0 en s\u00ed el germen de la\u00a0 compasi\u00f3n y la piedad\u201d.<\/em><\/p>\n<p style=\"text-align: justify;\">\u00a0Ciertamente, las corridas de toros abren pol\u00e9micas y discusiones. Son controvertidas y en ocasiones viscerales. Pero igual que en todas las acciones humanas, encierran en s\u00ed mismas una o m\u00e1s verdades objetivas, con peso espec\u00edfico propio, independientemente de la apreciaci\u00f3n que nos merezcan, y de haberlas dicho\u00a0 unos u otros.<\/p>\n<p style=\"text-align: justify;\">\u00a0\u00a0\u00a0\u00a0\u00a0\u00a0\u00a0\u00a0 \u00a0Y la VERDAD OBJETIVA de las corridas de toros es que convierte en \u201cESPECT\u00c1CULO L\u00daDICO y DIVERTIMENTO\u201d el probado SUFRIMIENTO F\u00cdSICO Y PSICOL\u00d3GICO DE UN ANIMAL, o s\u00e9ase , el toro, un vertebrado superior capaz de experimentar el dolor, el miedo, el estr\u00e9s y la angustia, durante la lidia<strong><em>. <\/em><\/strong>Una criatura con un sistema nervioso similar al nuestro, un c\u00f3digo gen\u00e9tico en gran parte com\u00fan con nosotros, unos circuitos cerebrales semejantes y unas conexiones nerviosas id\u00e9nticas. Y en ese orden de cosas \u00bfqu\u00e9\u00a0 pasa con la caza? podr\u00edan preguntarse, tambi\u00e9n los cazadores se entretienen matando\u00a0 animales. Pues, si la caza constituye un acto digno de posible reprobaci\u00f3n \u00bfprestar\u00e1 alg\u00fan m\u00e9rito o bondad a las corridas, el hecho de que esta actividad cineg\u00e9tica pueda ser reprobable? Los defectos que, lastimosamente, se detectan en otras \u00e1reas de la relaci\u00f3n del hombre y el animal, y que se nos ofrecen como argumento comparativo para intentar minimizar y justificar los que se dan en la plaza de toros, no perder\u00e1n su triste condici\u00f3n de abuso, por la circunstancia de que a las corridas de toros se les reconozca tambi\u00e9n.<\/p>\n<p style=\"text-align: justify;\">\u00a0\u00a0\u00a0\u00a0\u00a0\u00a0\u00a0\u00a0 Los datos cient\u00edficos\u00a0 sobre las corridas coinciden con el criterio\u00a0 de que\u00a0 los toros padecen un dolor intenso y un estr\u00e9s considerable durante la lidia. Un martirio que se prolonga aproximadamente 20 minutos. Las causas son muchas y diversas. Entre ellas se incluyen un ambiente totalmente ajeno y desconocido, el agotamiento, heridas m\u00faltiples y una muerte prolongada inducida. La colocaci\u00f3n de la divisa marca el comienzo del calvario. La pica, o puya, que causa de 1 a 3 hondas heridas y\u00a0que seg\u00fan un estudio realizado en el a\u00f1o 1999 sobre 90 toros, el 94% de las veces el picador se equivoca o no atina produci\u00e9ndose fracturas \u201cde ap\u00f3fosis espinosas, fracturas en las costillas y hemorragias que pueden infiltrarse en el canal medular\u201d.\u00a0 En un promedio de profundidad de cada puyazo\u00a0 de entre 18 y 21 cent\u00edmetros, el total sumar\u00eda 62 cent\u00edmetros de heridas y un equivalente a una p\u00e9rdida de sangre de 2,5 litros, adem\u00e1s de la rotura muscular. Las banderillas producen m\u00e1s heridas, dolor, desgarro de m\u00fasculos, persistencia de la hemorragia y debilitamiento del toro. La estocada, en el caso en que se realizara correctamente, podr\u00eda ser equiparable (prescindiendo del aturdimiento) al sacrificio dentro de un matadero en condiciones precarias, pero cuando el torero no acierta a la primera el proceso puede\u00a0 prolongarse,\u00a0 y a\u00fan en el caso de acertar produce una muerte por asfixia del animal al comunicar el sistema circulatorio con el respiratorio, haciendo que se ahogue en su propia sangre. Y para mayor gloria de la llamada \u201cfiesta nacional\u201d muchos toros, antes y durante la lidia, sufren otro tipo de traumatismos y manipulaciones que resultan dolorosas, estresantes o que alteran su conducta normal. Entre ellas se incluyen el proceso de manipulaci\u00f3n de sus astas (\u201cafeitado\u201d), golpes y choques as\u00ed como otras heridas de diversa \u00edndole dif\u00edciles de cuantificar.<\/p>\n<p style=\"text-align: justify;\">\u00a0\u00a0\u00a0\u00a0\u00a0\u00a0\u00a0\u00a0 \u00bfY qu\u00e9 decir de aquellos otros toros que no sirven para ser toreados y que son utilizados en los festejos taurinos populares? \u00bfAcaso \u00e9stos animales gustan de recorrer las calles de los pueblos, obligados por la multitud que los persigue y hostiga, que los confunde y desorienta, portando en sus astas una gruesa maroma o unas bolas de fuego, para acabar muriendo, exhausto y horrorizado,\u00a0 al finalizar su recorrido? Evidentemente que no. Hubieran preferido, como es l\u00f3gico, seguir tranquilos en su dehesa,\u00a0 sin tener que servir de diversi\u00f3n al pueblo. Y al hilo de esta cuesti\u00f3n me pregunto \u00bfes que\u00a0 no vamos a ser nunca los humanos capaces de pas\u00e1rnoslo bien sin recurrir al dolor y padecimiento de los animales? Conf\u00edo sinceramente en que s\u00ed. Como tambi\u00e9n espero que llegue el d\u00eda en que sabiamente se decida, suprimir de una vez por todas,\u00a0 las torturas gratuitas\u00a0 infringidas a los \u00a0toros y otros animales.<\/p>\n<p style=\"text-align: justify;\">\u00a0\u00a0\u00a0\u00a0\u00a0\u00a0\u00a0\u00a0 \u00a0Quede claro que cuando\u00a0 abogamos por su predecible desaparici\u00f3n no nos mueve\u00a0 ning\u00fan resentimiento ni animadversi\u00f3n\u00a0 contra los partidarios de las corridas, ni los que viven de ellas .Y aseguramos que no es sencillo ser ecu\u00e1nime, resisti\u00e9ndose a la tentaci\u00f3n de erigirse en censor del que no opina como nosotros,\u00a0 sobre todo cuando la ecuanimidad exige tener fr\u00eda la mente, a\u00fan cuando el coraz\u00f3n arda con el fuego de la ideolog\u00eda proteccionista. Damos por sentado que despertar de la modorra de ciertas trasnochadas y anacr\u00f3nicas \u201ctradiciones\u201d requiere tiempo, principalmente porque el que est\u00e1 dormido deja dicho que no se le despierte y toma medidas preventivas para que esto no ocurra. Aunque, a decir verdad, no sin esfuerzo,\u00a0 estamos logrando su lento despertar.<\/p>\n<p style=\"text-align: justify;\">Y es que el progreso es imparable. La involuci\u00f3n, hoy por hoy, impensable. Por ende, el desarrollo de la sensibilidad humana sigue por ley natural su curso evolutivo y lo que, por ejemplo,\u00a0 anta\u00f1o no preocupaba ahora genera curiosidad, inquietud y preocupaci\u00f3n. As\u00ed los derechos de los animales\u00a0 son actualidad y est\u00e1n presentes en importantes debates filos\u00f3ficos, humanistas y pol\u00edticos. Se perciben cambios sustanciales y las encuestas\u00a0 muestran que las percepciones son correctas: el n\u00famero de personas que no simpatizan con las corridas de toros\u00a0 ha experimentado un\u00a0 considerable aumento y hay inclusive municipios que ya se declaran abiertamente \u201cantitaurinos\u201d\u00a0 para evitar el sufrimiento que para el toro comporta<\/p>\n<p style=\"text-align: justify;\">\u00a0\u00a0 \u00a0 \u00a0 \u00a0 \u00a0A\u00f1adamos que\u00a0 la defensa de los animales, caracter\u00edstica fundamental de la \u00c9tica contempor\u00e1nea, tiene mucho que decir en esta evoluci\u00f3n conceptual, porque ejerce una considerable influencia sobre el proceso de humanizaci\u00f3n, advirtiendo que\u00a0 esta aseveraci\u00f3n dista mucho de ser absurda, ya que\u00a0 la protecci\u00f3n del hombre y el animal se fundan en la misma \u00e9tica, \u00e9tica de seres conocedores de su responsabilidad, hombres abiertos al siglo XXI y al futuro.<\/p>\n<p style=\"text-align: justify;\">\u00a0\u00a0 \u00a0 \u00a0 \u00a0 \u00a0Desprenderse de criterios egoc\u00e9ntricos y antropomorfistas\u00a0\u00a0 para defender al animal\u00a0 derribando las barreras y prejuicios que salen al paso, puede vislumbrase como poco compensatorio o ventajoso, visto desde una \u00f3ptica interesada,\u00a0 pero indirectamente la recompensa obtenida con este comportamiento humanitario\u00a0\u00a0 es\u00a0\u00a0 sobresaliente, toda vez que eleva la moral del hombre\u00a0 a\u00a0 sus m\u00e1s altas\u00a0 posibilidades . Cuando el hombre sea capaz\u00a0 de rechazar los beneficios obtenidos a trav\u00e9s del maltrato\u00a0 a los animales, rechazar\u00e1 con mayor motivo, los derivados tambi\u00e9n\u00a0 por\u00a0 la explotaci\u00f3n de las personas.<\/p>\n<p style=\"text-align: justify;\">\n<p style=\"text-align: justify;\">\n<p style=\"text-align: right;\">Emilia Pastor R\u00edos<\/p>\n<p style=\"text-align: right;\">Presidenta de la Asociaci\u00f3n \u00a0ARCADYS<\/p>\n","protected":false},"excerpt":{"rendered":"<p>Sobre a las corridas de toros, a nadie se le escapa que para los que luchamos por los leg\u00edtimos intereses&hellip;<\/p>\n","protected":false},"author":2,"featured_media":1740,"comment_status":"open","ping_status":"open","sticky":false,"template":"","format":"standard","meta":{"om_disable_all_campaigns":false,"_mi_skip_tracking":false,"_monsterinsights_sitenote_active":false,"_monsterinsights_sitenote_note":"","_monsterinsights_sitenote_category":0,"footnotes":""},"categories":[21],"tags":[],"aioseo_notices":[],"_links":{"self":[{"href":"https:\/\/granadacostaglobal.es\/index.php?rest_route=\/wp\/v2\/posts\/1739"}],"collection":[{"href":"https:\/\/granadacostaglobal.es\/index.php?rest_route=\/wp\/v2\/posts"}],"about":[{"href":"https:\/\/granadacostaglobal.es\/index.php?rest_route=\/wp\/v2\/types\/post"}],"author":[{"embeddable":true,"href":"https:\/\/granadacostaglobal.es\/index.php?rest_route=\/wp\/v2\/users\/2"}],"replies":[{"embeddable":true,"href":"https:\/\/granadacostaglobal.es\/index.php?rest_route=%2Fwp%2Fv2%2Fcomments&post=1739"}],"version-history":[{"count":0,"href":"https:\/\/granadacostaglobal.es\/index.php?rest_route=\/wp\/v2\/posts\/1739\/revisions"}],"wp:featuredmedia":[{"embeddable":true,"href":"https:\/\/granadacostaglobal.es\/index.php?rest_route=\/"}],"wp:attachment":[{"href":"https:\/\/granadacostaglobal.es\/index.php?rest_route=%2Fwp%2Fv2%2Fmedia&parent=1739"}],"wp:term":[{"taxonomy":"category","embeddable":true,"href":"https:\/\/granadacostaglobal.es\/index.php?rest_route=%2Fwp%2Fv2%2Fcategories&post=1739"},{"taxonomy":"post_tag","embeddable":true,"href":"https:\/\/granadacostaglobal.es\/index.php?rest_route=%2Fwp%2Fv2%2Ftags&post=1739"}],"curies":[{"name":"wp","href":"https:\/\/api.w.org\/{rel}","templated":true}]}}