{"id":17133,"date":"2018-04-24T12:00:02","date_gmt":"2018-04-24T12:00:02","guid":{"rendered":"http:\/\/granadacostanacional.es\/?p=17133"},"modified":"2018-04-24T12:00:02","modified_gmt":"2018-04-24T12:00:02","slug":"el-dia-de-sant-jordi-23-de-abril-el-aula-hospitalaria-abre-sus-puertas-a-la-literatura","status":"publish","type":"post","link":"https:\/\/granadacostaglobal.es\/?p=17133","title":{"rendered":"El dia de Sant Jordi 23 de abril El aula hospitalaria abre sus puertas a la literatura."},"content":{"rendered":"<div style=\"text-align: justify;\">\n<figure id=\"attachment_17134\" aria-describedby=\"caption-attachment-17134\" style=\"width: 225px\" class=\"wp-caption alignleft\"><a href=\"http:\/\/granadacostanacional.es\/wp-content\/uploads\/2018\/04\/WhatsApp-Image-2018-04-23-at-09.21.32.jpeg\"><img decoding=\"async\" loading=\"lazy\" class=\"wp-image-17134 size-medium\" src=\"http:\/\/granadacostanacional.es\/wp-content\/uploads\/2018\/04\/WhatsApp-Image-2018-04-23-at-09.21.32-225x300.jpeg\" alt=\"WhatsApp Image 2018-04-23 at 09.21.32\" width=\"225\" height=\"300\" \/><\/a><figcaption id=\"caption-attachment-17134\" class=\"wp-caption-text\">Autob\u00fas de la parada literaria<\/figcaption><\/figure>\n<p>23 de abril se celebra EL \u00a0de San Jordi en Catalu\u00f1a.<\/p>\n<\/div>\n<p><a href=\"http:\/\/granadacostanacional.es\/wp-content\/uploads\/2018\/04\/WhatsApp-Image-2018-04-24-at-13.56.06.jpeg\"><img decoding=\"async\" loading=\"lazy\" class=\"alignnone size-medium wp-image-17166\" src=\"http:\/\/granadacostanacional.es\/wp-content\/uploads\/2018\/04\/WhatsApp-Image-2018-04-24-at-13.56.06-300x225.jpeg\" alt=\"WhatsApp Image 2018-04-24 at 13.56.06\" width=\"300\" height=\"225\" \/><\/a><\/p>\n<div style=\"text-align: justify;\">\n<div>Hablaremos del porqu\u00e9 de esta conmemoraci\u00f3n:<\/div>\n<div>\n<div><\/div>\n<div><\/div>\n<div><b>\u00bfQui\u00e9n era San Jorge? y \u00bfpor qu\u00e9 el 23 de abril?\u00a0<\/b><\/div>\n<\/div>\n<\/div>\n<div style=\"text-align: justify;\">Seg\u00fan las tradiciones m\u00e1s antiguas y como cuenta la\u00a0leyenda originada entorno al siglo IV.\u00a0Jorge, fue un romano que tras morir su padre (Geroncio, oficial del ej\u00e9rcito romano)\u00a0se traslad\u00f3 con su madre (Policronia) hasta la ciudad natal de \u00e9sta, Lydda\u00a0(actual Lod, Israel. All\u00ed, Policronia pudo educar a su hijo en la fe cristiana.<\/div>\n<div style=\"text-align: justify;\"><\/div>\n<div style=\"text-align: justify;\">\n<p>En su mayor\u00eda de edad, Jorge se alist\u00f3 en el ej\u00e9rcito y antes de cumplir los 30 a\u00f1os fue tribuno, siendo destinado a Nicomedia como guardia personal del emperador Diocleciano (284-305).<\/p>\n<\/div>\n<div style=\"text-align: justify;\"><a href=\"http:\/\/granadacostanacional.es\/wp-content\/uploads\/2018\/04\/saojorge.jpg\"><img decoding=\"async\" loading=\"lazy\" class=\"size-medium wp-image-17135 alignright\" src=\"http:\/\/granadacostanacional.es\/wp-content\/uploads\/2018\/04\/saojorge-300x200.jpg\" alt=\"saojorge\" width=\"300\" height=\"200\" \/><\/a>Jorge fue decapitado por aceptar\u00a0el cristianismo en Lydda (Palestina) el 23 de abril del a\u00f1o 303.\u00a0Se conoce que el martirio fue ordenado por el propio emperador, despu\u00e9s de que Jorge le recriminara la sangrienta persecuci\u00f3n a los cristianos que\u00a0hab\u00eda\u00a0sido iniciada por <a href=\"http:\/\/granadacostanacional.es\/wp-content\/uploads\/2018\/04\/IMG_9261.jpg\"><img decoding=\"async\" loading=\"lazy\" class=\"size-medium wp-image-17162 alignleft\" src=\"http:\/\/granadacostanacional.es\/wp-content\/uploads\/2018\/04\/IMG_9261-300x225.jpg\" alt=\"IMG_9261\" width=\"300\" height=\"225\" \/><\/a>Diocleciano ese mismo a\u00f1o.<\/div>\n<div style=\"text-align: justify;\">La leyenda asociada, que narra la lucha de San Jorge con un drag\u00f3n para liberar a una princesa, no se forj\u00f3 hasta finales del siglo X y ha sido interpretada por algunos autores como una alegor\u00eda de la victoria cristiana sobre el paganismo.<\/div>\n<div>\n<div style=\"text-align: justify;\">San Jorge lleg\u00f3 a ser el patr\u00f3n de varias \u00f3rdenes de caballer\u00eda durante la Edad Media y en la actualidad continua siendo el santo patr\u00f3n de Inglaterra, pese a no existir ninguna conexi\u00f3n entre este pa\u00eds y el personaje. Adem\u00e1s es patr\u00f3n de otros pa\u00edses, regiones y ciudades, como Rusia, Portugal, Catalu\u00f1a y Arag\u00f3n en Espa\u00f1a y la ciudad de G\u00e9nova en Italia.<\/div>\n<div style=\"text-align: justify;\"><strong>Pero tambien el 23 de abril, es el d\u00eda en que se celebra el D\u00eda Mundial del Libro<\/strong> y del Derecho de Autor, fijado en 1995 por la UNESCO. Coincide as\u00ed con el fallecimiento de Miguel de Cervantes, William Shakespeare y el Inca Garcilaso de la Vega.<\/div>\n<\/div>\n<div>\n<div style=\"text-align: justify;\">El impulsor de la propuesta fue el escritor valenciano Vicente Clavel, que la present\u00f3 a la C\u00e1mara Oficial del Libro de Barcelona en 1923. En 1925 reiter\u00f3 su proposici\u00f3n en Catalu\u00f1a e inici\u00f3 igualmente gestiones en Madrid.<\/div>\n<div style=\"text-align: justify;\"><a href=\"http:\/\/granadacostanacional.es\/wp-content\/uploads\/2018\/04\/WhatsApp-Image-2018-04-23-at-11.02.09.jpeg\"><img decoding=\"async\" loading=\"lazy\" class=\"size-medium wp-image-17138 alignleft\" src=\"http:\/\/granadacostanacional.es\/wp-content\/uploads\/2018\/04\/WhatsApp-Image-2018-04-23-at-11.02.09-225x300.jpeg\" alt=\"WhatsApp Image 2018-04-23 at 11.02.09\" width=\"225\" height=\"300\" \/><\/a>Nosotros, en el d\u00eda de hoy hemos celebrado Sant Jordi tanto fuera como dentro del Aula hospitalaria.\u00a0Comenzamos la ma\u00f1ana con la colaboraci\u00f3n de la Dra. To\u00f1y C<a href=\"http:\/\/granadacostanacional.es\/wp-content\/uploads\/2018\/04\/WhatsApp-Image-2018-04-23-at-11.02.12.jpeg\"><img decoding=\"async\" loading=\"lazy\" class=\"size-medium wp-image-17137 alignright\" src=\"http:\/\/granadacostanacional.es\/wp-content\/uploads\/2018\/04\/WhatsApp-Image-2018-04-23-at-11.02.12-300x225.jpeg\" alt=\"WhatsApp Image 2018-04-23 at 11.02.12\" width=\"300\" height=\"225\" \/><\/a>astillo en <b>la Parada Literaria,<\/b><\/div>\n<div style=\"text-align: justify;\"><\/div>\n<div>\n<p>junto a muchos otros escritores reconocidos de Lleida.<\/p>\n<div>Esta actividad se desarrolla dentro de un maravilloso autob\u00fas antiguo, dentro del cual se van llevando a cabo las diferentes charlas literarias, de la mano de los diferentes escritores invitados.Se ha hablado sobre el trabajo que se realiza en el Aula Hospitalaria y sobre algunos libros que escribe la doctora To\u00f1y Castillo.<\/div>\n<\/div>\n<\/div>\n<div><\/div>\n<div style=\"text-align: justify;\">\n<p>Aqu\u00ed ha atendido a dos grupos de ni\u00f1os dentro del autob\u00fas como podemos ver en las siguientes fotos. La colaboraci\u00f3n de la Dra To\u00f1y Castillo ha sido dirigida a dos grupos de chicos y chicas de 5\u00aa del Colegio Santa Ana de Lleida.<\/p>\n<p><a href=\"http:\/\/granadacostanacional.es\/wp-content\/uploads\/2017\/11\/Image-12.jpg\"><img decoding=\"async\" loading=\"lazy\" class=\"size-medium wp-image-15210 alignleft\" src=\"http:\/\/granadacostanacional.es\/wp-content\/uploads\/2017\/11\/Image-12-300x144.jpg\" alt=\"Image-12\" width=\"300\" height=\"144\" \/><\/a>Hoy se ha tratado especialmente el acoso escolar, a partir de uno de los \u00faltimos libros de nuestra compa\u00f1era To\u00f1y: Voces silenciosas, el acoso escolar responsabilidad de todos, que<a href=\"http:\/\/granadacostanacional.es\/wp-content\/uploads\/2018\/04\/mago-de-las-sonrisas.jpg\"><img decoding=\"async\" loading=\"lazy\" class=\"size-medium wp-image-17141 alignright\" src=\"http:\/\/granadacostanacional.es\/wp-content\/uploads\/2018\/04\/mago-de-las-sonrisas-300x210.jpg\" alt=\"mago de las sonrisas\" width=\"300\" height=\"210\" \/><\/a> trata sobre historias reales de bullying. \u00a0de primaria, los cuales han quedado fascinados al escuchar el cuento El mago de las sonrisas dedicado al mago colaborador del aula hospitalaria \u00d3scar de la Torre\u00a0<span lang=\"ES\">que trata sobre la magia en el hospital, las ilustraciones del cual est\u00e1n hechas por ni\u00f1os hospitalizados. En este \u00faltimo libro, el mago Oscar de la Torre ha realizado ilusionismo para ilustrar la narraci\u00f3n de nuestra escritora To\u00f1y Castillo.\u00a0<\/span><\/p>\n<\/div>\n<div style=\"text-align: justify;\"><\/div>\n<div style=\"text-align: justify;\">Al final del acto de cada grupo se les ha hecho entrega de un cuento por cada ni\u00f1o.<br \/>\n<a href=\"http:\/\/granadacostanacional.es\/wp-content\/uploads\/2018\/04\/WhatsApp-Image-2018-04-23-at-11.02.10-1.jpeg\"><img decoding=\"async\" loading=\"lazy\" class=\"size-medium wp-image-17144 alignleft\" src=\"http:\/\/granadacostanacional.es\/wp-content\/uploads\/2018\/04\/WhatsApp-Image-2018-04-23-at-11.02.10-1-300x225.jpeg\" alt=\"WhatsApp Image 2018-04-23 at 11.02.10 (1)\" width=\"300\" height=\"225\" \/><\/a><a href=\"http:\/\/granadacostanacional.es\/wp-content\/uploads\/2018\/04\/WhatsApp-Image-2018-04-23-at-11.02.11.jpeg\"><img decoding=\"async\" loading=\"lazy\" class=\"size-medium wp-image-17143 alignright\" src=\"http:\/\/granadacostanacional.es\/wp-content\/uploads\/2018\/04\/WhatsApp-Image-2018-04-23-at-11.02.11-300x225.jpeg\" alt=\"WhatsApp Image 2018-04-23 at 11.02.11\" width=\"300\" height=\"225\" \/><\/a><\/div>\n<div style=\"text-align: justify;\"><\/div>\n<div style=\"text-align: justify;\"><\/div>\n<div style=\"text-align: justify;\"><\/div>\n<div style=\"text-align: justify;\"><\/div>\n<div style=\"text-align: justify;\"><\/div>\n<div style=\"text-align: justify;\"><\/div>\n<div style=\"text-align: justify;\"><\/div>\n<div style=\"text-align: justify;\"><\/div>\n<div style=\"text-align: justify;\"><\/div>\n<div style=\"text-align: justify;\"><\/div>\n<div style=\"text-align: justify;\"><\/div>\n<div style=\"text-align: justify;\"><span lang=\"ES\">Comenta Marta Cordero, alumna del M\u00e1ster de Psicopedagog\u00eda y alumna en formaci\u00f3n en el aula hospitalaria que:<\/span><br \/>\n<span lang=\"ES\"><br \/>\n<\/span><span lang=\"ES\"><span lang=\"ES\">La experiencia vivida esta ma\u00f1ana ha sido muy gratificante para el Aula Hospitalaria, ya que hemos podido ver reflejado el trabajo diario que hace el equipo y el reconocimiento de este sobre todo en los ni\u00f1os.\u00a0<\/span><\/span><a href=\"http:\/\/granadacostanacional.es\/wp-content\/uploads\/2018\/04\/WhatsApp-Image-2018-04-23-at-11.42.42-5.jpeg\"><img decoding=\"async\" loading=\"lazy\" class=\"size-medium wp-image-17148 alignleft\" src=\"http:\/\/granadacostanacional.es\/wp-content\/uploads\/2018\/04\/WhatsApp-Image-2018-04-23-at-11.42.42-5-225x300.jpeg\" alt=\"WhatsApp Image 2018-04-23 at 11.42.42 (5)\" width=\"225\" height=\"300\" \/><\/a>De este acontecimiento destacamos una situaci\u00f3n muy emotiva para nosotros que nos ha llegado a emocionar.&#8221;Cuando se ha preguntado a los ni\u00f1os si conoc\u00edan el Aula Hospitalaria algunos levantaban las manos, pero en concreto una ni\u00f1a que levant\u00f3 \u00a0su mano nos conmovi\u00f3. Ella empez\u00f3\u00a0 a narrarnos su experiencia en el hospital y dijo que hab\u00eda estado en clase haciendo deberes \u00a0y que hab\u00eda ido a visitarla un mago, lo que ella no sab\u00eda era que ese mago se encontraba en el mimo autob\u00fas que ella&#8221;.A continuaci\u00f3n, To\u00f1y hablaba del libro sobre la magia que ha hecho junto a Osca, el mago del hospital, pero cuando To\u00f1y dijo que ten\u00edamos al mago en el autob\u00fas y que todos se diesen la vuelta, esta chica empez\u00f3 a llorar porque lo reconoci\u00f3 al momento y nos dijo que \u00e9l era el que hab\u00eda estado en su habitaci\u00f3n. Como podemos ver a esto tambi\u00e9n le podemos llamar hacer magia.<\/p>\n<p>Uno de los momentos que m\u00e1s ha impactado y sorprendido a los alumnos, ha sido cuando nuestro mago, Oscar de la Torre, ha intervenido realizando unos juegos de magia, mientras To\u00f1y presentaba este \u00faltimo libro titulado &#8220;El mago de las sonrisas&#8221;<\/p>\n<p>La ma\u00f1ana ha transcurrido en un ambiente muy pr\u00f3spero, los alumnos se han mostrado motivados y entusiasmados con la actividad, y sobretodo, lo mas importante, interesados por la literatura.<\/p>\n<\/div>\n<div>\n<p><strong>\u00a0Pero a la vez, \u00a0en el hospital tambi\u00e9n hemos celebrado el d\u00eda de San Jordi.<\/strong><\/p>\n<div><\/div>\n<\/div>\n<div>\n<div>\n<div style=\"text-align: justify;\">De una forma muy especial y junto a nuestra princesa, una alumna del aula hospitalaria que ha colaborado en este d\u00eda disfraz\u00e1ndose con nosotras.\u00a0Junto <a href=\"http:\/\/granadacostanacional.es\/wp-content\/uploads\/2018\/04\/WhatsApp-Image-2018-04-23-at-12.47.22.jpeg\"><img decoding=\"async\" loading=\"lazy\" class=\"size-medium wp-image-17150 alignleft\" src=\"http:\/\/granadacostanacional.es\/wp-content\/uploads\/2018\/04\/WhatsApp-Image-2018-04-23-at-12.47.22-300x225.jpeg\" alt=\"WhatsApp Image 2018-04-23 at 12.47.22\" width=\"300\" height=\"225\" \/><\/a>a ella todo el equipo del aula hospitalaria del Dr. Antoni Cambrod\u00ed de l\u2019HUAVLL ha ido entregando un obsequio en forma de drag\u00f3n a todos los beb\u00e9s hospitalizados en la planta pedi\u00e1trica para que tengan un recuerdo del aula hospitalaria.<br \/>\nAdem\u00e1s, a los m\u00e1s mayores, tambi\u00e9n se les ha obsequiado con 4 cuentos para que disfruten de este d\u00eda.<\/div>\n<p><a href=\"http:\/\/granadacostanacional.es\/wp-content\/uploads\/2018\/04\/WhatsApp-Image-2018-04-23-at-12.45.38-1.jpeg\"><img decoding=\"async\" loading=\"lazy\" class=\"size-medium wp-image-17152 alignright\" src=\"http:\/\/granadacostanacional.es\/wp-content\/uploads\/2018\/04\/WhatsApp-Image-2018-04-23-at-12.45.38-1-300x225.jpeg\" alt=\"WhatsApp Image 2018-04-23 at 12.45.38 (1)\" width=\"300\" height=\"225\" \/><\/a><\/p>\n<div style=\"text-align: justify;\">&#8211; Un libro recopilatorio de los cuatro cuentos finalistas en el 4\u00ba premio \u201cJoan Petit de conte infantil\u201d.<\/div>\n<\/div>\n<div style=\"text-align: justify;\">&#8211; El cuento de Paco Mir \u201c\u00bfDe qu\u00e9 color soy?\u201d, ganador del XXXVII Premio Destino Infantil \u2013 Apel\u00b7les Mestres.<\/div>\n<div style=\"text-align: justify;\">-\u201cLa llegenda del drac Dragui\u201d (2017) y \u201cEl pastisser de Torregrossa\u201d (2018) de N\u00faria Ramon y Antoni Argent, dos cuentos enmarcados en el Proyecto \u201cCap nen\/a sense conte\u201d (Ning\u00fan ni\u00f1o sin cuento) de la asociaci\u00f3n educativa y formativa TBCLASS (Les Franqueses del Vall\u00e8s).<\/div>\n<\/div>\n<div style=\"text-align: justify;\"><\/div>\n<div style=\"text-align: justify;\"><a href=\"http:\/\/granadacostanacional.es\/wp-content\/uploads\/2018\/04\/WhatsApp-Image-2018-04-23-at-12.45.43.jpeg\"><img decoding=\"async\" loading=\"lazy\" class=\"size-medium wp-image-17153 alignnone\" src=\"http:\/\/granadacostanacional.es\/wp-content\/uploads\/2018\/04\/WhatsApp-Image-2018-04-23-at-12.45.43-300x225.jpeg\" alt=\"WhatsApp Image 2018-04-23 at 12.45.43\" width=\"300\" height=\"225\" \/><\/a><a href=\"http:\/\/granadacostanacional.es\/wp-content\/uploads\/2018\/04\/WhatsApp-Image-2018-04-23-at-12.45.40-1.jpeg\"><img decoding=\"async\" loading=\"lazy\" class=\"alignnone size-medium wp-image-17154\" src=\"http:\/\/granadacostanacional.es\/wp-content\/uploads\/2018\/04\/WhatsApp-Image-2018-04-23-at-12.45.40-1-300x225.jpeg\" alt=\"WhatsApp Image 2018-04-23 at 12.45.40 (1)\" width=\"300\" height=\"225\" \/><\/a><\/div>\n<div style=\"text-align: justify;\">\n<div>\n<div style=\"text-align: justify;\">Hemos aprovechado la visita a los ni\u00f1os hospitalizados y a sus familias para amenizar un poco esta diada. Primero con trabajos de literatura animando a participar en nuestro certamen literario \u00a0magia, de la mano de Oscar de la Torre, que ha deslumbrado a mayores y peque\u00f1os con sus juegos y humor y junto a \u00e9l, la teatralizaci\u00f3n de los personajes San Jordi y el Drag\u00f3n, que acompa\u00f1aban a la princesa en la ardua tarea encomendada.<\/div>\n<div style=\"text-align: justify;\"><\/div>\n<\/div>\n<\/div>\n<div><a href=\"http:\/\/granadacostanacional.es\/wp-content\/uploads\/2018\/04\/7cc2924f-bcab-4634-9de8-2cfc7488876e.jpg\"><img decoding=\"async\" loading=\"lazy\" class=\"size-medium wp-image-17157 alignleft\" src=\"http:\/\/granadacostanacional.es\/wp-content\/uploads\/2018\/04\/7cc2924f-bcab-4634-9de8-2cfc7488876e-225x300.jpg\" alt=\"7cc2924f-bcab-4634-9de8-2cfc7488876e\" width=\"225\" height=\"300\" \/><\/a>Ha sido un gesto que han recibido con mucho afecto, tanto los ni\u00f1os que han asistido al aula hospitalaria y sus familias como las familias de los m\u00e1s peque\u00f1os. Tambi\u00e9n, siguiendo con la tradici\u00f3n, se ha hecho entrega de un drag\u00f3n del aula hospitalaria al coordinador de pediatr\u00eda as\u00ed como al equipo de enfermeras de planta.<\/div>\n<div style=\"text-align: justify;\"><\/div>\n<div><\/div>\n<div><\/div>\n<div style=\"text-align: justify;\"><\/div>\n<div style=\"text-align: justify;\">\u00a0<span style=\"color: #800000;\"><strong>Feliz D\u00eda de libros y rosas<\/strong><\/span><\/div>\n<div style=\"text-align: justify;\"><a href=\"http:\/\/granadacostanacional.es\/wp-content\/uploads\/2018\/04\/WhatsApp-Image-2018-04-23-at-12.47.16.jpeg\"><img decoding=\"async\" loading=\"lazy\" class=\"size-medium wp-image-17158 alignnone\" src=\"http:\/\/granadacostanacional.es\/wp-content\/uploads\/2018\/04\/WhatsApp-Image-2018-04-23-at-12.47.16-300x225.jpeg\" alt=\"WhatsApp Image 2018-04-23 at 12.47.16\" width=\"300\" height=\"225\" \/><\/a><a href=\"http:\/\/granadacostanacional.es\/wp-content\/uploads\/2018\/04\/WhatsApp-Image-2018-04-23-at-12.47.18.jpeg\"><img decoding=\"async\" loading=\"lazy\" class=\"alignnone size-medium wp-image-17159\" src=\"http:\/\/granadacostanacional.es\/wp-content\/uploads\/2018\/04\/WhatsApp-Image-2018-04-23-at-12.47.18-300x225.jpeg\" alt=\"WhatsApp Image 2018-04-23 at 12.47.18\" width=\"300\" height=\"225\" \/><\/a><\/div>\n","protected":false},"excerpt":{"rendered":"<p>23 de abril se celebra EL \u00a0de San Jordi en Catalu\u00f1a. Hablaremos del porqu\u00e9 de esta conmemoraci\u00f3n: \u00bfQui\u00e9n era San&hellip;<\/p>\n","protected":false},"author":4,"featured_media":17163,"comment_status":"open","ping_status":"open","sticky":false,"template":"","format":"standard","meta":{"om_disable_all_campaigns":false,"_mi_skip_tracking":false,"_monsterinsights_sitenote_active":false,"_monsterinsights_sitenote_note":"","_monsterinsights_sitenote_category":0,"footnotes":""},"categories":[25,22,19,30],"tags":[],"aioseo_notices":[],"_links":{"self":[{"href":"https:\/\/granadacostaglobal.es\/index.php?rest_route=\/wp\/v2\/posts\/17133"}],"collection":[{"href":"https:\/\/granadacostaglobal.es\/index.php?rest_route=\/wp\/v2\/posts"}],"about":[{"href":"https:\/\/granadacostaglobal.es\/index.php?rest_route=\/wp\/v2\/types\/post"}],"author":[{"embeddable":true,"href":"https:\/\/granadacostaglobal.es\/index.php?rest_route=\/wp\/v2\/users\/4"}],"replies":[{"embeddable":true,"href":"https:\/\/granadacostaglobal.es\/index.php?rest_route=%2Fwp%2Fv2%2Fcomments&post=17133"}],"version-history":[{"count":0,"href":"https:\/\/granadacostaglobal.es\/index.php?rest_route=\/wp\/v2\/posts\/17133\/revisions"}],"wp:featuredmedia":[{"embeddable":true,"href":"https:\/\/granadacostaglobal.es\/index.php?rest_route=\/"}],"wp:attachment":[{"href":"https:\/\/granadacostaglobal.es\/index.php?rest_route=%2Fwp%2Fv2%2Fmedia&parent=17133"}],"wp:term":[{"taxonomy":"category","embeddable":true,"href":"https:\/\/granadacostaglobal.es\/index.php?rest_route=%2Fwp%2Fv2%2Fcategories&post=17133"},{"taxonomy":"post_tag","embeddable":true,"href":"https:\/\/granadacostaglobal.es\/index.php?rest_route=%2Fwp%2Fv2%2Ftags&post=17133"}],"curies":[{"name":"wp","href":"https:\/\/api.w.org\/{rel}","templated":true}]}}