{"id":17103,"date":"2018-04-21T07:41:02","date_gmt":"2018-04-21T07:41:02","guid":{"rendered":"http:\/\/granadacostanacional.es\/?p=17103"},"modified":"2018-04-21T07:41:02","modified_gmt":"2018-04-21T07:41:02","slug":"guadalinfo-cajar-ayuda-a-un-usuario-a-dar-difusion-en-la-red-a-su-proyecto-de-museo-de-la-copla","status":"publish","type":"post","link":"https:\/\/granadacostaglobal.es\/?p=17103","title":{"rendered":"Guadalinfo C\u00e1jar ayuda a un usuario a dar difusi\u00f3n en la red a su proyecto de \u201cMuseo de la Copla\u201d"},"content":{"rendered":"<ul>\n<li style=\"text-align: justify;\"><strong>Este gran aficionado y experto en la copla atesora m\u00e1s de trescientas piezas recopiladas en un museo y tambi\u00e9n en la red a trav\u00e9s de un blog<\/strong><\/li>\n<\/ul>\n<p style=\"text-align: justify;\">Granada, 20 de abril de 2018.\u00a0 La participaci\u00f3n y vinculaci\u00f3n de Francisco Jim\u00e9nez Rodr\u00edguez con el <a href=\"http:\/\/www.guadalinfo.es\/detalle-centro?ID_CENTRO=618\">Centro Guadalinfo de C\u00e1jar<\/a>, es un ejemplo perfecto de la labor que realizan los centros de la Red Guadalinfo de <strong>acompa\u00f1amiento a proyectos de usuarios<\/strong>, tanto individuales como colectivos. El primero es el caso de este amante de la copla, con muchas inquietudes y ganas de aprender que ha logrado canalizar con la ayuda de su Agente de Innovaci\u00f3n Local (AIL).<\/p>\n<p style=\"text-align: justify;\"><em>&#8220;Francisco es una persona que desde el principio ha comprendido que Guadalinfo estaba para ayudarlo en lo que necesitara, gui\u00e1ndolo en el uso de la tecnolog\u00eda para conseguir un fin concreto. Y el centro le ha ofrecido las herramientas que ha necesitado y sobre todo, le ha ense\u00f1ado a usarlas&#8221;,<\/em> explica Norberto Polo, AIL de C\u00e1jar que trabaja desde hace m\u00e1s de 10 a\u00f1os con este usuario. Tiempo en el que ha participado en multitud de actividades de acercamiento y capacitaci\u00f3n en herramientas TIC.<\/p>\n<p style=\"text-align: justify;\">El proyecto en el que est\u00e1 trabajando ahora es el reto de poner en marcha un\u00a0<strong>&#8220;Museo de la Copla&#8221;<\/strong> donde exhibir sus cientos de objetos propios y donaciones, relacionadas con este g\u00e9nero musical. Para ello dispone de la ayuda de Guadalinfo para su difusi\u00f3n en redes sociales, solicitud de salas para exponer, etc. As\u00ed como la gesti\u00f3n desde el m\u00f3vil de todas estas tareas: env\u00edo de correos, google calendar, b\u00fasqueda de informaci\u00f3n, fotos, grupos de difusi\u00f3n en whatsapp, etc.<\/p>\n<p style=\"text-align: justify;\"><a href=\"http:\/\/granadacostanacional.es\/wp-content\/uploads\/2018\/04\/museo-copla-cajar-np2.jpg\"><img decoding=\"async\" loading=\"lazy\" class=\"aligncenter size-full wp-image-17105\" src=\"http:\/\/granadacostanacional.es\/wp-content\/uploads\/2018\/04\/museo-copla-cajar-np2.jpg\" alt=\"museo-copla-cajar-np2\" width=\"933\" height=\"562\" \/><\/a><\/p>\n<p style=\"text-align: justify;\">Las m\u00e1s de 300 piezas que atesora este experto de la copla en su casa y componen la \u00fanica muestra de estas caracter\u00edsticas en nuestro pa\u00eds, ya han sido motivo de varias exposiciones. Actualmente contin\u00faa trabajando en la difusi\u00f3n y documentaci\u00f3n de la exposici\u00f3n con el \u00fanico prop\u00f3sito de entrar en contacto con m\u00e1s espacios que puedan albergar la colecci\u00f3n y que m\u00e1s\u00a0aficionados a la copla como \u00e9l disfruten de su afici\u00f3n y gran pasi\u00f3n.<\/p>\n<p style=\"text-align: justify;\">Como resultado de su afici\u00f3n por la copla y su acercamiento a las TIC, este cajare\u00f1o ha creado tambi\u00e9n <strong>su propio blog bajo el t\u00edtulo &#8220;Siempre con la copla&#8221;<\/strong>(<u>http:\/\/siempreconlacopla.blogspot.com.es\/<\/u>), donde recopila todo tipo de material de su colecci\u00f3n particular: desde entrevistas a cantantes famosos, fotograf\u00edas de objetos de artistas de la copla o sus propias composiciones. &#8220;<em>Trabajamos el procesador de textos y carpetas para organizar las canciones que va creando, y que cantan personajes famosos del mundo de la copla. Durante muchos a\u00f1os organiz\u00f3 el Festival Primer Escal\u00f3n y nosotros tambi\u00e9n ayudamos en la gesti\u00f3n del evento&#8221;, <\/em>a\u00f1ade el Agente Guadalinfo<em>.<\/em><\/p>\n<p style=\"text-align: justify;\">Entre otras iniciativas de Francisco destacan\u00a0tambi\u00e9n <strong>dos libros de fotograf\u00eda<\/strong> <strong>sobre las familias y curiosidades de su municipio<\/strong>, con 2.000 fotograf\u00edas cada uno. Tras participar en un peque\u00f1o taller para aprender el manejo de las herramientas necesarias, en el propio Centro Guadalinfo escane\u00f3, organiz\u00f3 las im\u00e1genes y elabor\u00f3 el borrador del libro. Tareas sin \u00e1nimo de lucro con el fin de conservar el patrimonio fotogr\u00e1fico de su tierra.<\/p>\n<p style=\"text-align: justify;\"><strong><a href=\"http:\/\/granadacostanacional.es\/wp-content\/uploads\/2018\/04\/museo-copla-cajar-np1.jpg\"><img decoding=\"async\" loading=\"lazy\" class=\"aligncenter size-full wp-image-17104\" src=\"http:\/\/granadacostanacional.es\/wp-content\/uploads\/2018\/04\/museo-copla-cajar-np1.jpg\" alt=\"museo-copla-cajar-np1\" width=\"933\" height=\"562\" \/><\/a><\/strong><\/p>\n<p style=\"text-align: justify;\"><strong>Guadalinfo en Granada:<\/strong><\/p>\n<p style=\"text-align: justify;\"><strong>\u00a0<\/strong>El\u00a0<a href=\"http:\/\/www.consorciofernandodelosrios.es\/\">Consorcio Fernando de los R\u00edos\u00a0<\/a>(por encargo de las ocho diputaciones provinciales y la Junta de Andaluc\u00eda)\u00a0gestiona Guadalinfo, red p\u00fablica de centros TIC cuyo objetivo es\u00a0garantizar la igualdad de oportunidades en el acceso a la tecnolog\u00eda. Los centros Guadalinfo (en ayuntamientos menores de 20.000 habitantes y en\u00a0las barriadas menos favorecidas de poblaciones mayores)\u00a0ofrecen\u00a0servicios TIC y capacitaci\u00f3n en competencias digitales. Asesoran a los usuarios en sus proyectos\u00a0 e impulsan iniciativas colectivas de dinamizaci\u00f3n social, sensibilizaci\u00f3n comunitaria y promoci\u00f3n del entorno. Act\u00faan en empleabilidad, alfabetizaci\u00f3n digital, promoci\u00f3n de la cultura innovadora, participaci\u00f3n ciudadana, mejora de la calidad de vida, emprendimiento, digitalizaci\u00f3n empresarial y administraci\u00f3n electr\u00f3nica.\u00a0En Granada esa labor se realiza desde 178 centros en la provincia, que organizaron 19.082 actividades el pasado a\u00f1o. La Red Guadalinfo cuenta con m\u00e1s de un mill\u00f3n de usuarios a los que oferta mensualmente una media superior a las 6.000 actividades. Y ha recibido 767 solicitudes a la Orden de subvenciones actualmente vigente dirigida a la apertura, dinamizaci\u00f3n y mantenimiento de los centros y financiada por la Junta de Andaluc\u00eda, a trav\u00e9s de la Consejer\u00eda de Empleo, Empresa y Comercio, y las ocho Diputaciones Provinciales. Dichas solicitudes corresponden a 713 entidades locales y ELA, y a 54 organizaciones sin \u00e1nimo de lucro, que trabajan en zonas con necesidades de transformaci\u00f3n social ubicadas en poblaciones mayores de 20.000 habitantes.<\/p>\n","protected":false},"excerpt":{"rendered":"<p>Este gran aficionado y experto en la copla atesora m\u00e1s de trescientas piezas recopiladas en un museo y tambi\u00e9n en&hellip;<\/p>\n","protected":false},"author":2,"featured_media":17106,"comment_status":"open","ping_status":"open","sticky":false,"template":"","format":"standard","meta":{"om_disable_all_campaigns":false,"_mi_skip_tracking":false,"_monsterinsights_sitenote_active":false,"_monsterinsights_sitenote_note":"","_monsterinsights_sitenote_category":0,"footnotes":""},"categories":[21,22,30],"tags":[],"aioseo_notices":[],"_links":{"self":[{"href":"https:\/\/granadacostaglobal.es\/index.php?rest_route=\/wp\/v2\/posts\/17103"}],"collection":[{"href":"https:\/\/granadacostaglobal.es\/index.php?rest_route=\/wp\/v2\/posts"}],"about":[{"href":"https:\/\/granadacostaglobal.es\/index.php?rest_route=\/wp\/v2\/types\/post"}],"author":[{"embeddable":true,"href":"https:\/\/granadacostaglobal.es\/index.php?rest_route=\/wp\/v2\/users\/2"}],"replies":[{"embeddable":true,"href":"https:\/\/granadacostaglobal.es\/index.php?rest_route=%2Fwp%2Fv2%2Fcomments&post=17103"}],"version-history":[{"count":0,"href":"https:\/\/granadacostaglobal.es\/index.php?rest_route=\/wp\/v2\/posts\/17103\/revisions"}],"wp:featuredmedia":[{"embeddable":true,"href":"https:\/\/granadacostaglobal.es\/index.php?rest_route=\/"}],"wp:attachment":[{"href":"https:\/\/granadacostaglobal.es\/index.php?rest_route=%2Fwp%2Fv2%2Fmedia&parent=17103"}],"wp:term":[{"taxonomy":"category","embeddable":true,"href":"https:\/\/granadacostaglobal.es\/index.php?rest_route=%2Fwp%2Fv2%2Fcategories&post=17103"},{"taxonomy":"post_tag","embeddable":true,"href":"https:\/\/granadacostaglobal.es\/index.php?rest_route=%2Fwp%2Fv2%2Ftags&post=17103"}],"curies":[{"name":"wp","href":"https:\/\/api.w.org\/{rel}","templated":true}]}}