{"id":17091,"date":"2018-04-19T15:35:54","date_gmt":"2018-04-19T15:35:54","guid":{"rendered":"http:\/\/granadacostanacional.es\/?p=17091"},"modified":"2018-04-19T15:35:54","modified_gmt":"2018-04-19T15:35:54","slug":"la-letra-del-himno-de-espana","status":"publish","type":"post","link":"https:\/\/granadacostaglobal.es\/?p=17091","title":{"rendered":"La letra del Himno de Espa\u00f1a"},"content":{"rendered":"<p style=\"text-align: justify;\"><strong><em>Por Rafael Camacho Garc\u00eda<\/em><\/strong><\/p>\n<p style=\"text-align: justify;\">Nuestro Himno Nacional es el s\u00edmbolo musical y sentimental que representa a todos los espa\u00f1oles.<\/p>\n<p style=\"text-align: justify;\">\n<p style=\"text-align: justify;\">Mucho se ha escrito y debatido sobre el mismo. Don Pedro Pablo Abarca de Bolea, Conde de Aranda, insigne figura miliar y pol\u00edtica en la Espa\u00f1a de los primeros Borbones. Al subir al Trono el Rey Carlos III, el Conde de Aranda ya ostentaba el empleo de Mariscal de Campo, (hoy General de Divisi\u00f3n), con tan s\u00f3lo 30 a\u00f1os. Carlos III lo destin\u00f3 de Embajador de Polonia; all\u00ed permaneci\u00f3 dos a\u00f1os, durante los cuales realiz\u00f3 una importante labor pol\u00edtica y diplom\u00e1tica. Cuentan, no sabemos si con certeza hist\u00f3rica o invenci\u00f3n fant\u00e1stica, que en viaje de regreso a Espa\u00f1a, el Conde hizo escala en Alemania para visitar al Rey Federico II, a quien ya conoc\u00eda con anterioridad. Federico II le entreg\u00f3 al Conde una partitura musical con encargo de que la diera al Rey Carlos III. Y, Seg\u00fan dicen, al o\u00edrla el Rey le agrad\u00f3 y la impuso como Himno Nacional. Nada de lo dicho se ha podido comprobar documentalmente. Me inclino a pensar que eso fue un invento de un mal historiador, incapaz de investigar, y quiso salir airoso, al redactar ese pasaje hist\u00f3rico, y no encontr\u00f3 otra cosa m\u00e1s f\u00e1cil que introducir esa parrafada. Me ofrece m\u00e1s confianza y credibilidad, la versi\u00f3n expresada por el investigador Fernando Redondo, que descubri\u00f3 en los archivos de la Biblioteca Nacional, la partitura de una marcha militar de granaderos, que concuerda en casi todos sus compases con el Himno Nacional. Mediante unos peque\u00f1os arreglos, Carlos III la implant\u00f3 como nuestro Himno Nacional. Pero lo lamentable es que nunca tuvo la marcha una letra adaptable, y que fuera admitida oficialmente.<\/p>\n<p style=\"text-align: justify;\">El Himno que ahora o\u00edmos viene de unos arreglos que encargaron al m\u00fasico, director de la Orquesta de C\u00e1mara del Palacio Real, en el a\u00f1o 1902, Bartolom\u00e9 P\u00e9rez Casas, quien, tras los arreglos, cometi\u00f3 la imprudencia de registrar a su nombre todo el Himno Nacional, apropi\u00e1ndose de la totalidad de una obra que no era suya. El hecho referido merecer\u00eda una larga explicaci\u00f3n, que en el espacio de este art\u00edculo no tendr\u00eda cabida.<\/p>\n<p style=\"text-align: justify;\">Varias son las letras que se han escrito para el Himno, a saber:<\/p>\n<p style=\"text-align: justify;\">El Dramaturgo y poeta Ventura de la Vega (1807-1865), en 1843 escribi\u00f3 una letra que no prosper\u00f3. Eduardo Marquina (1879-1946), dramaturgo, poeta y novelista, escribi\u00f3 otra letra con ocasi\u00f3n de las Bodas de Plata del Rey Alfonso XIII, que tampoco fue admitida. El General Primo de Rivera, en 1928 le encarg\u00f3 a Jos\u00e9 M\u00aa Pem\u00e1n que escribiera una letra para el Himno Nacional, y fue admitida, pero en el a\u00f1o 1931 la Republica la retir\u00f3 e implant\u00f3 el Himno de Riego.<\/p>\n<p style=\"text-align: justify;\">Terminada la Guerra Civil, Franco instauro de nuevo, como Himno Oficial la letra de Jos\u00e9 M\u00aa Pem\u00e1n que dec\u00eda: \u201cAlzad la frente hijos del pueblo espa\u00f1ol\u201d. Y en otro verso de Pem\u00e1n, que dec\u00eda: \u201cLos yugos y las flechas canten al comp\u00e1s\u201d. Con estas transformaciones el Himno Nacional quedaba vinculado al franquismo, y as\u00ed permaneci\u00f3 durante el gobierno dictatorial de Franco.<\/p>\n<p style=\"text-align: justify;\">Al fallecer Franco y establecerse un nuevo r\u00e9gimen Constitucional de libertades y apertura, se plante\u00f3 la necesidad de darle al Himno una letra oficial que fuera aceptada y respetada definitivamente. Para tratar de resolver el problema, el Presidente Aznar le encarg\u00f3 a varios escritores y poetas, la redacci\u00f3n de una letra para el Himno Nacional. Intervinieron Jon Juariste, Abelardo Linares, Ramio Fonte y Luis Alberto de Cuenca, a quien me honra conocer personalmente, al haber intervenido con \u00e9l en recitales y tertulias po\u00e9ticas.<\/p>\n<p style=\"text-align: justify;\">Redactaron la letra; la presentaron al Gobierno, pero las diferencias pol\u00edticas en aquel momento no permitieron su aprobaci\u00f3n, y qued\u00f3 en nada el arduo esfuerzo de los escritores y poetas.<\/p>\n<p style=\"text-align: justify;\">El a\u00f1o 2007, el presidente del Comit\u00e9 Ol\u00edmpico Espa\u00f1ol, propuso la redacci\u00f3n de una letra. Se convoc\u00f3 un concurso, se design\u00f3 jurado, y se eligi\u00f3 una nueva letra, entre las muchas que concursaban.<\/p>\n<p style=\"text-align: justify;\">No lleg\u00f3 a ser admitida por varias razones, entre otras por la opini\u00f3n del Tenor que deb\u00eda interpretarla en el estreno de la misma, quien manifest\u00f3 que la letra escogida no se adaptaba a la m\u00fasica en algunos pasajes.<\/p>\n<p style=\"text-align: justify;\">Otros intentos tambi\u00e9n resultaron fallidos, y duermen el sue\u00f1o eterno en el registro de la Propiedad Intelectual, como por ejemplo la que present\u00f3 en 2002 JOAQU\u00cdN SABINA.<\/p>\n<p style=\"text-align: justify;\">La falta de una letra para el Himno crea un lamentable vac\u00edo, unido a la desafecci\u00f3n que manifiesta una parte de espa\u00f1oles, que, al ser interpretado en actos deportivos, sorprendentemente, es objeto de abucheos y silbidos, por unos pocos ignorantes de la Historia, y de las grandezas de Espa\u00f1a a lo largo de los siglos; y no sienten el orgullo de ser espa\u00f1oles. En sus oscuras mentes s\u00f3lo anida el revanchismo y la destrucci\u00f3n de los valores morales y espirituales de Espa\u00f1a.<\/p>\n<p style=\"text-align: justify;\">No acepto las faltas de respeto a los s\u00edmbolos nacionales, ni admito que se destruyan los mismos. Y me hiere en lo m\u00e1s profundo de mi ser, que los buenos espa\u00f1oles y los equipos deportivos, que prestigian a Espa\u00f1a por el mundo, al sonar los compases del Himno Nacional, no tengan una letra del mismo, que pueda ser cantada, exaltando los valores relevantes alcanzados por Espala, en el devenir de su Historia.<\/p>\n<p style=\"text-align: justify;\">Mantengamos la esperanza de que alg\u00fan d\u00eda tengamos un Himno Nacional con letra adaptada, asumida y respetada por los espa\u00f1oles. Que as\u00ed sea.<\/p>\n","protected":false},"excerpt":{"rendered":"<p>Por Rafael Camacho Garc\u00eda Nuestro Himno Nacional es el s\u00edmbolo musical y sentimental que representa a todos los espa\u00f1oles. Mucho&hellip;<\/p>\n","protected":false},"author":2,"featured_media":17092,"comment_status":"open","ping_status":"open","sticky":false,"template":"","format":"standard","meta":{"om_disable_all_campaigns":false,"_mi_skip_tracking":false,"_monsterinsights_sitenote_active":false,"_monsterinsights_sitenote_note":"","_monsterinsights_sitenote_category":0,"footnotes":""},"categories":[21,30],"tags":[],"aioseo_notices":[],"_links":{"self":[{"href":"https:\/\/granadacostaglobal.es\/index.php?rest_route=\/wp\/v2\/posts\/17091"}],"collection":[{"href":"https:\/\/granadacostaglobal.es\/index.php?rest_route=\/wp\/v2\/posts"}],"about":[{"href":"https:\/\/granadacostaglobal.es\/index.php?rest_route=\/wp\/v2\/types\/post"}],"author":[{"embeddable":true,"href":"https:\/\/granadacostaglobal.es\/index.php?rest_route=\/wp\/v2\/users\/2"}],"replies":[{"embeddable":true,"href":"https:\/\/granadacostaglobal.es\/index.php?rest_route=%2Fwp%2Fv2%2Fcomments&post=17091"}],"version-history":[{"count":0,"href":"https:\/\/granadacostaglobal.es\/index.php?rest_route=\/wp\/v2\/posts\/17091\/revisions"}],"wp:featuredmedia":[{"embeddable":true,"href":"https:\/\/granadacostaglobal.es\/index.php?rest_route=\/"}],"wp:attachment":[{"href":"https:\/\/granadacostaglobal.es\/index.php?rest_route=%2Fwp%2Fv2%2Fmedia&parent=17091"}],"wp:term":[{"taxonomy":"category","embeddable":true,"href":"https:\/\/granadacostaglobal.es\/index.php?rest_route=%2Fwp%2Fv2%2Fcategories&post=17091"},{"taxonomy":"post_tag","embeddable":true,"href":"https:\/\/granadacostaglobal.es\/index.php?rest_route=%2Fwp%2Fv2%2Ftags&post=17091"}],"curies":[{"name":"wp","href":"https:\/\/api.w.org\/{rel}","templated":true}]}}