{"id":17037,"date":"2018-04-16T12:01:23","date_gmt":"2018-04-16T12:01:23","guid":{"rendered":"http:\/\/granadacostanacional.es\/?p=17037"},"modified":"2018-04-16T12:01:23","modified_gmt":"2018-04-16T12:01:23","slug":"inquietudes-solidas","status":"publish","type":"post","link":"https:\/\/granadacostaglobal.es\/?p=17037","title":{"rendered":"INQUIETUDES S\u00d3LIDAS"},"content":{"rendered":"<p style=\"text-align: justify;\"><strong>Carlos Ben\u00edtez Villodres<\/strong><\/p>\n<p style=\"text-align: justify;\"><strong>M\u00e1laga<\/strong><\/p>\n<p style=\"text-align: justify;\"><strong>\u00a0\u00a0\u00a0\u00a0\u00a0\u00a0\u00a0\u00a0\u00a0\u00a0\u00a0\u00a0\u00a0\u00a0\u00a0\u00a0\u00a0\u00a0 <\/strong><\/p>\n<p style=\"text-align: justify;\">\n<p style=\"text-align: justify;\">Con los a\u00f1os que llevamos ya de democracia en Espa\u00f1a y todav\u00eda no han asimilado nuestros pol\u00edticos, militen en el partido que militen, que pa\u00edses, como Francia y Alemania, Italia, EE UU\u2026, avanzan, progresan, gracias al esfuerzo, a la constancia, a la eficacia y a la eficiencia de sus clases medias, las m\u00e1s significativas de la sociedad por las razones que todos conocemos. Sin embargo, cuando una naci\u00f3n retrocede las causas primarias y secundarias de dicha marcha atr\u00e1s son consecuencias de la p\u00e9sima gesti\u00f3n del partido en el poder y de aquellos otros que se hallan en la oposici\u00f3n.<\/p>\n<p style=\"text-align: justify;\">\n<p style=\"text-align: justify;\">Los pol\u00edticos que rigen las naciones m\u00e1s ricas del planeta, entre ellos los nuestros, aqu\u00ed los meto a todos en el mismo saco, est\u00e1n fomentando y apoyando, s\u00f3lo por reducir el gasto de los presupuestos nacionales y auton\u00f3micos, el reinado del miedo. No creo que los profesionales de la pol\u00edtica tengan las responsabilidades que tengan, ignoren que, cuando el miedo se introduce y se posa en el orbe interno de la mayor\u00eda de la sociedad, la libertad levanta el vuelo.<\/p>\n<p style=\"text-align: justify;\">\n<p style=\"text-align: justify;\">Las democracias m\u00e1s evolucionadas del planeta est\u00e1n construyendo la \u00e9poca de las prohibiciones. Los pol\u00edticos son los primeros en saber que, cuando proh\u00edben por causas presupuestarias, \u00a1dej\u00e9monos ya de memeces!, est\u00e1n imponiendo sus criterios categ\u00f3ricos y, por consiguiente, siempre discutibles, mermando las libertades de las personas y plantando en cada mente los \u00e1rboles venenosos de los miedos, en cuyas ramas s\u00f3lo el odio y el antagonismo frutecen. Las leyes prohibitivas son portadoras no solo de p\u00e1nico, sino tambi\u00e9n de hast\u00edo. Por ello, los regidores dem\u00f3cratas nunca deben olvidar que el pueblo se cansa de sus pol\u00edticos cuando estos dejan de identificarse con \u00e9l. Y una forma de acrecentar esta desemejanza radica en las prohibiciones beneficiosas para las arcas del Estado y de las distintas Comunidades Aut\u00f3nomas, aunque los pol\u00edticos nos manifiesten p\u00fablicamente otros motivos bien distintos.<\/p>\n<p style=\"text-align: justify;\">\n<p style=\"text-align: justify;\">Pa\u00edses y pueblos siguen caminando, progresando, impregnados de inquietudes s\u00f3lidas que amenazan, como un hurac\u00e1n de signos desconocidos, su ma\u00f1ana incierto.<\/p>\n","protected":false},"excerpt":{"rendered":"<p>Carlos Ben\u00edtez Villodres M\u00e1laga \u00a0\u00a0\u00a0\u00a0\u00a0\u00a0\u00a0\u00a0\u00a0\u00a0\u00a0\u00a0\u00a0\u00a0\u00a0\u00a0\u00a0\u00a0 Con los a\u00f1os que llevamos ya de democracia en Espa\u00f1a y todav\u00eda no han asimilado&hellip;<\/p>\n","protected":false},"author":2,"featured_media":944,"comment_status":"open","ping_status":"open","sticky":false,"template":"","format":"standard","meta":{"om_disable_all_campaigns":false,"_mi_skip_tracking":false,"_monsterinsights_sitenote_active":false,"_monsterinsights_sitenote_note":"","_monsterinsights_sitenote_category":0,"footnotes":""},"categories":[21,30],"tags":[],"aioseo_notices":[],"_links":{"self":[{"href":"https:\/\/granadacostaglobal.es\/index.php?rest_route=\/wp\/v2\/posts\/17037"}],"collection":[{"href":"https:\/\/granadacostaglobal.es\/index.php?rest_route=\/wp\/v2\/posts"}],"about":[{"href":"https:\/\/granadacostaglobal.es\/index.php?rest_route=\/wp\/v2\/types\/post"}],"author":[{"embeddable":true,"href":"https:\/\/granadacostaglobal.es\/index.php?rest_route=\/wp\/v2\/users\/2"}],"replies":[{"embeddable":true,"href":"https:\/\/granadacostaglobal.es\/index.php?rest_route=%2Fwp%2Fv2%2Fcomments&post=17037"}],"version-history":[{"count":0,"href":"https:\/\/granadacostaglobal.es\/index.php?rest_route=\/wp\/v2\/posts\/17037\/revisions"}],"wp:featuredmedia":[{"embeddable":true,"href":"https:\/\/granadacostaglobal.es\/index.php?rest_route=\/"}],"wp:attachment":[{"href":"https:\/\/granadacostaglobal.es\/index.php?rest_route=%2Fwp%2Fv2%2Fmedia&parent=17037"}],"wp:term":[{"taxonomy":"category","embeddable":true,"href":"https:\/\/granadacostaglobal.es\/index.php?rest_route=%2Fwp%2Fv2%2Fcategories&post=17037"},{"taxonomy":"post_tag","embeddable":true,"href":"https:\/\/granadacostaglobal.es\/index.php?rest_route=%2Fwp%2Fv2%2Ftags&post=17037"}],"curies":[{"name":"wp","href":"https:\/\/api.w.org\/{rel}","templated":true}]}}