{"id":16969,"date":"2018-04-06T17:29:33","date_gmt":"2018-04-06T17:29:33","guid":{"rendered":"http:\/\/granadacostanacional.es\/?p=16969"},"modified":"2018-04-06T17:29:33","modified_gmt":"2018-04-06T17:29:33","slug":"el-conocimiento-de-los-documentos-o-titulaciones-deberia-estar-para-algo","status":"publish","type":"post","link":"https:\/\/granadacostaglobal.es\/?p=16969","title":{"rendered":"EL conocimiento de los documentos o titulaciones deber\u00eda estar para algo"},"content":{"rendered":"<p style=\"text-align: justify;\">Hemos asistido a un parip\u00e9 o a un escenario de ambig\u00fcedad ante la no presentaci\u00f3n del documento imprescindible del acta de evaluaci\u00f3n, y estamos ante un posible delito penal grave por falsificaci\u00f3n de documentos p\u00fablicos de nuestros representantes o de nuestras instituciones, o por prevaricaci\u00f3n; ahora despu\u00e9s de lo visto y declarado\u00a0 por Cristina Cifuentes pero recordemos otros aspectos de fraude o manipulaci\u00f3n de documentaci\u00f3n p\u00fablica con\u00a0 \u00cd\u00f1igo Errej\u00f3n sobre el pol\u00e9mico contrato de investigaci\u00f3n con la\u00a0Universidad de M\u00e1laga, o con Luis Rold\u00e1n como director general de la Guardia civil entre otros, que justifican nuestra reflexi\u00f3n. Este primer caso en el tiempo nos sirve como un\u00a0 ejemplo digno de an\u00e1lisis por analog\u00eda o relaci\u00f3n de semejanza entre cosas distintas pero que se suma al triste proceder de la ignorancia de algunos que gobiernan, y que nos servir\u00e1 para nuestra visi\u00f3n cr\u00edtica de los hechos y de su demagogia. En otro orden de cosas, debido a la adecuaci\u00f3n de las ense\u00f1anzas para el acceso a la funci\u00f3n p\u00fablica, el sistema de acceso estructurado claramente en cuerpos, escalas y grupos, es la primera condici\u00f3n para acceder a ellos con la titulaci\u00f3n requerida, y en consecuencia con los estudios y titulaciones vigentes y necesarias hasta ese momento. Pues bien asimismo resulta obvio que hay que atenerse a las condiciones establecidas. Adem\u00e1s, hay que tener en cuenta que desde la aprobaci\u00f3n en el a\u00f1o 2007 del Estatuto B\u00e1sico del Empleado P\u00fablico, se regula las condiciones de trabajo de los empleados al servicio de la Administraci\u00f3n, y que en cierta medida prev\u00e9 el cambio en los estudios y las nuevas titulaciones exigidas para el acceso al empleo p\u00fablico. En este sentido parece mentira que aun despu\u00e9s de haber ocurrido ya tiempo, y haberse cometido los mismos errores del pasado, siga pasando m\u00e1s de lo mismo. Por todo ello parece recomendable repasar el tratamiento de la evaluaci\u00f3n que a los documentos y titulaciones dan las leyes de funci\u00f3n p\u00fablica actualmente vigentes, esto es la Estatal, la Auton\u00f3mica y el nuevo Estatuto B\u00e1sico del Empleado P\u00fablico. Y a su vez parece simple pero no menos significativo que tanto representantes de nuestros partidos pol\u00edticos como aspirantes a ello, no tengan conocimiento m\u00e1s que de sobra si a la cuesti\u00f3n se refieren cuando exigen que se homologuen los sueldos de las Fuerzas y Cuerpos de Seguridad del Estado y otras Administraciones. Pongo el caso ya consabido y cacareado de que se deben igualar los salarios de la Guardia Civil con el de las Polic\u00edas locales, Nacionales y Auton\u00f3micas. Porque las Autoridades que lo exigen deber\u00edan saber tambi\u00e9n y tan bien -que no es lo mismo- que todav\u00eda no se exige la misma titulaci\u00f3n de Bachiller para acceder como en el resto de los Cuerpos, pues para ser guardia civil s\u00f3lo es necesario el t\u00edtulo de la ESO o equivalente. Esta consideraci\u00f3n solo pretende poner a prueba la falta de conocimiento de nuestros dirigentes parlamentarios y su cinismo. Pero lo curioso es que lo arreglar\u00e1n de un plumazo, de un d\u00eda para otro, y as\u00ed nos va, pues ya se pone tambi\u00e9n en entredicho la confianza o el prestigio de las titulaciones de la Educaci\u00f3n Superior, con las Universidades que no controlan el modo de adquisici\u00f3n del M\u00e1ster Universitario, y para m\u00e1s sonrojo de nuestros gobernantes, despu\u00e9s de lo ocurrido con Cristina Cifuentes, para acreditar el cumplimiento de los requisitos de su m\u00e1ster. De modo que ni en un pleno extraordinario de la Asamblea de Madrid su presidenta ha podido explicar con claridad u objetividad entre aplausos de los suyos las supuestas irregularidades, que no argumentan la atribuci\u00f3n a\u00a0una cacer\u00eda sino a la ignominia de un nepotismo. Finalmente juzguen ustedes hasta d\u00f3nde puede llegar el desconocimiento y la falta de \u00e9tica Kantiana de los que nos gobiernan.<\/p>\n<p style=\"text-align: justify;\"><strong>Francisco Velasco Rey<\/strong><\/p>\n","protected":false},"excerpt":{"rendered":"<p>Hemos asistido a un parip\u00e9 o a un escenario de ambig\u00fcedad ante la no presentaci\u00f3n del documento imprescindible del acta&hellip;<\/p>\n","protected":false},"author":2,"featured_media":0,"comment_status":"open","ping_status":"open","sticky":false,"template":"","format":"standard","meta":{"om_disable_all_campaigns":false,"_mi_skip_tracking":false,"_monsterinsights_sitenote_active":false,"_monsterinsights_sitenote_note":"","_monsterinsights_sitenote_category":0,"footnotes":""},"categories":[21,30],"tags":[],"aioseo_notices":[],"_links":{"self":[{"href":"https:\/\/granadacostaglobal.es\/index.php?rest_route=\/wp\/v2\/posts\/16969"}],"collection":[{"href":"https:\/\/granadacostaglobal.es\/index.php?rest_route=\/wp\/v2\/posts"}],"about":[{"href":"https:\/\/granadacostaglobal.es\/index.php?rest_route=\/wp\/v2\/types\/post"}],"author":[{"embeddable":true,"href":"https:\/\/granadacostaglobal.es\/index.php?rest_route=\/wp\/v2\/users\/2"}],"replies":[{"embeddable":true,"href":"https:\/\/granadacostaglobal.es\/index.php?rest_route=%2Fwp%2Fv2%2Fcomments&post=16969"}],"version-history":[{"count":0,"href":"https:\/\/granadacostaglobal.es\/index.php?rest_route=\/wp\/v2\/posts\/16969\/revisions"}],"wp:attachment":[{"href":"https:\/\/granadacostaglobal.es\/index.php?rest_route=%2Fwp%2Fv2%2Fmedia&parent=16969"}],"wp:term":[{"taxonomy":"category","embeddable":true,"href":"https:\/\/granadacostaglobal.es\/index.php?rest_route=%2Fwp%2Fv2%2Fcategories&post=16969"},{"taxonomy":"post_tag","embeddable":true,"href":"https:\/\/granadacostaglobal.es\/index.php?rest_route=%2Fwp%2Fv2%2Ftags&post=16969"}],"curies":[{"name":"wp","href":"https:\/\/api.w.org\/{rel}","templated":true}]}}