{"id":16915,"date":"2018-03-28T08:12:46","date_gmt":"2018-03-28T08:12:46","guid":{"rendered":"http:\/\/granadacostanacional.es\/?p=16915"},"modified":"2018-03-28T08:12:46","modified_gmt":"2018-03-28T08:12:46","slug":"me-quiero-confesar-rosalia-de-castro","status":"publish","type":"post","link":"https:\/\/granadacostaglobal.es\/?p=16915","title":{"rendered":"ME QUIERO CONFESAR.  ROSAL\u00cdA DE CASTRO"},"content":{"rendered":"<p style=\"text-align: justify;\"><a href=\"http:\/\/granadacostanacional.es\/wp-content\/uploads\/2018\/03\/image001-2.jpg\"><img decoding=\"async\" loading=\"lazy\" class=\"aligncenter size-large wp-image-16916\" src=\"http:\/\/granadacostanacional.es\/wp-content\/uploads\/2018\/03\/image001-2.jpg\" alt=\"image001\" width=\"504\" height=\"365\" \/><\/a> <a href=\"http:\/\/granadacostanacional.es\/wp-content\/uploads\/2018\/03\/image003.jpg\"><img decoding=\"async\" loading=\"lazy\" class=\"aligncenter size-large wp-image-16917\" src=\"http:\/\/granadacostanacional.es\/wp-content\/uploads\/2018\/03\/image003.jpg\" alt=\"image003\" width=\"491\" height=\"365\" \/><\/a><\/p>\n<p style=\"text-align: justify;\">Primero fui recibida con elegancia por mi director de Granada Costa y mis buenos amigos m\u00e1s cercanos. Pero Dios me sirvi\u00f3 bien, sab\u00eda que era peque\u00f1a y que necesitaba ser regada, tuve agua en abundancia para mi llegada a un simp\u00e1tico y peque\u00f1o hotel donde fui alojada por un personal a nuestro servicio. Gracias.<\/p>\n<p style=\"text-align: justify;\">Fue la primera vez en mi vida que asist\u00eda a las 24 horas de poes\u00eda. Fue tanto una alegr\u00eda como una tristeza, porque el tiempo estaba triste y perd\u00ed mi sonrisa al tener tantos dolores. Es la primera vez que no sonr\u00edo, yo fui siempre sonriente pero, tal vez, con esta edad es cuando voy a parar de sonre\u00edr a causa de la enfermedad. Que sepan que mientras Dios me d\u00e9 vida, querr\u00e9 bailar, \u00a1aunque tenga que tomar una gran cantidad de medicamentos! Es innecesario criticar, si alguien quiere mi enfermedad, yo se la puedo dar, no la vendo porque entonces me la devuelven. Luch\u00e9 mucho en la vida y es dif\u00edcil parar, \u00a1querr\u00eda morir sobre la pista!<\/p>\n<p style=\"text-align: justify;\">Fue un momento adorado porque me encontr\u00e9 con gente de la cultura, bendita sea Granada Costa y nuestro director, Jos\u00e9 Segura. Para poder vivir un poco m\u00e1s en lugar de llorar me pongo a escribir para confiar mis penas que en la vida pas\u00e9, por eso, lucho siempre a\u00fan estando prohibida de viajar y de todo, \u00a1a nada tengo derecho! Solamente a ver m\u00e9dicos para que me digan que estoy condenada. Pues yo no mat\u00e9 a nadie, pero es mi destino hasta el fin. Si yo pudiese contar lo que escuch\u00e9 y lo que vi\u2026 Cuando podemos admirar a Huetor Tajar, el mundo que puede salir est\u00e1 en el teatro de este pueblo: poetas, escritores, artistas, cantantes, bailarinas, cantantes, pintores y rapsodas. Ver el renacimiento de todos estos jovencitos\/as ya grandes y ni\u00f1os con sus poes\u00edas, sus espect\u00e1culos y toda la formaci\u00f3n para seguir despu\u00e9s de nuestra partida para otro mundo. Jacinta es conocida por todos, es la hija del pueblo, as\u00ed consigui\u00f3 llevarnos a todos a su tierra, nuestra Jacinta querida del pueblo. Le pas\u00f3 lo que a m\u00ed, no est\u00e1bamos obligadas a ir a la escuela y no fuimos, yo no lo abandon\u00e9 y aprend\u00ed sola.<\/p>\n<p style=\"text-align: justify;\">El gran tenor Francisco Rossi, no hablemos de los buenos cantantes, mi adorada Rosal\u00eda de Castro, nuestra Inma Rej\u00f3n con su gran voz. \u00a1Gran cantante y poeta! Y todo el personal que trabaj\u00f3 este d\u00eda para que todo fuese bien y hacernos felices.<\/p>\n<p style=\"text-align: justify;\">Yo, infelizmente, ni fotos hice, entre el fr\u00edo y los dolores, nada ve\u00eda, solamente puse atenci\u00f3n en no perder la hora de mi recital de poes\u00eda y, al final de las 24 horas, quise mostrar al pueblo de Huetor T\u00e1jar que antes sab\u00eda bailar, ahora voy arrancando el resto del \u00e1rbol que est\u00e1 sec\u00e1ndose, incluso la sonrisa se va apagando, infelizmente, incluso estando triste, nunca hab\u00eda perdido mi sonrisa pero llega un momento en nuestra vida que nos sentimos heridas por tantas angustias. Aqu\u00ed ocurre como en el baile, c\u00f3mo es que yo bailo con mis enfermedades. Es lo mismo que pasaba antiguamente, me explotaban, era mal pagada, pero con cuarenta de fiebre ten\u00eda que trabajar, si tomaba un medicamento que no me correspond\u00eda le dec\u00eda a mi jefa que iba a morir que me sent\u00eda ahogada y ella me dec\u00eda que trabajase que se me pasar\u00eda. En aquellos tiempos yo era una esclava, tambi\u00e9n deb\u00eda hacerlo bien y adem\u00e1s para imitar un poco aquella danza que yo hac\u00eda en mi vida y ahora no puedo perder un peque\u00f1o momento con \u00e9sta, mi nueva familia de la escritura y poes\u00eda.<\/p>\n<p style=\"text-align: justify;\"><a href=\"http:\/\/granadacostanacional.es\/wp-content\/uploads\/2018\/03\/image005.jpg\"><img decoding=\"async\" loading=\"lazy\" class=\"aligncenter size-full wp-image-16918\" src=\"http:\/\/granadacostanacional.es\/wp-content\/uploads\/2018\/03\/image005.jpg\" alt=\"image005\" width=\"335\" height=\"667\" \/><\/a><\/p>\n<p style=\"text-align: justify;\">Ya fueron tres veces, en los que, por un medicamento, pensaba que iba a morir, esto fue en 1981. Era tanta la aflicci\u00f3n que baj\u00e9 las escaleras hacia el cuarto de ba\u00f1o y llam\u00e9 al m\u00e9dico, ya respiraba mal y no sab\u00eda lo que me pasaba, menos mal que \u00e9l me pregunt\u00f3 si hab\u00eda tomado cierto medicamento que me hab\u00eda recetado el d\u00eda anterior. Y yo le dije que s\u00ed, que lo tom\u00e9 por la ma\u00f1ana y \u00e9l me dijo: \u00a1pare inmediatamente, est\u00e1 teniendo una alergia! Pues mi jefa no quer\u00eda saber y yo ahora tambi\u00e9n hago lo mismo, tomo o me hago pinchar cortisona y morfina, as\u00ed contin\u00fao hasta no poder, entre la escritura, la poes\u00eda y el baile, fueron mis \u00fanicos placeres. \u00a1De alg\u00fan placer tengo que morir! No fui alcoh\u00f3lica, ni fum\u00e9, no supe lo que era un placer en la vida, ten\u00eda hambre, quer\u00eda comer y no ten\u00eda qu\u00e9. Hoy tengo de comer y de beber, pod\u00eda ir a pasear, pero ni quiero comer ni puedo viajar, quien lea mi comentario me debe comprender. Que sepan que no toda la gente es sorda y pudieron o\u00edr lo que de m\u00ed dec\u00edan.<\/p>\n<p style=\"text-align: justify;\">Yo agradezco a Granada Costa por darme coraje y ciertas personas que est\u00e1n trabajando dentro. Entr\u00e9 dentro por un peri\u00f3dico, para ser socia y, finalmente, siento, por amor, el deber de escribir. Ya tengo tres libros autobiogr\u00e1ficos, dos de poes\u00eda, dentro de poco espero que salga mi sexto, pero a m\u00ed me gustan los libros que no sean de cosas peque\u00f1itas ya que peque\u00f1ita ya soy yo, pues yo tengo la cabeza grande y ahora est\u00e1 qued\u00e1ndose peque\u00f1a y sin nada dentro, aunque la traductora me cuesta m\u00e1s o igual como editar un libro. Escribo libros para dejar mi nombre y no para vender.<\/p>\n<p style=\"text-align: justify;\">Pues digo una vez m\u00e1s viva Granada Costa y su equipo, mi rayo de luz, nuestro director Jos\u00e9 Segura. Adoro escribir poes\u00edas pero hay otras cosas que querr\u00eda escribir pero yo estoy sola, no tengo a nadie, como algunas personas que son ayudadas, yo lo que hago sali\u00f3 de mi cuerpo y de mi cabeza, no hubo un alma pelada que me ayudara. Ahora, con esta enfermedad, la fibromialgia, y adem\u00e1s de una bolsa de l\u00edquido metida en mi pierna que no pueden sacar, por lo visto no tiene cura, esto es porque los m\u00e9dicos no se quieren sentir responsables por si muero en la mesa de operaci\u00f3n. Y mi p\u00e1ncreas con un nudo todo est\u00e1 en este peque\u00f1ito cuerpo que es el m\u00edo. Y quien lo sufre soy yo.<\/p>\n<p style=\"text-align: justify;\">Si no fuese tan corajosa nunca habr\u00eda salido de casa para ir a Huetor T\u00e1jar, solamente quer\u00eda ver lo que nunca hab\u00eda visto porque el pueblo no tiene mucho para visitar y adem\u00e1s hace fr\u00edo. Prefiero mi rinconcito del para\u00edso. Pero a cada uno le gusta el suyo, si yo pudiese, ir\u00eda a sembrar patatas con Jacinta, porque yo s\u00e9 todo lo que es el campo. Bellos tiempos en los que yo cantaba tanto y mi m\u00fasica era el hambre. La campesina brava, persona simp\u00e1tica, amiga, \u00a1un besito! Una vez m\u00e1s agradezco a la Fundaci\u00f3n Granada Costa, mi nueva familia, nuestro director Jos\u00e9 Segura Haro y todos los que lo acompa\u00f1an, un beso para todos, hasta otra, si Dios quisiera.<\/p>\n<p style=\"text-align: justify;\">FRANCELINA ROBIN<\/p>\n<p style=\"text-align: justify;\">\n<p style=\"text-align: justify;\">\n<p style=\"text-align: justify;\"><strong>El mundo a tus pies<\/strong><\/p>\n<p style=\"text-align: justify;\"><strong>\u00a0<\/strong><\/p>\n<p style=\"text-align: justify;\">Si en el desierto me perdiera,<br \/>\nyo buscar\u00eda una salida,<br \/>\nen la luz de tus ojos,<br \/>\ny en esa hermosa luna viajera.<\/p>\n<p style=\"text-align: justify;\">Me beber\u00eda un sin fin de promesas,<br \/>\npara calmar esa sed de mis heridas,<br \/>\nprometer\u00eda no bajarte las estrellas,<br \/>\npero s\u00ed honrar a tu belleza amigas m\u00edas.<\/p>\n<p style=\"text-align: justify;\">Si en el desierto t\u00fa me buscaras,<br \/>\ny a un kil\u00f3metro yo te mirara,<br \/>\nme detendr\u00eda para alabarte en ese encuentro,<br \/>\nporque tu amor de mujer lo valorar\u00e1.<\/p>\n<p style=\"text-align: justify;\">No es caricia desvanecida con complejos,<br \/>\nsolo es el sol que me tiene a la deriva,<br \/>\nte abrazar\u00eda hasta cansarme,<br \/>\npara curarme de mis heridas.<\/p>\n<p style=\"text-align: justify;\">Si en el desierto terminara mi partida<\/p>\n<p style=\"text-align: justify;\">y me sintiera volando lejos sin salida,<br \/>\npero tus manos que son due\u00f1as de mi vida,<br \/>\npor ser mujer te respetar\u00eda, yo te respetar\u00eda.<\/p>\n<p style=\"text-align: justify;\">Eres parcela de deseos prohibidos,<br \/>\nun fruto hermoso que dios nos ha tra\u00eddo,<br \/>\nsin ti qu\u00e9 har\u00edamos cada vez que oscureciera,<br \/>\nnos derrumbar\u00edamos como ese cometa que ha ca\u00eddo.<\/p>\n<p style=\"text-align: justify;\">Francelina Robin<\/p>\n<p>&nbsp;<\/p>\n","protected":false},"excerpt":{"rendered":"<p>Primero fui recibida con elegancia por mi director de Granada Costa y mis buenos amigos m\u00e1s cercanos. Pero Dios me&hellip;<\/p>\n","protected":false},"author":2,"featured_media":15973,"comment_status":"open","ping_status":"open","sticky":false,"template":"","format":"standard","meta":{"om_disable_all_campaigns":false,"_mi_skip_tracking":false,"_monsterinsights_sitenote_active":false,"_monsterinsights_sitenote_note":"","_monsterinsights_sitenote_category":0,"footnotes":""},"categories":[21],"tags":[],"aioseo_notices":[],"_links":{"self":[{"href":"https:\/\/granadacostaglobal.es\/index.php?rest_route=\/wp\/v2\/posts\/16915"}],"collection":[{"href":"https:\/\/granadacostaglobal.es\/index.php?rest_route=\/wp\/v2\/posts"}],"about":[{"href":"https:\/\/granadacostaglobal.es\/index.php?rest_route=\/wp\/v2\/types\/post"}],"author":[{"embeddable":true,"href":"https:\/\/granadacostaglobal.es\/index.php?rest_route=\/wp\/v2\/users\/2"}],"replies":[{"embeddable":true,"href":"https:\/\/granadacostaglobal.es\/index.php?rest_route=%2Fwp%2Fv2%2Fcomments&post=16915"}],"version-history":[{"count":0,"href":"https:\/\/granadacostaglobal.es\/index.php?rest_route=\/wp\/v2\/posts\/16915\/revisions"}],"wp:featuredmedia":[{"embeddable":true,"href":"https:\/\/granadacostaglobal.es\/index.php?rest_route=\/"}],"wp:attachment":[{"href":"https:\/\/granadacostaglobal.es\/index.php?rest_route=%2Fwp%2Fv2%2Fmedia&parent=16915"}],"wp:term":[{"taxonomy":"category","embeddable":true,"href":"https:\/\/granadacostaglobal.es\/index.php?rest_route=%2Fwp%2Fv2%2Fcategories&post=16915"},{"taxonomy":"post_tag","embeddable":true,"href":"https:\/\/granadacostaglobal.es\/index.php?rest_route=%2Fwp%2Fv2%2Ftags&post=16915"}],"curies":[{"name":"wp","href":"https:\/\/api.w.org\/{rel}","templated":true}]}}