{"id":16901,"date":"2018-03-26T09:00:38","date_gmt":"2018-03-26T09:00:38","guid":{"rendered":"http:\/\/granadacostanacional.es\/?p=16901"},"modified":"2018-03-26T09:00:38","modified_gmt":"2018-03-26T09:00:38","slug":"la-carta-que-todos-debimos-leer","status":"publish","type":"post","link":"https:\/\/granadacostaglobal.es\/?p=16901","title":{"rendered":"La carta que todos debimos leer"},"content":{"rendered":"<p style=\"text-align: justify;\">Recuerdo el d\u00eda que nacimos como si hubiese sido hoy mismo. Aquellas horas se hicieron eternas. Nos sent\u00edamos tan felices all\u00ed dentro. Salir de aquel mundo en lo m\u00e1s acogedor y profundo de mama fue horrible. Dentro, el mundo fue un oc\u00e9ano de sensaciones envueltos con la voz de mama y un eterno y placido latido que nos acompa\u00f1\u00f3 a cada minuto durante una vida. Hasta recuerdo ver como re\u00edas, cuando las manos de mama acariciaban tus piernecitas a trav\u00e9s del mundo que te envolv\u00eda. A pesar de estar a tu lado all\u00ed dentro t\u00fa todav\u00eda no me conoc\u00edas hasta que lleg\u00f3 aquel d\u00eda en el que o\u00edste a papa gritar a mama, y ella llor\u00f3, ese d\u00eda lloraste con ella y me conociste, yo soy la tristeza.<\/p>\n<p style=\"text-align: justify;\"><a href=\"http:\/\/granadacostanacional.es\/wp-content\/uploads\/2018\/03\/woman-3189664_1920.jpg\"><img decoding=\"async\" loading=\"lazy\" class=\"aligncenter size-large wp-image-16902\" src=\"http:\/\/granadacostanacional.es\/wp-content\/uploads\/2018\/03\/woman-3189664_1920-593x1024.jpg\" alt=\"woman-3189664_1920\" width=\"593\" height=\"1024\" \/><\/a><\/p>\n<p style=\"text-align: justify;\">Te conozco desde entonces pero t\u00fa has hecho como que no me conoces, has huido de m\u00ed como de una enfermedad. Yo nac\u00ed contigo porque me necesitas igual que necesitas a todas las dem\u00e1s emociones. He intentado hablar contigo muchas veces pero nunca me prestas atenci\u00f3n. Alguien ah\u00ed fuera te ha convencido de que no me necesitas y de que el mundo estar\u00eda mejor sin m\u00ed. Pero cada uno de los que ha intentado convencerte nace con una de mis hermanas y a veces lloran a solas sinti\u00e9ndolas muy dentro de ellas, pero en vez de aceptarlas piensan que les est\u00e1 sucediendo algo malo. Te han hecho creer que la tristeza es mala, que sentir ganas de llorar es terrible y un signo de que te pasa algo malo, pero todos est\u00e1n equivocados, las l\u00e1grimas no se crearon solo para limpiar los ojos, cuando ruedan por tu mejilla bajan acariciando tu piel y justo en ese momento se expande tu coraz\u00f3n y sientes otra emoci\u00f3n a la que yo traigo para ti, el consuelo, la tierna caricia de la compresi\u00f3n, el sosiego que te hace respirar mejor, el beso de mi hermana la compasi\u00f3n, que tuvo d\u00edas de gloria pero que ahora todos desprecian. Y entonces es cuando se cae la venda y te das cuenta que a veces lo malo no es tan malo y ves lo bello que es vivir.<\/p>\n<p style=\"text-align: justify;\">Recuerdo perfectamente tu primer d\u00eda de colegio. Lloraste porque mama se marchaba y nos dejaba en aquel lugar con personas desconocidas. Nos obligaron a no llorar con la excusa de que ya eras mayor, todav\u00eda me pregunto qu\u00e9 es ser mayor. Yo trat\u00e9 de decirte que no hicieses caso, pero enseguida te hicieron comprender que los dem\u00e1s ven el llorar como una debilidad solo permitida para bebes. Como t\u00fa no ve\u00edas a ning\u00fan adulto llorar pensaste que era algo malo, sin saber que ellos tambi\u00e9n lloraban a solas cuando t\u00fa no los ve\u00edas. Siempre trat\u00e9 de decirte que en realidad llorar es una de las cosas m\u00e1s reconfortantes que existen, pero que le han colgados estigmas injustos. El llanto no est\u00e1 relacionado con la maldad que a veces produce dolor sino con el consuelo que cura esas heridas. Pero claro tu mundo solo pinta a seres eternamente felices como mu\u00f1ecos con sonrisas pintadas que no pueden borrar. Esas mismas personas te ense\u00f1aron que debes reprimir y huir del dolor como de un enemigo, por eso est\u00e1n los hospitales llenos de personas que lo \u00fanico que tienen es que viven constantemente con su eterna desconocida la tristeza. Pero tan solo soy la antesala de la felicidad, cuando me aceptas y me entiendes enseguida llega la felicidad a la que todos quer\u00e9is. Pero si yo no existiera jam\u00e1s la hubieseis conocido porque la felicidad no es mi hermana, es mi hija, es lo que nace cuando pasa la tristeza, cuando me aceptan y me quieren.<\/p>\n<p style=\"text-align: justify;\">Ahora que estas abatida y por fin estamos solas t\u00fa y yo frente a frente. Quiero decirte que no soy tu enemiga ni la culpable de que creas que tu vida carece de sentido, ni la culpable de tu depresi\u00f3n ni de tus desgracias, solo vengo a curar tus heridas. Creer que soy mala es lo que te ha llevado a la depresi\u00f3n. A ese estado algunos lo llaman tristeza profunda, pero solo hay una tristeza yo solo soy una. Si me abrazas y me sientes con todos tus sentidos llegaras a sentir el mayor b\u00e1lsamo que un alma puede acariciar. Sentir\u00e1s que eres normal y que no te pasa nada malo como te han ense\u00f1ado. Cuando no me abrazas y ni me miras tengo que pasar m\u00e1s tiempo contigo, no puedo irme hasta que no hagas eso, mi hija la felicidad no puede llegar hasta que no me dejes ir. As\u00ed que lloremos juntas hasta que las l\u00e1grimas nos sanen y entonces sentir\u00e1s lo que es realmente estar vivo.<\/p>\n<p style=\"text-align: right;\"><em><strong>Manuel Salcedo Galvez<\/strong><\/em><\/p>\n","protected":false},"excerpt":{"rendered":"<p>Recuerdo el d\u00eda que nacimos como si hubiese sido hoy mismo. Aquellas horas se hicieron eternas. Nos sent\u00edamos tan felices&hellip;<\/p>\n","protected":false},"author":2,"featured_media":16911,"comment_status":"open","ping_status":"open","sticky":false,"template":"","format":"standard","meta":{"om_disable_all_campaigns":false,"_mi_skip_tracking":false,"_monsterinsights_sitenote_active":false,"_monsterinsights_sitenote_note":"","_monsterinsights_sitenote_category":0,"footnotes":""},"categories":[21],"tags":[],"aioseo_notices":[],"_links":{"self":[{"href":"https:\/\/granadacostaglobal.es\/index.php?rest_route=\/wp\/v2\/posts\/16901"}],"collection":[{"href":"https:\/\/granadacostaglobal.es\/index.php?rest_route=\/wp\/v2\/posts"}],"about":[{"href":"https:\/\/granadacostaglobal.es\/index.php?rest_route=\/wp\/v2\/types\/post"}],"author":[{"embeddable":true,"href":"https:\/\/granadacostaglobal.es\/index.php?rest_route=\/wp\/v2\/users\/2"}],"replies":[{"embeddable":true,"href":"https:\/\/granadacostaglobal.es\/index.php?rest_route=%2Fwp%2Fv2%2Fcomments&post=16901"}],"version-history":[{"count":0,"href":"https:\/\/granadacostaglobal.es\/index.php?rest_route=\/wp\/v2\/posts\/16901\/revisions"}],"wp:featuredmedia":[{"embeddable":true,"href":"https:\/\/granadacostaglobal.es\/index.php?rest_route=\/"}],"wp:attachment":[{"href":"https:\/\/granadacostaglobal.es\/index.php?rest_route=%2Fwp%2Fv2%2Fmedia&parent=16901"}],"wp:term":[{"taxonomy":"category","embeddable":true,"href":"https:\/\/granadacostaglobal.es\/index.php?rest_route=%2Fwp%2Fv2%2Fcategories&post=16901"},{"taxonomy":"post_tag","embeddable":true,"href":"https:\/\/granadacostaglobal.es\/index.php?rest_route=%2Fwp%2Fv2%2Ftags&post=16901"}],"curies":[{"name":"wp","href":"https:\/\/api.w.org\/{rel}","templated":true}]}}