{"id":1678,"date":"2015-06-13T17:19:05","date_gmt":"2015-06-13T17:19:05","guid":{"rendered":"http:\/\/granadacosta.es\/?p=1678"},"modified":"2015-06-13T17:19:05","modified_gmt":"2015-06-13T17:19:05","slug":"cartas-al-director","status":"publish","type":"post","link":"https:\/\/granadacostaglobal.es\/?p=1678","title":{"rendered":"CARTAS AL DIRECTOR"},"content":{"rendered":"<p style=\"text-align: justify;\">Con fecha 10 de Junio 2015, \u00a0se recibi\u00f3 en Granada Costa \u00a0la siguiente misiva \u00a0dirigida nominalmente al Director:<\/p>\n<p style=\"text-align: justify;\">\u201cEl Sindicato de Periodistas de Andaluc\u00eda est\u00e1 realizando un <em>Informe sobre la Profesi\u00f3n Period\u00edstica en Granada,<\/em> dentro del proyecto &#8220;Necesidades comunicativas de la sociedad civil: nuevos yacimientos de empleo para periodistas y comunicadores&#8221; aprobado por la Consejer\u00eda de Econom\u00eda, Innovaci\u00f3n, Ciencia y Empleo de la Junta de Andaluc\u00eda correspondiente al programa Iniciativas de Proyectos de Inter\u00e9s General y Social Generadores de Empleo en su convocatoria de 2014. Adem\u00e1s de los datos estad\u00edsticos sobre la profesi\u00f3n y sus profesionales, vamos a incluir art\u00edculos de opini\u00f3n de los responsables de cada medio en la provincia de Granada sobre la situaci\u00f3n del periodismo en la actualidad por lo que nos dirigimos a usted para solicitarle su colaboraci\u00f3n en este estudio.<br \/>\nEn este art\u00edculo nos gustar\u00eda saber su valoraci\u00f3n acerca de la situaci\u00f3n del Periodismo en los \u00faltimos cinco a\u00f1os, c\u00f3mo le ha afectado la crisis, c\u00f3mo la han abordado desde su medio, si se ha resentido la calidad de la informaci\u00f3n en este periodo y las perspectivas de futuro. El art\u00edculo deber\u00e1 tener una extensi\u00f3n m\u00e1xima de un folio.<br \/>\nLa fecha l\u00edmite para entregar su colaboraci\u00f3n, si as\u00ed lo estima oportuno, es el 17 de junio.<\/p>\n<p style=\"text-align: justify;\">Muchas gracias por su colaboraci\u00f3n<br \/>\nReciba un cordial saludo\u201d<\/p>\n<hr \/>\n<p style=\"text-align: justify;\">Nuestro Director \u00a0D. Juli\u00e1n D\u00edaz Robledo, \u00a0correspondi\u00f3 con el siguiente escrito:<\/p>\n<p style=\"text-align: justify;\">\u00a0\u00a0\u00a0\u00a0\u00a0 \u201cEs un honor para m\u00ed como Director del Peri\u00f3dico Granada Costa,\u00a0 y para cuantos asociados sostenemos con nuestro apoyo y colaboraci\u00f3n \u00a0un peri\u00f3dico mensual, \u00a0sociocultural, \u00a0y \u00a0de \u00e1mbito nacional con \u00a0quince a\u00f1os de existencia, que\u00a0 se dirija \u00a0a nosotros el Sindicato de Periodistas de Andaluc\u00eda, \u00a0pidiendo \u00a0nuestra \u00a0valoraci\u00f3n acerca de la supervivencia de nuestro medio, sacudidos como estamos por la violenta crisis que viene afectando \u00a0al periodismo en general.<\/p>\n<p style=\"text-align: justify;\">\u00a0\u00a0\u00a0\u00a0\u00a0 Y me permito exponer cuanto sigue como afectado, porque no vale achacarlo a la precariedad econ\u00f3mica que padecemos -que ya ser\u00eda suficiente-, \u00a0\u00a0sino a los cuantiosos \u00a0medios\u00a0 digitales que compiten de manera c\u00f3moda y gratuita y que vienen\u00a0 conformando una cultura de la informaci\u00f3n \u00a0novedosa, \u00a0f\u00e1cil y atractiva para los ni\u00f1os y adolescentes que podr\u00edan ser \u00a0los lectores\u00a0 de prensa\u00a0 del \u00a0futuro, \u00a0y que se inician ahora desde su m\u00e1s tierna infancia con \u00a0tantas ofertas \u00a0como\u00a0 tienen a su alcance \u00a0a trav\u00e9s del m\u00f3vil, \u00a0por medios <em>on line <\/em>o con \u00a0la \u00a0indiscutible magia de \u00a0internet.<\/p>\n<p style=\"text-align: justify;\">\u00a0\u00a0\u00a0\u00a0\u00a0 Personalmente entiendo que el periodismo actual\u00a0 goza de\u00a0 un factor determinante \u00a0para su mantenimiento en cualquier formato, \u00a0como es la libertad de expresi\u00f3n que \u00a0brinda la democracia. Para el estudiante \u00a0puede ser un reto y una oportunidad \u00a0que se le ofrece como \u00a0futuro \u00a0periodista,\u00a0 para \u00a0\u00a0exponer\u00a0 sus ideas y pensamiento mientras\u00a0 desarrolla su creatividad informativa.<\/p>\n<p style=\"text-align: justify;\">\u00a0\u00a0\u00a0\u00a0\u00a0 Sobre el futuro de la prensa en papel impreso, cabe el optimismo y la esperanza en momentos de duda \u00a0y precariedad, \u00a0frente a \u00a0la agresiva competencia\u00a0 surgida en las redes sociales y apoyadas por \u00a0los <em>tuits<\/em> y la impagable ayuda de Google convertido hoy en\u00a0 motor de b\u00fasqueda del gigante internet.<\/p>\n<p style=\"text-align: justify;\">\u00a0\u00a0\u00a0\u00a0\u00a0 Me baso en una lecci\u00f3n magistral que viene al caso y merece recordarse, \u00a0\u00a0que tuvimos con \u00a0la llegada de la televisi\u00f3n \u00a0tantos a\u00f1os atr\u00e1s, \u00a0cuando se auguraba la desaparici\u00f3n inminente de la radio, barrida inmisericorde por las prestaciones de aquella caja m\u00e1gica,\u00a0 que nos permit\u00eda pasearnos desde el c\u00f3modo sill\u00f3n de nuestra casa por todos los confines del planeta.\u00a0 Despu\u00e9s de tantos a\u00f1os, la radio sigue siendo un medio preferido y consolidado por la mayor\u00eda de la audiencia,\u00a0 porque cubre la informaci\u00f3n puntual all\u00ed donde se produce, \u00a0y puedes escucharla mientras trabajas, conduces, haces footing, \u00a0paseas, o tomas el sol en\u00a0 la playa.<\/p>\n<p style=\"text-align: justify;\">\u00a0\u00a0\u00a0\u00a0\u00a0 El peri\u00f3dico tradicional \u00a0ofrece cada ma\u00f1ana\u00a0 una \u00a0sorpresa interesante entre sus p\u00e1ginas; y al igual que en un libro -que tambi\u00e9n subsistir\u00e1-, \u00a0las \u00a0hojas\u00a0 se dejan \u00a0desgranar \u00a0entre los\u00a0 dedos del lector, \u00a0impregn\u00e1ndole \u00a0su magia \u00a0y\u00a0 record\u00e1ndole\u00a0\u00a0 insistente \u00a0la fecha \u00a0de su momento perecedero hasta que \u00a0llega a la \u00faltima p\u00e1gina. As\u00ed es un peri\u00f3dico.<\/p>\n<p style=\"text-align: justify;\">\u00a0\u00a0\u00a0\u00a0\u00a0 En lo concerniente a\u00a0 nuestro Granada Costa, \u00a0se trata de un modesto peri\u00f3dico de \u00e1mbito nacional , que representa una fant\u00e1stica oportunidad para cualquier actividad art\u00edstica, cultural y pol\u00edtica que pretenda asomarse a la abierta ventana de sus coloridas p\u00e1ginas; de todo ello vienen disfrutando\u00a0 sus poetas, escritores, pintores, artistas, m\u00fasicos y lectores\u00a0 en general, que pueden beneficiarse tambi\u00e9n de su variopinta informaci\u00f3n a trav\u00e9s de \u00a0las p\u00e1ginas de internet \u00a0<a href=\"http:\/\/www.granadacosta.es\">www.granadacosta.es<\/a>\u00a0 el mismo d\u00eda de su salida.<\/p>\n<p style=\"text-align: justify;\">Atentamente,<\/p>\n<p style=\"text-align: justify;\">Juli\u00e1n D\u00edaz Robledo<\/p>\n<p style=\"text-align: justify;\">Director de Granada Costa\u201d.<\/p>\n","protected":false},"excerpt":{"rendered":"<p>Con fecha 10 de Junio 2015, \u00a0se recibi\u00f3 en Granada Costa \u00a0la siguiente misiva \u00a0dirigida nominalmente al Director: \u201cEl Sindicato&hellip;<\/p>\n","protected":false},"author":2,"featured_media":1679,"comment_status":"open","ping_status":"open","sticky":false,"template":"","format":"standard","meta":{"om_disable_all_campaigns":false,"_mi_skip_tracking":false,"_monsterinsights_sitenote_active":false,"_monsterinsights_sitenote_note":"","_monsterinsights_sitenote_category":0,"footnotes":""},"categories":[21,22],"tags":[],"aioseo_notices":[],"_links":{"self":[{"href":"https:\/\/granadacostaglobal.es\/index.php?rest_route=\/wp\/v2\/posts\/1678"}],"collection":[{"href":"https:\/\/granadacostaglobal.es\/index.php?rest_route=\/wp\/v2\/posts"}],"about":[{"href":"https:\/\/granadacostaglobal.es\/index.php?rest_route=\/wp\/v2\/types\/post"}],"author":[{"embeddable":true,"href":"https:\/\/granadacostaglobal.es\/index.php?rest_route=\/wp\/v2\/users\/2"}],"replies":[{"embeddable":true,"href":"https:\/\/granadacostaglobal.es\/index.php?rest_route=%2Fwp%2Fv2%2Fcomments&post=1678"}],"version-history":[{"count":0,"href":"https:\/\/granadacostaglobal.es\/index.php?rest_route=\/wp\/v2\/posts\/1678\/revisions"}],"wp:featuredmedia":[{"embeddable":true,"href":"https:\/\/granadacostaglobal.es\/index.php?rest_route=\/"}],"wp:attachment":[{"href":"https:\/\/granadacostaglobal.es\/index.php?rest_route=%2Fwp%2Fv2%2Fmedia&parent=1678"}],"wp:term":[{"taxonomy":"category","embeddable":true,"href":"https:\/\/granadacostaglobal.es\/index.php?rest_route=%2Fwp%2Fv2%2Fcategories&post=1678"},{"taxonomy":"post_tag","embeddable":true,"href":"https:\/\/granadacostaglobal.es\/index.php?rest_route=%2Fwp%2Fv2%2Ftags&post=1678"}],"curies":[{"name":"wp","href":"https:\/\/api.w.org\/{rel}","templated":true}]}}