{"id":16777,"date":"2018-03-24T13:43:14","date_gmt":"2018-03-24T13:43:14","guid":{"rendered":"http:\/\/granadacostanacional.es\/?p=16777"},"modified":"2018-03-24T13:43:14","modified_gmt":"2018-03-24T13:43:14","slug":"cuarta-edicion-de-las-24-horas-de-poesia-del-proyecto-nacional-de-cultura-granada-costa","status":"publish","type":"post","link":"https:\/\/granadacostaglobal.es\/?p=16777","title":{"rendered":"Cuarta edici\u00f3n de las 24 Horas de Poes\u00eda del Proyecto Nacional de Cultura Granada Costa"},"content":{"rendered":"<h3 style=\"text-align: justify;\">La cuarta edici\u00f3n de 24 horas de poes\u00eda Granada Costa dedicadas a homenajear a Rosal\u00eda de Castro durante los d\u00edas 20 y 21 de marzo de 2018 puedo afirmar que han sido un gran \u00e9xito por los motivos siguientes: 1\u00ba: por el marco incomparable que hemos tenido este a\u00f1o, el Teatro Municipal de la Casa de la Cultura de Hu\u00e9tor-T\u00e1jar, 2\u00ba: por el gran n\u00famero de participantes que han intervenido y 3\u00ba: por la coordinaci\u00f3n de los compa\u00f1eros de Hu\u00e9tor-T\u00e1jar en los que quiero destacar a nuestra compa\u00f1era Jacinta Ortiz Mesa, a Victoria Exp\u00f3sito Conde, Ana L\u00f3pez C\u00f3zar, Juan Miguel Jaimez P\u00e9rez, Alicia Ruiz S\u00e1nchez y Mar\u00eda Dolores L\u00f3pez (Teniente de Alcalde del Ayuntamiento de Hu\u00e9tor-T\u00e1jar), Mayka G\u00f3mez Reinoso (t\u00e9cnica de cultura del Ayuntamiento de Hu\u00e9tor-T\u00e1jar) y Jos\u00e9 Molina Pinilla (encargado del control del Teatro) y nuestros compa\u00f1eros que tuvieron a bien desplazarse para quedarse all\u00ed las 24 horas: Pepa Cort\u00e9s, Jos\u00e9 Heredia, Francelina Robin y su marido Claude, Jes\u00fas Alonso, Francisco Rossi, Chus Pineda, Inmaculada Rej\u00f3n, Carmen Carrasco Ramos, Antonio Bonet San Cler, Jos\u00e9 Manuel Balaguer, los t\u00e9cnicos Abd\u00f3n acompa\u00f1ado por su mujer y Antonio Manuel Segura.<\/h3>\n<p style=\"text-align: justify;\"><strong>Breve Pincelada de nuestro recorrido en las 24 Horas<\/strong><\/p>\n<p style=\"text-align: justify;\">En el a\u00f1o 2015, el Proyecto Nacional de Cultura Granada Costa se plante\u00f3 celebrar sus primeras 24 Horas de Poes\u00eda en las que estaba la incertidumbre de si se podr\u00edan mantener 24 horas seguidas de poes\u00eda o no. Para esta ocasi\u00f3n se eligi\u00f3 como poeta homenajeado a Gustavo Adolfo B\u00e9cquer y que el lugar de celebraci\u00f3n ser\u00eda el Sal\u00f3n de Actos del Proyecto Nacional de Cultura Granada Costa. Al final se demostr\u00f3 que nuestro Proyecto ya estaba preparado para este tipo de eventos, terminando con gran \u00e9xito las primeras 24 Horas. Esto nos anim\u00f3 a celebrar las siguientes 24 horas de poes\u00eda para el a\u00f1o 2016, coincidiendo tambi\u00e9n con el D\u00eda Internacional de la Poes\u00eda y la poeta homenajeada en esta ocasi\u00f3n fue Santa Teresa de Jes\u00fas. El marco elegido fue el hotel Helios de Almu\u00f1\u00e9car y ya en esta ocasi\u00f3n contamos con representaci\u00f3n teatral de la poes\u00eda, donde uno de los puntos a destacar fue la diversidad de vestuario que tuvimos, basado en el siglo XVI, m\u00e1s la edici\u00f3n de un libro por primera vez con la vida y obra de Santa Teresa y una recopilaci\u00f3n de las 24 horas de poes\u00eda.<\/p>\n<p style=\"text-align: justify;\">Finalizadas estas 24 Horas el d\u00eda 21 de marzo y con alegr\u00eda en los rostros de todos los presentes por haber conseguido uno de los retos m\u00e1s importantes del Proyecto Nacional de Cultura Granada Costa, dimos a conocer que las pr\u00f3ximas 24 horas para el a\u00f1o 2017 ser\u00edan en honor al primer poeta y escritor en lengua castellana, Gonzalo de Berceo. El marco elegido para estas 24 horas fue el sal\u00f3n de actos de la Casa de Cultura de Molv\u00edzar. Finalizadas estas 24 horas con gran \u00e9xito de nuevo, por votaci\u00f3n popular de los all\u00ed presentes se decide homenajear para la pr\u00f3xima edici\u00f3n del evento en 2018 a la poeta gallega Rosal\u00eda de Castro.<\/p>\n<p style=\"text-align: justify;\">Para la preparaci\u00f3n de este Homenaje a Rosal\u00eda de Castro, desde el Proyecto Nacional de Cultura Granada Costa nos pusimos al habla con el Museo Fundaci\u00f3n de Rosal\u00eda en Padr\u00f3n, Galicia, para que nos mandasen parte de su obra y biograf\u00eda, y ellos, con sumo inter\u00e9s y gusto nos mandaron todo lo solicitado. En octubre de 2017 se decidi\u00f3, a petici\u00f3n de nuestra compa\u00f1era Jacinta (la campesina), celebrar estas 24 horas en el Teatro de la Casa de la Cultura en Hu\u00e9tor-T\u00e1jar.<\/p>\n<p style=\"text-align: justify;\"><strong>Desarrollo de las 24 Horas de Poes\u00eda<\/strong><\/p>\n<p style=\"text-align: justify;\">A las 10 en punto de la ma\u00f1ana del d\u00eda 20 comenzaron las 24 horas de poes\u00eda con una mesa redonda en la que participaban los siguientes compa\u00f1eros: Alfredo Arrebola, Profesor y cantaor de Flamenco, Francisco Velasco Rey, Profesor y Escritor, Carmen Carrasco Ramos, Delegada Nacional de Poes\u00eda Granada Costa, Mayka G\u00f3mez Reinoso, t\u00e9cnica de cultura del Ayuntamiento de Hu\u00e9tor-T\u00e1jar y Mar\u00eda Dolores L\u00f3pez Jim\u00e9nez, Teniente de Alcalde del Ayuntamiento de Hu\u00e9tor-T\u00e1jar y coordinada la mesa por un servidor.<\/p>\n<p style=\"text-align: justify;\"><a href=\"http:\/\/granadacostanacional.es\/wp-content\/uploads\/2018\/03\/IMG_9457.jpg\"><img decoding=\"async\" loading=\"lazy\" class=\"aligncenter size-large wp-image-16778\" src=\"http:\/\/granadacostanacional.es\/wp-content\/uploads\/2018\/03\/IMG_9457-1024x683.jpg\" alt=\"IMG_9457\" width=\"1024\" height=\"683\" \/><\/a> <a href=\"http:\/\/granadacostanacional.es\/wp-content\/uploads\/2018\/03\/IMG_9462.jpg\"><img decoding=\"async\" loading=\"lazy\" class=\"aligncenter size-large wp-image-16779\" src=\"http:\/\/granadacostanacional.es\/wp-content\/uploads\/2018\/03\/IMG_9462-1024x683.jpg\" alt=\"IMG_9462\" width=\"1024\" height=\"683\" \/><\/a><\/p>\n<p style=\"text-align: justify;\">Despu\u00e9s de haber saludado a los presentes y hacer un comentario sobre nuestra trayectoria dentro de las 24 horas de poes\u00eda y c\u00f3mo se iban a desarrollar estas 24 horas, toc\u00f3 el turno de la representante del Ayuntamiento, Mar\u00eda Dolores, que agradeci\u00f3 a los componentes del Proyecto Nacional de Cultura que hayan decidido celebrar all\u00ed las 24 horas, nos abri\u00f3 las puertas para pr\u00f3ximos eventos en nombre del Alcalde y en el suyo propio y pas\u00f3 a desgranar que hab\u00eda descubierto a esta gran poeta, Rosal\u00eda de Castro, de la que ten\u00eda conocimientos como es normal pero que cuando se ha adentrado en su vida y obra se ha dado cuenta del papel tan fundamental de esta mujer en el mundo de las letras y sobre todo el mundo de la mujer. Mayka habl\u00f3 como no pod\u00eda ser de otra manera, de la gran obra que se lleva realizando en Hu\u00e9tor-T\u00e1jar durante much\u00edsimos a\u00f1os en ese gran Bel\u00e9n que se monta y que todos los a\u00f1os se desmonta un 50% para renovarlo, donde se est\u00e1n alcanzando cifras incalculables de visitas, no solamente del poniente granadino, sino de toda Espa\u00f1a y se ofreci\u00f3 para que cont\u00e1semos durante las 24 horas para todas las participaciones en las que pudiera intervenir.<\/p>\n<p style=\"text-align: justify;\">Francisco Velasco Rey hizo un estudio sobre la figura de Rosal\u00eda de Castro resaltando bastantes facetas de su vida y obras publicadas. Alfredo Arrebola se hab\u00eda preparado el tema bastante bien, destacando sobre todo los puntos familiares y el enga\u00f1o tan grande que Rosal\u00eda hab\u00eda tenido sobre su infancia hasta que lleg\u00f3 a conocer de verdad a su madre y enterarse de que su padre era cura, y por esos motivos no le hab\u00edan dado a conocer su historia, algo que caus\u00f3 un trauma en su vida, pero que le dio fuerzas para ser una de las grandes de las letras de su \u00e9poca. Carmen Carrasco, que coincidi\u00f3 con todo lo anteriormente dicho, destac\u00f3 bastantes facetas tanto de la vida como de la obra de Rosal\u00eda de Castro, hasta tal punto que la hab\u00eda inspirado a hacer una representaci\u00f3n teatral sobre el esp\u00edritu de Rosal\u00eda de Castro en el cual daba a conocer su recorrido en los 48 a\u00f1os de vida de esta gran escritora y poeta, mujer que se adelant\u00f3 a su \u00e9poca.<\/p>\n<p style=\"text-align: justify;\">Finalizando Carmen Carrasco, entr\u00f3 en directo por videoconferencia nuestra Directora Adjunta para Catalu\u00f1a, la Doctora To\u00f1y Castillo, desde el Aula Hospitalaria de L\u00e9rida. Desde all\u00ed imparti\u00f3 el preg\u00f3n de estas 24 horas de poes\u00eda, tocando puntos importantes como es la labor que nuestro Proyecto desarrolla en la poes\u00eda, lo importante que es que nuestro Proyecto, que durante 4 a\u00f1os consecutivos haya organizado 24 horas de poes\u00eda y tocando todos los puntos m\u00e1s sensibles sobre la poeta homenajeada. En estos momentos tuvimos m\u00e1xima audiencia a trav\u00e9s de las redes sociales ya que est\u00e1bamos retransmitiendo en directo por el Canal Granada Costa para todo el mundo.<\/p>\n<p style=\"text-align: justify;\"><a href=\"http:\/\/granadacostanacional.es\/wp-content\/uploads\/2018\/03\/IMG_9469.jpg\"><img decoding=\"async\" loading=\"lazy\" class=\"aligncenter size-large wp-image-16780\" src=\"http:\/\/granadacostanacional.es\/wp-content\/uploads\/2018\/03\/IMG_9469-1024x683.jpg\" alt=\"IMG_9469\" width=\"1024\" height=\"683\" \/><\/a><\/p>\n<p style=\"text-align: justify;\">De 11:30 a 13:00 horas de ese mismo d\u00eda, tuvimos representaci\u00f3n teatral de la Poes\u00eda a cargo de To\u00f1y Escabias Garc\u00eda, Francisco Velasco Rey y Mar\u00eda Jos\u00e9 Mu\u00f1oz Rubio, con el t\u00edtulo \u201cla lucha contra el olvido, tres aproximaciones en teatro, poes\u00eda y pintura sobre piedra presentado en prosa po\u00e9tica\u201d terminado con las \u201cLas arrugas del olivo, siete deseos, siete sue\u00f1os\u201d de To\u00f1y Escabias Garc\u00eda.<\/p>\n<p style=\"text-align: justify;\"><a href=\"http:\/\/granadacostanacional.es\/wp-content\/uploads\/2018\/03\/IMG_9509.jpg\"><img decoding=\"async\" loading=\"lazy\" class=\"aligncenter size-large wp-image-16781\" src=\"http:\/\/granadacostanacional.es\/wp-content\/uploads\/2018\/03\/IMG_9509-1024x683.jpg\" alt=\"IMG_9509\" width=\"1024\" height=\"683\" \/><\/a> <a href=\"http:\/\/granadacostanacional.es\/wp-content\/uploads\/2018\/03\/IMG_9520.jpg\"><img decoding=\"async\" loading=\"lazy\" class=\"aligncenter size-large wp-image-16782\" src=\"http:\/\/granadacostanacional.es\/wp-content\/uploads\/2018\/03\/IMG_9520-1024x683.jpg\" alt=\"IMG_9520\" width=\"1024\" height=\"683\" \/><\/a> <a href=\"http:\/\/granadacostanacional.es\/wp-content\/uploads\/2018\/03\/IMG_9525.jpg\"><img decoding=\"async\" loading=\"lazy\" class=\"aligncenter size-large wp-image-16783\" src=\"http:\/\/granadacostanacional.es\/wp-content\/uploads\/2018\/03\/IMG_9525-1024x683.jpg\" alt=\"IMG_9525\" width=\"1024\" height=\"683\" \/><\/a> <a href=\"http:\/\/granadacostanacional.es\/wp-content\/uploads\/2018\/03\/IMG_9540.jpg\"><img decoding=\"async\" loading=\"lazy\" class=\"aligncenter size-large wp-image-16784\" src=\"http:\/\/granadacostanacional.es\/wp-content\/uploads\/2018\/03\/IMG_9540-1024x683.jpg\" alt=\"IMG_9540\" width=\"1024\" height=\"683\" \/><\/a> <a href=\"http:\/\/granadacostanacional.es\/wp-content\/uploads\/2018\/03\/IMG_9544.jpg\"><img decoding=\"async\" loading=\"lazy\" class=\"aligncenter size-large wp-image-16785\" src=\"http:\/\/granadacostanacional.es\/wp-content\/uploads\/2018\/03\/IMG_9544-1024x683.jpg\" alt=\"IMG_9544\" width=\"1024\" height=\"683\" \/><\/a><\/p>\n<p style=\"text-align: justify;\">De 13:00 a 14:00 horas de la tarde, tuvimos la participaci\u00f3n del Colegio de Zagra (San Jos\u00e9 de Calasanz), donde participaron un gran n\u00famero de alumnos acompa\u00f1ados por sus maestros, uno de los cuales cant\u00f3 una canci\u00f3n al final de la actuaci\u00f3n de los ni\u00f1os. Le dieron juventud y calidez a las 24 horas, en que tambi\u00e9n hubo un gran pico de audiencia, sobre todo en Zagra, donde todos estaban conectados para ver la participaci\u00f3n de sus hijos.<\/p>\n<p style=\"text-align: justify;\"><a href=\"http:\/\/granadacostanacional.es\/wp-content\/uploads\/2018\/03\/IMG_9552.jpg\"><img decoding=\"async\" loading=\"lazy\" class=\"aligncenter size-large wp-image-16786\" src=\"http:\/\/granadacostanacional.es\/wp-content\/uploads\/2018\/03\/IMG_9552-1024x683.jpg\" alt=\"IMG_9552\" width=\"1024\" height=\"683\" \/><\/a> <a href=\"http:\/\/granadacostanacional.es\/wp-content\/uploads\/2018\/03\/IMG_9556.jpg\"><img decoding=\"async\" loading=\"lazy\" class=\"aligncenter size-large wp-image-16787\" src=\"http:\/\/granadacostanacional.es\/wp-content\/uploads\/2018\/03\/IMG_9556-1024x683.jpg\" alt=\"IMG_9556\" width=\"1024\" height=\"683\" \/><\/a> <a href=\"http:\/\/granadacostanacional.es\/wp-content\/uploads\/2018\/03\/IMG_9564.jpg\"><img decoding=\"async\" loading=\"lazy\" class=\"aligncenter size-large wp-image-16788\" src=\"http:\/\/granadacostanacional.es\/wp-content\/uploads\/2018\/03\/IMG_9564-1024x683.jpg\" alt=\"IMG_9564\" width=\"1024\" height=\"683\" \/><\/a> <a href=\"http:\/\/granadacostanacional.es\/wp-content\/uploads\/2018\/03\/IMG_9568.jpg\"><img decoding=\"async\" loading=\"lazy\" class=\"aligncenter size-large wp-image-16789\" src=\"http:\/\/granadacostanacional.es\/wp-content\/uploads\/2018\/03\/IMG_9568-1024x683.jpg\" alt=\"IMG_9568\" width=\"1024\" height=\"683\" \/><\/a> <a href=\"http:\/\/granadacostanacional.es\/wp-content\/uploads\/2018\/03\/IMG_9571.jpg\"><img decoding=\"async\" loading=\"lazy\" class=\"aligncenter size-large wp-image-16790\" src=\"http:\/\/granadacostanacional.es\/wp-content\/uploads\/2018\/03\/IMG_9571-1024x683.jpg\" alt=\"IMG_9571\" width=\"1024\" height=\"683\" \/><\/a> <a href=\"http:\/\/granadacostanacional.es\/wp-content\/uploads\/2018\/03\/IMG_9580.jpg\"><img decoding=\"async\" loading=\"lazy\" class=\"aligncenter size-large wp-image-16791\" src=\"http:\/\/granadacostanacional.es\/wp-content\/uploads\/2018\/03\/IMG_9580-1024x683.jpg\" alt=\"IMG_9580\" width=\"1024\" height=\"683\" \/><\/a> <a href=\"http:\/\/granadacostanacional.es\/wp-content\/uploads\/2018\/03\/IMG_9587.jpg\"><img decoding=\"async\" loading=\"lazy\" class=\"aligncenter size-large wp-image-16792\" src=\"http:\/\/granadacostanacional.es\/wp-content\/uploads\/2018\/03\/IMG_9587-1024x683.jpg\" alt=\"IMG_9587\" width=\"1024\" height=\"683\" \/><\/a> <a href=\"http:\/\/granadacostanacional.es\/wp-content\/uploads\/2018\/03\/IMG_9591.jpg\"><img decoding=\"async\" loading=\"lazy\" class=\"aligncenter size-large wp-image-16793\" src=\"http:\/\/granadacostanacional.es\/wp-content\/uploads\/2018\/03\/IMG_9591-1024x683.jpg\" alt=\"IMG_9591\" width=\"1024\" height=\"683\" \/><\/a> <a href=\"http:\/\/granadacostanacional.es\/wp-content\/uploads\/2018\/03\/IMG_9597.jpg\"><img decoding=\"async\" loading=\"lazy\" class=\"aligncenter size-large wp-image-16794\" src=\"http:\/\/granadacostanacional.es\/wp-content\/uploads\/2018\/03\/IMG_9597-1024x683.jpg\" alt=\"IMG_9597\" width=\"1024\" height=\"683\" \/><\/a> <a href=\"http:\/\/granadacostanacional.es\/wp-content\/uploads\/2018\/03\/IMG_9610.jpg\"><img decoding=\"async\" loading=\"lazy\" class=\"aligncenter size-large wp-image-16795\" src=\"http:\/\/granadacostanacional.es\/wp-content\/uploads\/2018\/03\/IMG_9610-1024x683.jpg\" alt=\"IMG_9610\" width=\"1024\" height=\"683\" \/><\/a> <a href=\"http:\/\/granadacostanacional.es\/wp-content\/uploads\/2018\/03\/IMG_9614.jpg\"><img decoding=\"async\" loading=\"lazy\" class=\"aligncenter size-large wp-image-16796\" src=\"http:\/\/granadacostanacional.es\/wp-content\/uploads\/2018\/03\/IMG_9614-1024x683.jpg\" alt=\"IMG_9614\" width=\"1024\" height=\"683\" \/><\/a><\/p>\n<p style=\"text-align: justify;\">Entre las 14:00 y 16:00 horas participaron un ramillete de poetas, tanto locales como personas que se hab\u00edan desplazado para cubrir estas dos horas. Todos tuvieron la oportunidad de expresar sus sentimientos dentro del mundo de la poes\u00eda.<\/p>\n<p style=\"text-align: justify;\"><a href=\"http:\/\/granadacostanacional.es\/wp-content\/uploads\/2018\/03\/IMG_9625.jpg\"><img decoding=\"async\" loading=\"lazy\" class=\"aligncenter size-large wp-image-16797\" src=\"http:\/\/granadacostanacional.es\/wp-content\/uploads\/2018\/03\/IMG_9625-1024x683.jpg\" alt=\"IMG_9625\" width=\"1024\" height=\"683\" \/><\/a> <a href=\"http:\/\/granadacostanacional.es\/wp-content\/uploads\/2018\/03\/IMG_9628.jpg\"><img decoding=\"async\" loading=\"lazy\" class=\"aligncenter size-large wp-image-16798\" src=\"http:\/\/granadacostanacional.es\/wp-content\/uploads\/2018\/03\/IMG_9628-1024x683.jpg\" alt=\"IMG_9628\" width=\"1024\" height=\"683\" \/><\/a> <a href=\"http:\/\/granadacostanacional.es\/wp-content\/uploads\/2018\/03\/IMG_9632.jpg\"><img decoding=\"async\" loading=\"lazy\" class=\"aligncenter size-large wp-image-16799\" src=\"http:\/\/granadacostanacional.es\/wp-content\/uploads\/2018\/03\/IMG_9632-1024x683.jpg\" alt=\"IMG_9632\" width=\"1024\" height=\"683\" \/><\/a> <a href=\"http:\/\/granadacostanacional.es\/wp-content\/uploads\/2018\/03\/IMG_9629.jpg\"><img decoding=\"async\" loading=\"lazy\" class=\"aligncenter size-large wp-image-16802\" src=\"http:\/\/granadacostanacional.es\/wp-content\/uploads\/2018\/03\/IMG_9629-1024x683.jpg\" alt=\"IMG_9629\" width=\"1024\" height=\"683\" \/><\/a><\/p>\n<p style=\"text-align: justify;\">De 16:00 a 17:00 tuvimos una lectura po\u00e9tica sobre la poes\u00eda de Francelina Robin siendo su autora la protagonista en mayor medida de esta obra. En la siguiente hora intervinieron gran cantidad de poetas con gran entusiasmo.<\/p>\n<p style=\"text-align: justify;\"><a href=\"http:\/\/granadacostanacional.es\/wp-content\/uploads\/2018\/03\/IMG_9639.jpg\"><img decoding=\"async\" loading=\"lazy\" class=\"aligncenter size-large wp-image-16803\" src=\"http:\/\/granadacostanacional.es\/wp-content\/uploads\/2018\/03\/IMG_9639-1024x683.jpg\" alt=\"IMG_9639\" width=\"1024\" height=\"683\" \/><\/a><\/p>\n<p style=\"text-align: justify;\">De 18:00 a 19:00, momento bastante importante, toc\u00f3 el turno a la lectura del libro <em>En medio de la Selva<\/em> del autor Carlos Ben\u00edtez Villodres. Esta mesa estuvo compuesta por Inmaculada Rej\u00f3n, Mayka G\u00f3mez, Carmen Carrasco, Loli Molina y el propio autor del libro. Una hora en la que pudimos adentrarnos en la apasionante poes\u00eda de Carlos Ben\u00edtez Villodres.<\/p>\n<p style=\"text-align: justify;\"><a href=\"http:\/\/granadacostanacional.es\/wp-content\/uploads\/2018\/03\/IMG_9671.jpg\"><img decoding=\"async\" loading=\"lazy\" class=\"aligncenter size-large wp-image-16801\" src=\"http:\/\/granadacostanacional.es\/wp-content\/uploads\/2018\/03\/IMG_9671-1024x683.jpg\" alt=\"IMG_9671\" width=\"1024\" height=\"683\" \/><\/a><\/p>\n<p style=\"text-align: justify;\">De 19:00 a 20:00, en esta hora dirigida por Rogelio Bustos Almendros con la colaboraci\u00f3n de Juli\u00e1n D\u00edaz Robledo, Aurora Fern\u00e1ndez G\u00f3mez y Francisco Rossi se desarroll\u00f3 la primera parte de su interpretaci\u00f3n: \u201cEl arte en el desarrollo humano \u2013 interacci\u00f3n entre la pintura y la poes\u00eda\u201d. Como siempre, Rogelio demostr\u00f3 su preparaci\u00f3n combinando pintura con poes\u00eda, por lo que recibi\u00f3 una fuerte ovaci\u00f3n del p\u00fablico y el reconocimiento por su buen hacer.<\/p>\n<p style=\"text-align: justify;\"><a href=\"http:\/\/granadacostanacional.es\/wp-content\/uploads\/2018\/03\/IMG_9686.jpg\"><img decoding=\"async\" loading=\"lazy\" class=\"aligncenter size-large wp-image-16804\" src=\"http:\/\/granadacostanacional.es\/wp-content\/uploads\/2018\/03\/IMG_9686-1024x683.jpg\" alt=\"IMG_9686\" width=\"1024\" height=\"683\" \/><\/a> <a href=\"http:\/\/granadacostanacional.es\/wp-content\/uploads\/2018\/03\/IMG_9690.jpg\"><img decoding=\"async\" loading=\"lazy\" class=\"aligncenter size-large wp-image-16805\" src=\"http:\/\/granadacostanacional.es\/wp-content\/uploads\/2018\/03\/IMG_9690-1024x683.jpg\" alt=\"IMG_9690\" width=\"1024\" height=\"683\" \/><\/a> <a href=\"http:\/\/granadacostanacional.es\/wp-content\/uploads\/2018\/03\/IMG_9691.jpg\"><img decoding=\"async\" loading=\"lazy\" class=\"aligncenter size-large wp-image-16806\" src=\"http:\/\/granadacostanacional.es\/wp-content\/uploads\/2018\/03\/IMG_9691-1024x683.jpg\" alt=\"IMG_9691\" width=\"1024\" height=\"683\" \/><\/a> <a href=\"http:\/\/granadacostanacional.es\/wp-content\/uploads\/2018\/03\/IMG_9692.jpg\"><img decoding=\"async\" loading=\"lazy\" class=\"aligncenter size-large wp-image-16807\" src=\"http:\/\/granadacostanacional.es\/wp-content\/uploads\/2018\/03\/IMG_9692-1024x683.jpg\" alt=\"IMG_9692\" width=\"1024\" height=\"683\" \/><\/a> <a href=\"http:\/\/granadacostanacional.es\/wp-content\/uploads\/2018\/03\/IMG_9693.jpg\"><img decoding=\"async\" loading=\"lazy\" class=\"aligncenter size-large wp-image-16808\" src=\"http:\/\/granadacostanacional.es\/wp-content\/uploads\/2018\/03\/IMG_9693-1024x683.jpg\" alt=\"IMG_9693\" width=\"1024\" height=\"683\" \/><\/a><\/p>\n<p style=\"text-align: justify;\">De 20:00 a 21:00, le toc\u00f3 el turno al cantaor Jos\u00e9 el Granaino, cuando present\u00f3 su \u00faltimo disco titulado \u201cEn homenaje a mis amigos de Granada Costa\u201d, primero dando lectura a los poemas de los autores, todos participantes en nuestro Proyecto y despu\u00e9s cantando cada poes\u00eda, acompa\u00f1ado a la guitarra por Jes\u00fas Alonso. Las poes\u00edas y sus autores son:<\/p>\n<p style=\"text-align: justify;\"><a href=\"http:\/\/granadacostanacional.es\/wp-content\/uploads\/2018\/03\/IMG_9701.jpg\"><img decoding=\"async\" loading=\"lazy\" class=\"aligncenter size-large wp-image-16809\" src=\"http:\/\/granadacostanacional.es\/wp-content\/uploads\/2018\/03\/IMG_9701-1024x683.jpg\" alt=\"IMG_9701\" width=\"1024\" height=\"683\" \/><\/a><\/p>\n<p style=\"text-align: justify;\"><a href=\"http:\/\/granadacostanacional.es\/wp-content\/uploads\/2017\/03\/Jos\u00e9-el-Granino-3d.jpg\"><img decoding=\"async\" loading=\"lazy\" class=\"aligncenter size-large wp-image-11138\" src=\"http:\/\/granadacostanacional.es\/wp-content\/uploads\/2017\/03\/Jos\u00e9-el-Granino-3d-1024x770.jpg\" alt=\"Jos\u00e9 el Granino 3d\" width=\"1024\" height=\"770\" \/><\/a><\/p>\n<ul style=\"text-align: justify;\">\n<li>Tangos al r\u00edo Guadalquivir. Autora: Inocencia Frisuelo Mart\u00edn<\/li>\n<li>Sole\u00e1. Autor: Antonia Navarrete Lebrato<\/li>\n<li>Alegr\u00edas a Granada. Autora: Carmen Carrasco Ramos<\/li>\n<li>Autor: Marcos Donaire Heredia<\/li>\n<li>Autor: Carlos Ben\u00edtez Villodres<\/li>\n<li>Cantes del garrot\u00edn. Autora: Fernanda Llabr\u00e9s Oliver<\/li>\n<li>Malague\u00f1as. Autor: Jos\u00e9 Luis Ruiz Vidal<\/li>\n<li>Cante por tientos. Autora: Pepa Cort\u00e9s Fern\u00e1ndez<\/li>\n<li>Buler\u00edas a Mallorca. Autor: Jos\u00e9 Mar\u00eda Guti\u00e9rrez G\u00f3mez<\/li>\n<li>Cante por nanas. Autora: M\u00aa Jos\u00e9 Alem\u00e1n Gonz\u00e1lez<\/li>\n<li>Romance de Juan Le\u00f3n el Bandolero. Autor: Jos\u00e9 Luis Ruiz Vidal<\/li>\n<li>Autor: Jos\u00e9 Heredia Carmona \u201cEl Grana\u00edno\u201d<\/li>\n<li>Cantes de Fragua. Autor: Marcelino Arellano Alabarces<\/li>\n<\/ul>\n<p style=\"text-align: justify;\">De 21 a 22 horas, para finalizar el d\u00eda 20 de marzo se llev\u00f3 a cabo la intervenci\u00f3n especial de inmaculada Rej\u00f3n acompa\u00f1ada a la guitarra por Jes\u00fas Alonso. En esta hora Inmaculada recit\u00f3 poes\u00eda de diferentes poetas andaluces y tras haber recitado cada poema, ella le puso voz en diferentes palos del flamenco y de la copla. Una vez m\u00e1s, Inmaculada demostr\u00f3 su profesionalidad en el escenario. As\u00ed mismo, tuvo bastantes papeles durante estas primeras doce horas, como presentadora, recitadora y colaboradora.<\/p>\n<p style=\"text-align: justify;\"><a href=\"http:\/\/granadacostanacional.es\/wp-content\/uploads\/2018\/03\/IMG_9724.jpg\"><img decoding=\"async\" loading=\"lazy\" class=\"aligncenter size-large wp-image-16810\" src=\"http:\/\/granadacostanacional.es\/wp-content\/uploads\/2018\/03\/IMG_9724-683x1024.jpg\" alt=\"IMG_9724\" width=\"683\" height=\"1024\" \/><\/a> <a href=\"http:\/\/granadacostanacional.es\/wp-content\/uploads\/2018\/03\/IMG_9733.jpg\"><img decoding=\"async\" loading=\"lazy\" class=\"aligncenter size-large wp-image-16811\" src=\"http:\/\/granadacostanacional.es\/wp-content\/uploads\/2018\/03\/IMG_9733-1024x683.jpg\" alt=\"IMG_9733\" width=\"1024\" height=\"683\" \/><\/a><\/p>\n<p style=\"text-align: justify;\">1\u00aa Parte: <a href=\"https:\/\/www.youtube.com\/watch?v=g5X7ROnu_1w\">https:\/\/www.youtube.com\/watch?v=g5X7ROnu_1w<\/a><\/p>\n<p style=\"text-align: justify;\">El d\u00eda 21 de marzo arranc\u00f3 con la intervenci\u00f3n de un gran n\u00famero de poetas, en que hubo poes\u00eda dedicada a la oraci\u00f3n cristiana, m\u00e1s poes\u00eda cl\u00e1sica o de los propios autores que interven\u00edan. Se cubri\u00f3 esta primera hora con gran \u00e9xito y profesionalidad.<\/p>\n<p style=\"text-align: justify;\"><a href=\"http:\/\/granadacostanacional.es\/wp-content\/uploads\/2018\/03\/IMG_9749.jpg\"><img decoding=\"async\" loading=\"lazy\" class=\"aligncenter size-large wp-image-16812\" src=\"http:\/\/granadacostanacional.es\/wp-content\/uploads\/2018\/03\/IMG_9749-1024x683.jpg\" alt=\"IMG_9749\" width=\"1024\" height=\"683\" \/><\/a><\/p>\n<p style=\"text-align: justify;\"><a href=\"http:\/\/granadacostanacional.es\/wp-content\/uploads\/2018\/03\/IMG_9762.jpg\"><img decoding=\"async\" loading=\"lazy\" class=\"aligncenter size-large wp-image-16813\" src=\"http:\/\/granadacostanacional.es\/wp-content\/uploads\/2018\/03\/IMG_9762-1024x683.jpg\" alt=\"IMG_9762\" width=\"1024\" height=\"683\" \/><\/a><\/p>\n<p style=\"text-align: justify;\"><a href=\"http:\/\/granadacostanacional.es\/wp-content\/uploads\/2018\/03\/20180320_1645131.jpg\"><img decoding=\"async\" loading=\"lazy\" class=\"aligncenter size-large wp-image-16904\" src=\"http:\/\/granadacostanacional.es\/wp-content\/uploads\/2018\/03\/20180320_1645131-1024x768.jpg\" alt=\"20180320_164513[1]\" width=\"1024\" height=\"768\" \/><\/a><\/p>\n<p style=\"text-align: justify;\">A continuaci\u00f3n, a las 11 horas participaron los ni\u00f1os del Colegio Cardenal Cisneros de Villanueva de Mes\u00eda. De nuevo, pusieron la nota de color en este acto, con gran entusiasmo por realizar esta actividad.<\/p>\n<p style=\"text-align: justify;\"><a href=\"http:\/\/granadacostanacional.es\/wp-content\/uploads\/2018\/03\/IMG_9775.jpg\"><img decoding=\"async\" loading=\"lazy\" class=\"aligncenter size-large wp-image-16814\" src=\"http:\/\/granadacostanacional.es\/wp-content\/uploads\/2018\/03\/IMG_9775-1024x683.jpg\" alt=\"IMG_9775\" width=\"1024\" height=\"683\" \/><\/a> <a href=\"http:\/\/granadacostanacional.es\/wp-content\/uploads\/2018\/03\/IMG_9777.jpg\"><img decoding=\"async\" loading=\"lazy\" class=\"aligncenter size-large wp-image-16815\" src=\"http:\/\/granadacostanacional.es\/wp-content\/uploads\/2018\/03\/IMG_9777-1024x683.jpg\" alt=\"IMG_9777\" width=\"1024\" height=\"683\" \/><\/a> <a href=\"http:\/\/granadacostanacional.es\/wp-content\/uploads\/2018\/03\/IMG_9779.jpg\"><img decoding=\"async\" loading=\"lazy\" class=\"aligncenter size-large wp-image-16816\" src=\"http:\/\/granadacostanacional.es\/wp-content\/uploads\/2018\/03\/IMG_9779-1024x683.jpg\" alt=\"IMG_9779\" width=\"1024\" height=\"683\" \/><\/a> <a href=\"http:\/\/granadacostanacional.es\/wp-content\/uploads\/2018\/03\/IMG_9784.jpg\"><img decoding=\"async\" loading=\"lazy\" class=\"aligncenter size-large wp-image-16817\" src=\"http:\/\/granadacostanacional.es\/wp-content\/uploads\/2018\/03\/IMG_9784-1024x683.jpg\" alt=\"IMG_9784\" width=\"1024\" height=\"683\" \/><\/a> <a href=\"http:\/\/granadacostanacional.es\/wp-content\/uploads\/2018\/03\/IMG_9792.jpg\"><img decoding=\"async\" loading=\"lazy\" class=\"aligncenter size-large wp-image-16818\" src=\"http:\/\/granadacostanacional.es\/wp-content\/uploads\/2018\/03\/IMG_9792-1024x683.jpg\" alt=\"IMG_9792\" width=\"1024\" height=\"683\" \/><\/a> <a href=\"http:\/\/granadacostanacional.es\/wp-content\/uploads\/2018\/03\/IMG_9793.jpg\"><img decoding=\"async\" loading=\"lazy\" class=\"aligncenter size-large wp-image-16819\" src=\"http:\/\/granadacostanacional.es\/wp-content\/uploads\/2018\/03\/IMG_9793-1024x683.jpg\" alt=\"IMG_9793\" width=\"1024\" height=\"683\" \/><\/a> <a href=\"http:\/\/granadacostanacional.es\/wp-content\/uploads\/2018\/03\/IMG_9794.jpg\"><img decoding=\"async\" loading=\"lazy\" class=\"aligncenter size-large wp-image-16820\" src=\"http:\/\/granadacostanacional.es\/wp-content\/uploads\/2018\/03\/IMG_9794-1024x683.jpg\" alt=\"IMG_9794\" width=\"1024\" height=\"683\" \/><\/a> <a href=\"http:\/\/granadacostanacional.es\/wp-content\/uploads\/2018\/03\/IMG_9795.jpg\"><img decoding=\"async\" loading=\"lazy\" class=\"aligncenter size-large wp-image-16821\" src=\"http:\/\/granadacostanacional.es\/wp-content\/uploads\/2018\/03\/IMG_9795-1024x683.jpg\" alt=\"IMG_9795\" width=\"1024\" height=\"683\" \/><\/a> <a href=\"http:\/\/granadacostanacional.es\/wp-content\/uploads\/2018\/03\/IMG_9796.jpg\"><img decoding=\"async\" loading=\"lazy\" class=\"aligncenter size-large wp-image-16822\" src=\"http:\/\/granadacostanacional.es\/wp-content\/uploads\/2018\/03\/IMG_9796-1024x682.jpg\" alt=\"IMG_9796\" width=\"1024\" height=\"682\" \/><\/a> <a href=\"http:\/\/granadacostanacional.es\/wp-content\/uploads\/2018\/03\/IMG_9799.jpg\"><img decoding=\"async\" loading=\"lazy\" class=\"aligncenter size-large wp-image-16823\" src=\"http:\/\/granadacostanacional.es\/wp-content\/uploads\/2018\/03\/IMG_9799-1024x683.jpg\" alt=\"IMG_9799\" width=\"1024\" height=\"683\" \/><\/a> <a href=\"http:\/\/granadacostanacional.es\/wp-content\/uploads\/2018\/03\/IMG_9805.jpg\"><img decoding=\"async\" loading=\"lazy\" class=\"aligncenter size-large wp-image-16824\" src=\"http:\/\/granadacostanacional.es\/wp-content\/uploads\/2018\/03\/IMG_9805-1024x683.jpg\" alt=\"IMG_9805\" width=\"1024\" height=\"683\" \/><\/a> <a href=\"http:\/\/granadacostanacional.es\/wp-content\/uploads\/2018\/03\/IMG_9807.jpg\"><img decoding=\"async\" loading=\"lazy\" class=\"aligncenter size-large wp-image-16825\" src=\"http:\/\/granadacostanacional.es\/wp-content\/uploads\/2018\/03\/IMG_9807-1024x683.jpg\" alt=\"IMG_9807\" width=\"1024\" height=\"683\" \/><\/a> <a href=\"http:\/\/granadacostanacional.es\/wp-content\/uploads\/2018\/03\/IMG_9822.jpg\"><img decoding=\"async\" loading=\"lazy\" class=\"aligncenter size-large wp-image-16826\" src=\"http:\/\/granadacostanacional.es\/wp-content\/uploads\/2018\/03\/IMG_9822-1024x683.jpg\" alt=\"IMG_9822\" width=\"1024\" height=\"683\" \/><\/a> <a href=\"http:\/\/granadacostanacional.es\/wp-content\/uploads\/2018\/03\/IMG_9824.jpg\"><img decoding=\"async\" loading=\"lazy\" class=\"aligncenter size-large wp-image-16827\" src=\"http:\/\/granadacostanacional.es\/wp-content\/uploads\/2018\/03\/IMG_9824-1024x683.jpg\" alt=\"IMG_9824\" width=\"1024\" height=\"683\" \/><\/a> <a href=\"http:\/\/granadacostanacional.es\/wp-content\/uploads\/2018\/03\/IMG_9829.jpg\"><img decoding=\"async\" loading=\"lazy\" class=\"aligncenter size-large wp-image-16828\" src=\"http:\/\/granadacostanacional.es\/wp-content\/uploads\/2018\/03\/IMG_9829-1024x683.jpg\" alt=\"IMG_9829\" width=\"1024\" height=\"683\" \/><\/a> <a href=\"http:\/\/granadacostanacional.es\/wp-content\/uploads\/2018\/03\/IMG_9830.jpg\"><img decoding=\"async\" loading=\"lazy\" class=\"aligncenter size-large wp-image-16829\" src=\"http:\/\/granadacostanacional.es\/wp-content\/uploads\/2018\/03\/IMG_9830-1024x683.jpg\" alt=\"IMG_9830\" width=\"1024\" height=\"683\" \/><\/a> <a href=\"http:\/\/granadacostanacional.es\/wp-content\/uploads\/2018\/03\/IMG_9831.jpg\"><img decoding=\"async\" loading=\"lazy\" class=\"aligncenter size-large wp-image-16830\" src=\"http:\/\/granadacostanacional.es\/wp-content\/uploads\/2018\/03\/IMG_9831-1024x683.jpg\" alt=\"IMG_9831\" width=\"1024\" height=\"683\" \/><\/a> <a href=\"http:\/\/granadacostanacional.es\/wp-content\/uploads\/2018\/03\/IMG_9838.jpg\"><img decoding=\"async\" loading=\"lazy\" class=\"aligncenter size-large wp-image-16831\" src=\"http:\/\/granadacostanacional.es\/wp-content\/uploads\/2018\/03\/IMG_9838-1024x683.jpg\" alt=\"IMG_9838\" width=\"1024\" height=\"683\" \/><\/a> <a href=\"http:\/\/granadacostanacional.es\/wp-content\/uploads\/2018\/03\/IMG_9842.jpg\"><img decoding=\"async\" loading=\"lazy\" class=\"aligncenter size-large wp-image-16832\" src=\"http:\/\/granadacostanacional.es\/wp-content\/uploads\/2018\/03\/IMG_9842-1024x683.jpg\" alt=\"IMG_9842\" width=\"1024\" height=\"683\" \/><\/a> <a href=\"http:\/\/granadacostanacional.es\/wp-content\/uploads\/2018\/03\/IMG_9846.jpg\"><img decoding=\"async\" loading=\"lazy\" class=\"aligncenter size-large wp-image-16833\" src=\"http:\/\/granadacostanacional.es\/wp-content\/uploads\/2018\/03\/IMG_9846-1024x683.jpg\" alt=\"IMG_9846\" width=\"1024\" height=\"683\" \/><\/a> <a href=\"http:\/\/granadacostanacional.es\/wp-content\/uploads\/2018\/03\/IMG_9851.jpg\"><img decoding=\"async\" loading=\"lazy\" class=\"aligncenter size-large wp-image-16834\" src=\"http:\/\/granadacostanacional.es\/wp-content\/uploads\/2018\/03\/IMG_9851-1024x683.jpg\" alt=\"IMG_9851\" width=\"1024\" height=\"683\" \/><\/a><\/p>\n<p style=\"text-align: justify;\">De 12 a 13 horas contamos con la colaboraci\u00f3n especial de Jos\u00e9 Jaime Capel, cuando se present\u00f3 su \u00faltimo libro, editado por nuestra editorial \u201cel Silbo del Ruise\u00f1or\u201d y se recitaron poes\u00edas del propio libro. La mesa estuvo compuesta por Inmaculada Rej\u00f3n, Mayka G\u00f3mez, Soledad Durnes y Carmen Carrasco Ramos, que fue la encargada de presentar el libro y al autor, que presid\u00eda la mesa. Una hora apasionante pues el autor, aparte de recitar, explicaba cada composici\u00f3n de poema de este libro. El p\u00fablico asistente estuvo muy atento y despu\u00e9s se tomaron bastantes fotograf\u00edas con Jos\u00e9 Jaime.<\/p>\n<p style=\"text-align: justify;\"><a href=\"http:\/\/granadacostanacional.es\/wp-content\/uploads\/2018\/03\/IMG_9870.jpg\"><img decoding=\"async\" loading=\"lazy\" class=\"aligncenter size-large wp-image-16835\" src=\"http:\/\/granadacostanacional.es\/wp-content\/uploads\/2018\/03\/IMG_9870-1024x683.jpg\" alt=\"IMG_9870\" width=\"1024\" height=\"683\" \/><\/a> <a href=\"http:\/\/granadacostanacional.es\/wp-content\/uploads\/2018\/03\/IMG_9872.jpg\"><img decoding=\"async\" loading=\"lazy\" class=\"aligncenter size-large wp-image-16836\" src=\"http:\/\/granadacostanacional.es\/wp-content\/uploads\/2018\/03\/IMG_9872-1024x683.jpg\" alt=\"IMG_9872\" width=\"1024\" height=\"683\" \/><\/a> <a href=\"http:\/\/granadacostanacional.es\/wp-content\/uploads\/2018\/03\/IMG_9892.jpg\"><img decoding=\"async\" loading=\"lazy\" class=\"aligncenter size-large wp-image-16837\" src=\"http:\/\/granadacostanacional.es\/wp-content\/uploads\/2018\/03\/IMG_9892-1024x683.jpg\" alt=\"IMG_9892\" width=\"1024\" height=\"683\" \/><\/a><\/p>\n<p style=\"text-align: justify;\">De 13 a 14 horas intervinieron los ni\u00f1os del Colegio Padre Maj\u00f3n, del Colegio San Isidro y del Colegio Taxara, todos de Hu\u00e9tor-T\u00e1jar, con fabulosas interpretaciones y con gran sentido del humor. Entr\u00f3 en directo de nuevo To\u00f1y Castillo desde L\u00e9rida por videoconferencia respondiendo varias preguntas de los ni\u00f1os, acompa\u00f1ada por colaboradoras del Proyecto Nacional de Cultura. De 15 a 16 particip\u00f3 un nutrido grupo de poetas tanto locales, como otros desplazados para cubrir esta hora.<\/p>\n<p style=\"text-align: justify;\"><a href=\"http:\/\/granadacostanacional.es\/wp-content\/uploads\/2018\/03\/IMG_9909.jpg\"><img decoding=\"async\" loading=\"lazy\" class=\"aligncenter size-large wp-image-16838\" src=\"http:\/\/granadacostanacional.es\/wp-content\/uploads\/2018\/03\/IMG_9909-1024x683.jpg\" alt=\"IMG_9909\" width=\"1024\" height=\"683\" \/><\/a> <a href=\"http:\/\/granadacostanacional.es\/wp-content\/uploads\/2018\/03\/IMG_9912.jpg\"><img decoding=\"async\" loading=\"lazy\" class=\"aligncenter size-large wp-image-16839\" src=\"http:\/\/granadacostanacional.es\/wp-content\/uploads\/2018\/03\/IMG_9912-1024x683.jpg\" alt=\"IMG_9912\" width=\"1024\" height=\"683\" \/><\/a> <a href=\"http:\/\/granadacostanacional.es\/wp-content\/uploads\/2018\/03\/IMG_9921.jpg\"><img decoding=\"async\" loading=\"lazy\" class=\"aligncenter size-large wp-image-16840\" src=\"http:\/\/granadacostanacional.es\/wp-content\/uploads\/2018\/03\/IMG_9921-1024x683.jpg\" alt=\"IMG_9921\" width=\"1024\" height=\"683\" \/><\/a> <a href=\"http:\/\/granadacostanacional.es\/wp-content\/uploads\/2018\/03\/IMG_9926.jpg\"><img decoding=\"async\" loading=\"lazy\" class=\"aligncenter size-large wp-image-16841\" src=\"http:\/\/granadacostanacional.es\/wp-content\/uploads\/2018\/03\/IMG_9926-1024x683.jpg\" alt=\"IMG_9926\" width=\"1024\" height=\"683\" \/><\/a> <a href=\"http:\/\/granadacostanacional.es\/wp-content\/uploads\/2018\/03\/IMG_9934.jpg\"><img decoding=\"async\" loading=\"lazy\" class=\"aligncenter size-large wp-image-16842\" src=\"http:\/\/granadacostanacional.es\/wp-content\/uploads\/2018\/03\/IMG_9934-1024x683.jpg\" alt=\"IMG_9934\" width=\"1024\" height=\"683\" \/><\/a> <a href=\"http:\/\/granadacostanacional.es\/wp-content\/uploads\/2018\/03\/IMG_9939.jpg\"><img decoding=\"async\" loading=\"lazy\" class=\"aligncenter size-large wp-image-16843\" src=\"http:\/\/granadacostanacional.es\/wp-content\/uploads\/2018\/03\/IMG_9939-1024x683.jpg\" alt=\"IMG_9939\" width=\"1024\" height=\"683\" \/><\/a> <a href=\"http:\/\/granadacostanacional.es\/wp-content\/uploads\/2018\/03\/IMG_9946.jpg\"><img decoding=\"async\" loading=\"lazy\" class=\"aligncenter size-large wp-image-16844\" src=\"http:\/\/granadacostanacional.es\/wp-content\/uploads\/2018\/03\/IMG_9946-1024x552.jpg\" alt=\"IMG_9946\" width=\"1024\" height=\"552\" \/><\/a><\/p>\n<p style=\"text-align: justify;\">De 15 a 16 se present\u00f3 el libro de la autora Soledad Durnes Casa\u00f1al, estando la mesa compuesta la autora, Fancelina Robin, la cantante Gloria de M\u00e1laga, Antonia Casado y Carmen Carrasco, encargada de presentar el libro. Se recitaron poemas del libro, dando siempre una explicaci\u00f3n la autora sobre el poema que se recitaba.<\/p>\n<p style=\"text-align: justify;\"><a href=\"http:\/\/granadacostanacional.es\/wp-content\/uploads\/2018\/03\/IMG_9974.jpg\"><img decoding=\"async\" loading=\"lazy\" class=\"aligncenter size-large wp-image-16845\" src=\"http:\/\/granadacostanacional.es\/wp-content\/uploads\/2018\/03\/IMG_9974-1024x683.jpg\" alt=\"IMG_9974\" width=\"1024\" height=\"683\" \/><\/a><\/p>\n<p style=\"text-align: justify;\">De 17 a 17:30 participaron los j\u00f3venes del Instituto Am\u00e9rico Castro de Hu\u00e9tor-T\u00e1jar, recitando con gran acierto y \u00e9nfasis. En la segunda mitad de esta hora fue para la intervenci\u00f3n especial de Inmaculada Rej\u00f3n y Carmen Carrasco Ramos, interpretando el esp\u00edritu de Rosal\u00eda de Castro; actuaci\u00f3n muy aplaudida por el p\u00fablico, pues sin necesidad de leer la biograf\u00eda, tuvimos conocimiento a trav\u00e9s de esta representaci\u00f3n de la vida particular y literaria de la homenajeada.<\/p>\n<p style=\"text-align: justify;\"><a href=\"http:\/\/granadacostanacional.es\/wp-content\/uploads\/2018\/03\/IMG_9976.jpg\"><img decoding=\"async\" loading=\"lazy\" class=\"aligncenter size-large wp-image-16846\" src=\"http:\/\/granadacostanacional.es\/wp-content\/uploads\/2018\/03\/IMG_9976-1024x683.jpg\" alt=\"IMG_9976\" width=\"1024\" height=\"683\" \/><\/a> <a href=\"http:\/\/granadacostanacional.es\/wp-content\/uploads\/2018\/03\/IMG_9996.jpg\"><img decoding=\"async\" loading=\"lazy\" class=\"aligncenter size-large wp-image-16847\" src=\"http:\/\/granadacostanacional.es\/wp-content\/uploads\/2018\/03\/IMG_9996-1024x683.jpg\" alt=\"IMG_9996\" width=\"1024\" height=\"683\" \/><\/a> <a href=\"http:\/\/granadacostanacional.es\/wp-content\/uploads\/2018\/03\/IMG_9999.jpg\"><img decoding=\"async\" loading=\"lazy\" class=\"aligncenter size-large wp-image-16848\" src=\"http:\/\/granadacostanacional.es\/wp-content\/uploads\/2018\/03\/IMG_9999-1024x683.jpg\" alt=\"IMG_9999\" width=\"1024\" height=\"683\" \/><\/a><\/p>\n<p style=\"text-align: justify;\"><a href=\"http:\/\/granadacostanacional.es\/wp-content\/uploads\/2018\/03\/IMG_0005.jpg\"><img decoding=\"async\" loading=\"lazy\" class=\"aligncenter size-full wp-image-16849\" src=\"http:\/\/granadacostanacional.es\/wp-content\/uploads\/2018\/03\/IMG_0005.jpg\" alt=\"IMG_0005\" width=\"886\" height=\"591\" \/><\/a> <a href=\"http:\/\/granadacostanacional.es\/wp-content\/uploads\/2018\/03\/IMG_0008.jpg\"><img decoding=\"async\" loading=\"lazy\" class=\"aligncenter size-large wp-image-16850\" src=\"http:\/\/granadacostanacional.es\/wp-content\/uploads\/2018\/03\/IMG_0008.jpg\" alt=\"IMG_0008\" width=\"886\" height=\"591\" \/><\/a> <a href=\"http:\/\/granadacostanacional.es\/wp-content\/uploads\/2018\/03\/IMG_0016.jpg\"><img decoding=\"async\" loading=\"lazy\" class=\"aligncenter size-large wp-image-16851\" src=\"http:\/\/granadacostanacional.es\/wp-content\/uploads\/2018\/03\/IMG_0016.jpg\" alt=\"IMG_0016\" width=\"886\" height=\"591\" \/><\/a> <a href=\"http:\/\/granadacostanacional.es\/wp-content\/uploads\/2018\/03\/IMG_0024.jpg\"><img decoding=\"async\" loading=\"lazy\" class=\"aligncenter size-large wp-image-16852\" src=\"http:\/\/granadacostanacional.es\/wp-content\/uploads\/2018\/03\/IMG_0024.jpg\" alt=\"IMG_0024\" width=\"886\" height=\"591\" \/><\/a> <a href=\"http:\/\/granadacostanacional.es\/wp-content\/uploads\/2018\/03\/IMG_0027.jpg\"><img decoding=\"async\" loading=\"lazy\" class=\"aligncenter size-large wp-image-16853\" src=\"http:\/\/granadacostanacional.es\/wp-content\/uploads\/2018\/03\/IMG_0027.jpg\" alt=\"IMG_0027\" width=\"886\" height=\"591\" \/><\/a> <a href=\"http:\/\/granadacostanacional.es\/wp-content\/uploads\/2018\/03\/IMG_0029.jpg\"><img decoding=\"async\" loading=\"lazy\" class=\"aligncenter size-large wp-image-16854\" src=\"http:\/\/granadacostanacional.es\/wp-content\/uploads\/2018\/03\/IMG_0029.jpg\" alt=\"IMG_0029\" width=\"921\" height=\"614\" \/><\/a> <a href=\"http:\/\/granadacostanacional.es\/wp-content\/uploads\/2018\/03\/IMG_0035.jpg\"><img decoding=\"async\" loading=\"lazy\" class=\"aligncenter size-large wp-image-16855\" src=\"http:\/\/granadacostanacional.es\/wp-content\/uploads\/2018\/03\/IMG_0035.jpg\" alt=\"IMG_0035\" width=\"886\" height=\"591\" \/><\/a><\/p>\n<p style=\"text-align: justify;\"><a href=\"http:\/\/granadacostanacional.es\/wp-content\/uploads\/2018\/03\/IMG_0042.jpg\"><img decoding=\"async\" loading=\"lazy\" class=\"aligncenter size-full wp-image-16856\" src=\"http:\/\/granadacostanacional.es\/wp-content\/uploads\/2018\/03\/IMG_0042.jpg\" alt=\"IMG_0042\" width=\"886\" height=\"591\" \/><\/a> <a href=\"http:\/\/granadacostanacional.es\/wp-content\/uploads\/2018\/03\/IMG_0046.jpg\"><img decoding=\"async\" loading=\"lazy\" class=\"aligncenter size-large wp-image-16857\" src=\"http:\/\/granadacostanacional.es\/wp-content\/uploads\/2018\/03\/IMG_0046.jpg\" alt=\"IMG_0046\" width=\"886\" height=\"591\" \/><\/a> <a href=\"http:\/\/granadacostanacional.es\/wp-content\/uploads\/2018\/03\/IMG_0051.jpg\"><img decoding=\"async\" loading=\"lazy\" class=\"aligncenter size-large wp-image-16858\" src=\"http:\/\/granadacostanacional.es\/wp-content\/uploads\/2018\/03\/IMG_0051.jpg\" alt=\"IMG_0051\" width=\"886\" height=\"591\" \/><\/a> <a href=\"http:\/\/granadacostanacional.es\/wp-content\/uploads\/2018\/03\/IMG_0059.jpg\"><img decoding=\"async\" loading=\"lazy\" class=\"aligncenter size-large wp-image-16859\" src=\"http:\/\/granadacostanacional.es\/wp-content\/uploads\/2018\/03\/IMG_0059.jpg\" alt=\"IMG_0059\" width=\"886\" height=\"591\" \/><\/a><\/p>\n<p style=\"text-align: justify;\">A continuaci\u00f3n, hasta las 19:30, en este intervalo dirigido por Rogelio Bustos Almendros con la colaboraci\u00f3n de Juli\u00e1n D\u00edaz Robledo, Aurora Fern\u00e1ndez G\u00f3mez y Francisco Rossi se desarroll\u00f3 la segunda parte de su interpretaci\u00f3n: \u201cEl arte en el desarrollo humano \u2013 interacci\u00f3n entre la pintura y la poes\u00eda\u201d. Como siempre, Rogelio demostr\u00f3 su preparaci\u00f3n combinando pintura con poes\u00eda, por lo que recibi\u00f3 una fuerte ovaci\u00f3n del p\u00fablico y el reconocimiento por su buen hacer. Tras lo cual, hubo media hora de participaci\u00f3n de diferentes poetas que se encontraban en la sala.<\/p>\n<p style=\"text-align: justify;\"><a href=\"http:\/\/granadacostanacional.es\/wp-content\/uploads\/2018\/03\/IMG_0066.jpg\"><img decoding=\"async\" loading=\"lazy\" class=\"aligncenter size-full wp-image-16860\" src=\"http:\/\/granadacostanacional.es\/wp-content\/uploads\/2018\/03\/IMG_0066.jpg\" alt=\"IMG_0066\" width=\"886\" height=\"591\" \/><\/a> <a href=\"http:\/\/granadacostanacional.es\/wp-content\/uploads\/2018\/03\/IMG_0067.jpg\"><img decoding=\"async\" loading=\"lazy\" class=\"aligncenter size-large wp-image-16861\" src=\"http:\/\/granadacostanacional.es\/wp-content\/uploads\/2018\/03\/IMG_0067-1024x682.jpg\" alt=\"IMG_0067\" width=\"1024\" height=\"682\" \/><\/a> <a href=\"http:\/\/granadacostanacional.es\/wp-content\/uploads\/2018\/03\/IMG_0072.jpg\"><img decoding=\"async\" loading=\"lazy\" class=\"aligncenter size-large wp-image-16862\" src=\"http:\/\/granadacostanacional.es\/wp-content\/uploads\/2018\/03\/IMG_0072-1024x682.jpg\" alt=\"IMG_0072\" width=\"1024\" height=\"682\" \/><\/a> <a href=\"http:\/\/granadacostanacional.es\/wp-content\/uploads\/2018\/03\/IMG_0075.jpg\"><img decoding=\"async\" loading=\"lazy\" class=\"aligncenter size-large wp-image-16863\" src=\"http:\/\/granadacostanacional.es\/wp-content\/uploads\/2018\/03\/IMG_0075.jpg\" alt=\"IMG_0075\" width=\"886\" height=\"591\" \/><\/a><\/p>\n<p style=\"text-align: justify;\"><a href=\"http:\/\/granadacostanacional.es\/wp-content\/uploads\/2018\/03\/IMG_0077.jpg\"><img decoding=\"async\" loading=\"lazy\" class=\"aligncenter size-full wp-image-16864\" src=\"http:\/\/granadacostanacional.es\/wp-content\/uploads\/2018\/03\/IMG_0077.jpg\" alt=\"IMG_0077\" width=\"886\" height=\"591\" \/><\/a> <a href=\"http:\/\/granadacostanacional.es\/wp-content\/uploads\/2018\/03\/IMG_0079.jpg\"><img decoding=\"async\" loading=\"lazy\" class=\"aligncenter size-large wp-image-16865\" src=\"http:\/\/granadacostanacional.es\/wp-content\/uploads\/2018\/03\/IMG_0079.jpg\" alt=\"IMG_0079\" width=\"886\" height=\"591\" \/><\/a> <a href=\"http:\/\/granadacostanacional.es\/wp-content\/uploads\/2018\/03\/IMG_0083.jpg\"><img decoding=\"async\" loading=\"lazy\" class=\"aligncenter size-large wp-image-16866\" src=\"http:\/\/granadacostanacional.es\/wp-content\/uploads\/2018\/03\/IMG_0083.jpg\" alt=\"IMG_0083\" width=\"886\" height=\"591\" \/><\/a> <a href=\"http:\/\/granadacostanacional.es\/wp-content\/uploads\/2018\/03\/IMG_0088.jpg\"><img decoding=\"async\" loading=\"lazy\" class=\"aligncenter size-large wp-image-16867\" src=\"http:\/\/granadacostanacional.es\/wp-content\/uploads\/2018\/03\/IMG_0088.jpg\" alt=\"IMG_0088\" width=\"886\" height=\"591\" \/><\/a> <a href=\"http:\/\/granadacostanacional.es\/wp-content\/uploads\/2018\/03\/IMG_0091.jpg\"><img decoding=\"async\" loading=\"lazy\" class=\"aligncenter size-large wp-image-16868\" src=\"http:\/\/granadacostanacional.es\/wp-content\/uploads\/2018\/03\/IMG_0091.jpg\" alt=\"IMG_0091\" width=\"886\" height=\"591\" \/><\/a><\/p>\n<p style=\"text-align: justify;\">De 20 a 20:30 horas se desarroll\u00f3 un especial con el gran rapsoda Antonio Bonet San Cler. Su intervenci\u00f3n dio lugar a grandes ovaciones y finaliz\u00f3 poniendo al p\u00fablico en pie. La siguiente hora la coordin\u00f3 Antonio La Fuente, cuando present\u00f3 a los poetas intervinientes y a las cantantes que pusieron voz a esa poes\u00eda: Pepi D\u00edaz y Montse Delgado, fuertemente aplaudidas por el p\u00fablico. Ambas estuvieron acompa\u00f1adas al baile por la bailaora profesional Alba Rivas que demostr\u00f3 sus dotes y su arte embrujando al p\u00fablico asistente.<\/p>\n<p style=\"text-align: justify;\"><a href=\"http:\/\/granadacostanacional.es\/wp-content\/uploads\/2018\/03\/IMG_0092.jpg\"><img decoding=\"async\" loading=\"lazy\" class=\"aligncenter size-full wp-image-16869\" src=\"http:\/\/granadacostanacional.es\/wp-content\/uploads\/2018\/03\/IMG_0092.jpg\" alt=\"IMG_0092\" width=\"886\" height=\"591\" \/><\/a> <a href=\"http:\/\/granadacostanacional.es\/wp-content\/uploads\/2018\/03\/IMG_0098.jpg\"><img decoding=\"async\" loading=\"lazy\" class=\"aligncenter size-large wp-image-16870\" src=\"http:\/\/granadacostanacional.es\/wp-content\/uploads\/2018\/03\/IMG_0098.jpg\" alt=\"IMG_0098\" width=\"886\" height=\"591\" \/><\/a> <a href=\"http:\/\/granadacostanacional.es\/wp-content\/uploads\/2018\/03\/IMG_0101.jpg\"><img decoding=\"async\" loading=\"lazy\" class=\"aligncenter size-large wp-image-16871\" src=\"http:\/\/granadacostanacional.es\/wp-content\/uploads\/2018\/03\/IMG_0101.jpg\" alt=\"IMG_0101\" width=\"886\" height=\"591\" \/><\/a> <a href=\"http:\/\/granadacostanacional.es\/wp-content\/uploads\/2018\/03\/IMG_0104.jpg\"><img decoding=\"async\" loading=\"lazy\" class=\"aligncenter size-large wp-image-16872\" src=\"http:\/\/granadacostanacional.es\/wp-content\/uploads\/2018\/03\/IMG_0104-1024x683.jpg\" alt=\"IMG_0104\" width=\"1024\" height=\"683\" \/><\/a> <a href=\"http:\/\/granadacostanacional.es\/wp-content\/uploads\/2018\/03\/IMG_0106.jpg\"><img decoding=\"async\" loading=\"lazy\" class=\"aligncenter size-large wp-image-16873\" src=\"http:\/\/granadacostanacional.es\/wp-content\/uploads\/2018\/03\/IMG_0106-1024x683.jpg\" alt=\"IMG_0106\" width=\"1024\" height=\"683\" \/><\/a> <a href=\"http:\/\/granadacostanacional.es\/wp-content\/uploads\/2018\/03\/IMG_0113.jpg\"><img decoding=\"async\" loading=\"lazy\" class=\"aligncenter size-large wp-image-16874\" src=\"http:\/\/granadacostanacional.es\/wp-content\/uploads\/2018\/03\/IMG_0113-1024x683.jpg\" alt=\"IMG_0113\" width=\"1024\" height=\"683\" \/><\/a> <a href=\"http:\/\/granadacostanacional.es\/wp-content\/uploads\/2018\/03\/IMG_0117.jpg\"><img decoding=\"async\" loading=\"lazy\" class=\"aligncenter size-large wp-image-16875\" src=\"http:\/\/granadacostanacional.es\/wp-content\/uploads\/2018\/03\/IMG_0117-1024x683.jpg\" alt=\"IMG_0117\" width=\"1024\" height=\"683\" \/><\/a> <a href=\"http:\/\/granadacostanacional.es\/wp-content\/uploads\/2018\/03\/IMG_0119.jpg\"><img decoding=\"async\" loading=\"lazy\" class=\"aligncenter size-large wp-image-16876\" src=\"http:\/\/granadacostanacional.es\/wp-content\/uploads\/2018\/03\/IMG_0119-1024x683.jpg\" alt=\"IMG_0119\" width=\"1024\" height=\"683\" \/><\/a> <a href=\"http:\/\/granadacostanacional.es\/wp-content\/uploads\/2018\/03\/IMG_0120.jpg\"><img decoding=\"async\" loading=\"lazy\" class=\"aligncenter size-large wp-image-16877\" src=\"http:\/\/granadacostanacional.es\/wp-content\/uploads\/2018\/03\/IMG_0120-1024x683.jpg\" alt=\"IMG_0120\" width=\"1024\" height=\"683\" \/><\/a> <a href=\"http:\/\/granadacostanacional.es\/wp-content\/uploads\/2018\/03\/IMG_0126.jpg\"><img decoding=\"async\" loading=\"lazy\" class=\"aligncenter size-large wp-image-16878\" src=\"http:\/\/granadacostanacional.es\/wp-content\/uploads\/2018\/03\/IMG_0126-1024x683.jpg\" alt=\"IMG_0126\" width=\"1024\" height=\"683\" \/><\/a> <a href=\"http:\/\/granadacostanacional.es\/wp-content\/uploads\/2018\/03\/IMG_0127.jpg\"><img decoding=\"async\" loading=\"lazy\" class=\"aligncenter size-large wp-image-16879\" src=\"http:\/\/granadacostanacional.es\/wp-content\/uploads\/2018\/03\/IMG_0127-1024x683.jpg\" alt=\"IMG_0127\" width=\"1024\" height=\"683\" \/><\/a> <a href=\"http:\/\/granadacostanacional.es\/wp-content\/uploads\/2018\/03\/IMG_0128.jpg\"><img decoding=\"async\" loading=\"lazy\" class=\"aligncenter size-large wp-image-16880\" src=\"http:\/\/granadacostanacional.es\/wp-content\/uploads\/2018\/03\/IMG_0128-1024x682.jpg\" alt=\"IMG_0128\" width=\"1024\" height=\"682\" \/><\/a> <a href=\"http:\/\/granadacostanacional.es\/wp-content\/uploads\/2018\/03\/IMG_0129.jpg\"><img decoding=\"async\" loading=\"lazy\" class=\"aligncenter size-large wp-image-16881\" src=\"http:\/\/granadacostanacional.es\/wp-content\/uploads\/2018\/03\/IMG_0129-1024x682.jpg\" alt=\"IMG_0129\" width=\"1024\" height=\"682\" \/><\/a> <a href=\"http:\/\/granadacostanacional.es\/wp-content\/uploads\/2018\/03\/IMG_0133.jpg\"><img decoding=\"async\" loading=\"lazy\" class=\"aligncenter size-large wp-image-16882\" src=\"http:\/\/granadacostanacional.es\/wp-content\/uploads\/2018\/03\/IMG_0133-1024x682.jpg\" alt=\"IMG_0133\" width=\"1024\" height=\"682\" \/><\/a> <a href=\"http:\/\/granadacostanacional.es\/wp-content\/uploads\/2018\/03\/IMG_0136.jpg\"><img decoding=\"async\" loading=\"lazy\" class=\"aligncenter size-large wp-image-16883\" src=\"http:\/\/granadacostanacional.es\/wp-content\/uploads\/2018\/03\/IMG_0136-1024x682.jpg\" alt=\"IMG_0136\" width=\"1024\" height=\"682\" \/><\/a> <a href=\"http:\/\/granadacostanacional.es\/wp-content\/uploads\/2018\/03\/IMG_0145.jpg\"><img decoding=\"async\" loading=\"lazy\" class=\"aligncenter size-large wp-image-16884\" src=\"http:\/\/granadacostanacional.es\/wp-content\/uploads\/2018\/03\/IMG_0145-1024x683.jpg\" alt=\"IMG_0145\" width=\"1024\" height=\"683\" \/><\/a> <a href=\"http:\/\/granadacostanacional.es\/wp-content\/uploads\/2018\/03\/IMG_0154.jpg\"><img decoding=\"async\" loading=\"lazy\" class=\"aligncenter size-large wp-image-16885\" src=\"http:\/\/granadacostanacional.es\/wp-content\/uploads\/2018\/03\/IMG_0154-1024x683.jpg\" alt=\"IMG_0154\" width=\"1024\" height=\"683\" \/><\/a> <a href=\"http:\/\/granadacostanacional.es\/wp-content\/uploads\/2018\/03\/IMG_0194.jpg\"><img decoding=\"async\" loading=\"lazy\" class=\"aligncenter size-large wp-image-16886\" src=\"http:\/\/granadacostanacional.es\/wp-content\/uploads\/2018\/03\/IMG_0194-1024x683.jpg\" alt=\"IMG_0194\" width=\"1024\" height=\"683\" \/><\/a> <a href=\"http:\/\/granadacostanacional.es\/wp-content\/uploads\/2018\/03\/IMG_0212.jpg\"><img decoding=\"async\" loading=\"lazy\" class=\"aligncenter size-large wp-image-16887\" src=\"http:\/\/granadacostanacional.es\/wp-content\/uploads\/2018\/03\/IMG_0212-1024x683.jpg\" alt=\"IMG_0212\" width=\"1024\" height=\"683\" \/><\/a> <a href=\"http:\/\/granadacostanacional.es\/wp-content\/uploads\/2018\/03\/IMG_0219.jpg\"><img decoding=\"async\" loading=\"lazy\" class=\"aligncenter size-large wp-image-16888\" src=\"http:\/\/granadacostanacional.es\/wp-content\/uploads\/2018\/03\/IMG_0219-1024x683.jpg\" alt=\"IMG_0219\" width=\"1024\" height=\"683\" \/><\/a> <a href=\"http:\/\/granadacostanacional.es\/wp-content\/uploads\/2018\/03\/IMG_0228.jpg\"><img decoding=\"async\" loading=\"lazy\" class=\"aligncenter size-large wp-image-16889\" src=\"http:\/\/granadacostanacional.es\/wp-content\/uploads\/2018\/03\/IMG_0228-1024x683.jpg\" alt=\"IMG_0228\" width=\"1024\" height=\"683\" \/><\/a> <a href=\"http:\/\/granadacostanacional.es\/wp-content\/uploads\/2018\/03\/IMG_0236.jpg\"><img decoding=\"async\" loading=\"lazy\" class=\"aligncenter size-large wp-image-16890\" src=\"http:\/\/granadacostanacional.es\/wp-content\/uploads\/2018\/03\/IMG_0236-1024x683.jpg\" alt=\"IMG_0236\" width=\"1024\" height=\"683\" \/><\/a> <a href=\"http:\/\/granadacostanacional.es\/wp-content\/uploads\/2018\/03\/IMG_0254.jpg\"><img decoding=\"async\" loading=\"lazy\" class=\"aligncenter size-large wp-image-16891\" src=\"http:\/\/granadacostanacional.es\/wp-content\/uploads\/2018\/03\/IMG_0254-1024x683.jpg\" alt=\"IMG_0254\" width=\"1024\" height=\"683\" \/><\/a> <a href=\"http:\/\/granadacostanacional.es\/wp-content\/uploads\/2018\/03\/IMG_0258.jpg\"><img decoding=\"async\" loading=\"lazy\" class=\"aligncenter size-large wp-image-16892\" src=\"http:\/\/granadacostanacional.es\/wp-content\/uploads\/2018\/03\/IMG_0258-1024x683.jpg\" alt=\"IMG_0258\" width=\"1024\" height=\"683\" \/><\/a> <a href=\"http:\/\/granadacostanacional.es\/wp-content\/uploads\/2018\/03\/IMG_0284.jpg\"><img decoding=\"async\" loading=\"lazy\" class=\"aligncenter size-large wp-image-16893\" src=\"http:\/\/granadacostanacional.es\/wp-content\/uploads\/2018\/03\/IMG_0284-1024x683.jpg\" alt=\"IMG_0284\" width=\"1024\" height=\"683\" \/><\/a> <a href=\"http:\/\/granadacostanacional.es\/wp-content\/uploads\/2018\/03\/IMG_0300.jpg\"><img decoding=\"async\" loading=\"lazy\" class=\"aligncenter size-large wp-image-16894\" src=\"http:\/\/granadacostanacional.es\/wp-content\/uploads\/2018\/03\/IMG_0300-1024x683.jpg\" alt=\"IMG_0300\" width=\"1024\" height=\"683\" \/><\/a><\/p>\n<p style=\"text-align: justify;\">Por \u00faltimo, de 21:30 a 22 se realiz\u00f3 la caracter\u00edstica foto de familia con los participantes que quedaban en la sala, autoridades de Hu\u00e9tor-T\u00e1jar y fue entonces cuando recibi\u00f3 el premio Humanidades de Granada Costa en el apartado interpretaci\u00f3n, Antonio Bonet San Cler. All\u00ed tuve la oportunidad de agradecer personalmente a participantes, colaboradores y t\u00e9cnicos su compromiso con estas Cuartas 24 Horas de Poes\u00eda y dando a conocer que las pr\u00f3ximas 24 horas estar\u00e1n dedicadas al primer monumento nacional de Espa\u00f1a, la Alhambra. Para ello, editaremos un libro con 1001 poes\u00edas dedicadas a la Alhambra, m\u00e1s un extenso reportaje sobre el monumento.<\/p>\n<p style=\"text-align: justify;\"><a href=\"http:\/\/granadacostanacional.es\/wp-content\/uploads\/2018\/03\/IMG_0305.jpg\"><img decoding=\"async\" loading=\"lazy\" class=\"aligncenter size-large wp-image-16895\" src=\"http:\/\/granadacostanacional.es\/wp-content\/uploads\/2018\/03\/IMG_0305-1024x683.jpg\" alt=\"IMG_0305\" width=\"1024\" height=\"683\" \/><\/a> <a href=\"http:\/\/granadacostanacional.es\/wp-content\/uploads\/2018\/03\/IMG_0310.jpg\"><img decoding=\"async\" loading=\"lazy\" class=\"aligncenter size-large wp-image-16896\" src=\"http:\/\/granadacostanacional.es\/wp-content\/uploads\/2018\/03\/IMG_0310-1024x683.jpg\" alt=\"IMG_0310\" width=\"1024\" height=\"683\" \/><\/a> <a href=\"http:\/\/granadacostanacional.es\/wp-content\/uploads\/2018\/03\/IMG_0320.jpg\"><img decoding=\"async\" loading=\"lazy\" class=\"aligncenter size-large wp-image-16897\" src=\"http:\/\/granadacostanacional.es\/wp-content\/uploads\/2018\/03\/IMG_0320-1024x683.jpg\" alt=\"IMG_0320\" width=\"1024\" height=\"683\" \/><\/a><\/p>\n<p style=\"text-align: justify;\">Cerrando el acto, el Alcalde de Hu\u00e9tor-T\u00e1jar, Don Fernando Delgado Ay\u00e9n, don\u00f3 al proyecto el libro <em>Historia de Hu\u00e9tor-T\u00e1jar siglo a siglo <\/em>y nos agradeci\u00f3 el haber escogido su pueblo para celebrar estas 24 Horas y nos abri\u00f3 puertas para celebrar all\u00ed nuestros pr\u00f3ximos eventos. Nosotros por nuestra parte donamos una obra de arte de nuestro querido amigo y colaborador, el pintor Chus Pineda, que elabor\u00f3 durante esos d\u00edas, incluyendo una panor\u00e1mica del pueblo.<\/p>\n<p style=\"text-align: justify;\"><a href=\"http:\/\/granadacostanacional.es\/wp-content\/uploads\/2018\/03\/IMG_0322.jpg\"><img decoding=\"async\" loading=\"lazy\" class=\"aligncenter size-large wp-image-16899\" src=\"http:\/\/granadacostanacional.es\/wp-content\/uploads\/2018\/03\/IMG_0322-757x1024.jpg\" alt=\"IMG_0322\" width=\"757\" height=\"1024\" \/><\/a><\/p>\n<p style=\"text-align: justify;\">Los ni\u00f1o asistentes recibieron el siguiente libro:<\/p>\n<p style=\"text-align: justify;\"><a href=\"http:\/\/granadacostanacional.es\/wp-content\/uploads\/2018\/03\/Libro-Oscar-de-la-Torre-pg1.jpg\"><img decoding=\"async\" loading=\"lazy\" class=\"aligncenter size-full wp-image-16898\" src=\"http:\/\/granadacostanacional.es\/wp-content\/uploads\/2018\/03\/Libro-Oscar-de-la-Torre-pg1.jpg\" alt=\"Libro Oscar de la Torre.indd\" width=\"886\" height=\"886\" \/><\/a><\/p>\n<p style=\"text-align: justify;\">2\u00aa Parte: <a href=\"https:\/\/www.youtube.com\/watch?v=XV34asQqAsE\">https:\/\/www.youtube.com\/watch?v=XV34asQqAsE<\/a><\/p>\n<p style=\"text-align: justify;\">Pepe Segura Haro<\/p>\n<p style=\"text-align: justify;\">Presidente del Proyecto Nacional de Cultura Granada Costa<\/p>\n","protected":false},"excerpt":{"rendered":"<p>La cuarta edici\u00f3n de 24 horas de poes\u00eda Granada Costa dedicadas a homenajear a Rosal\u00eda de Castro durante los d\u00edas&hellip;<\/p>\n","protected":false},"author":2,"featured_media":16895,"comment_status":"open","ping_status":"open","sticky":false,"template":"","format":"standard","meta":{"om_disable_all_campaigns":false,"_mi_skip_tracking":false,"_monsterinsights_sitenote_active":false,"_monsterinsights_sitenote_note":"","_monsterinsights_sitenote_category":0,"footnotes":""},"categories":[21,22,30],"tags":[],"aioseo_notices":[],"_links":{"self":[{"href":"https:\/\/granadacostaglobal.es\/index.php?rest_route=\/wp\/v2\/posts\/16777"}],"collection":[{"href":"https:\/\/granadacostaglobal.es\/index.php?rest_route=\/wp\/v2\/posts"}],"about":[{"href":"https:\/\/granadacostaglobal.es\/index.php?rest_route=\/wp\/v2\/types\/post"}],"author":[{"embeddable":true,"href":"https:\/\/granadacostaglobal.es\/index.php?rest_route=\/wp\/v2\/users\/2"}],"replies":[{"embeddable":true,"href":"https:\/\/granadacostaglobal.es\/index.php?rest_route=%2Fwp%2Fv2%2Fcomments&post=16777"}],"version-history":[{"count":0,"href":"https:\/\/granadacostaglobal.es\/index.php?rest_route=\/wp\/v2\/posts\/16777\/revisions"}],"wp:featuredmedia":[{"embeddable":true,"href":"https:\/\/granadacostaglobal.es\/index.php?rest_route=\/"}],"wp:attachment":[{"href":"https:\/\/granadacostaglobal.es\/index.php?rest_route=%2Fwp%2Fv2%2Fmedia&parent=16777"}],"wp:term":[{"taxonomy":"category","embeddable":true,"href":"https:\/\/granadacostaglobal.es\/index.php?rest_route=%2Fwp%2Fv2%2Fcategories&post=16777"},{"taxonomy":"post_tag","embeddable":true,"href":"https:\/\/granadacostaglobal.es\/index.php?rest_route=%2Fwp%2Fv2%2Ftags&post=16777"}],"curies":[{"name":"wp","href":"https:\/\/api.w.org\/{rel}","templated":true}]}}