{"id":16746,"date":"2018-03-22T12:20:18","date_gmt":"2018-03-22T12:20:18","guid":{"rendered":"http:\/\/granadacostanacional.es\/?p=16746"},"modified":"2018-03-22T12:20:18","modified_gmt":"2018-03-22T12:20:18","slug":"presentada-en-mancomunidad-la-cana-flamenca-ciclo-flamenco-que-aspira-a-convertirse-en-el-referente-cultural-del-verano-en-la-costa-tropical","status":"publish","type":"post","link":"https:\/\/granadacostaglobal.es\/?p=16746","title":{"rendered":"Presentada en Mancomunidad &#8220;La Ca\u00f1a Flamenca&#8221;, ciclo flamenco que aspira a convertirse en el referente cultural del verano en la Costa Tropical."},"content":{"rendered":"<p style=\"text-align: justify;\"><em>Esta ma\u00f1ana, el patio central de la Casa Garach en Motril, albergaba la presentaci\u00f3n del ciclo flamenco &#8220;La Ca\u00f1a Flamenca&#8221; que se desarrollar\u00e1 en nuestra comarca durante los meses de julio y agosto del pr\u00f3ximo verano.<\/em><\/p>\n<p style=\"text-align: justify;\">El primero en tomar la palabra ser\u00eda Sergio Garc\u00eda Alabarce, Presidente de la Mancomunidad de Municipios que quiso agradecer la colaboraci\u00f3n de todas las instituciones implicadas y resalt\u00f3 que este proyecto es una de las grandes apuestas de la instituci\u00f3n comarcal para el presente a\u00f1o. \u201cCon este La Ca\u00f1a Flamenca queremos potenciar la oferta tur\u00edstica de nuestra comarca durante los meses estrella del verano. Se trata de un proyecto que aglutina diferentes instituciones como la Diputaci\u00f3n de Granada, La Junta de Andaluc\u00eda, Puerto de Motril, los ayuntamientos de Motril, Almu\u00f1\u00e9car y Salobre\u00f1a as\u00ed como a la propia organizaci\u00f3n, Chipe Producciones. Todos estamos remando en la misma direcci\u00f3n para que este evento sea un rotundo \u00e9xito. Como puede verse, hemos hecho un ejercicio importante por sumar esfuerzos y voluntades para hacer de este ciclo un referente cultural y musical de la temporada estival. Se ha planificado una programaci\u00f3n novedosa que reunir\u00e1 a artistas medi\u00e1ticos y a otros de nuestra tierra. Todos los eventos del ciclo ser\u00e1n de primer\u00edsimo nivel y de la mayor de las calidades\u201d.<\/p>\n<p style=\"text-align: justify;\">Adem\u00e1s Garc\u00eda Alabarce se\u00f1al\u00f3 que &#8221; si durante los a\u00f1os anteriores nos hemos volcado con el deporte como pieza elemental para vertebrar y hacer comarca, nuestra intenci\u00f3n es que en el presente a\u00f1o sea la Cultura la que adquiera este papel. Este ciclo flamenco es una buena prueba de ello, pero habr\u00e1 m\u00e1s&#8221;.<\/p>\n<p style=\"text-align: justify;\"><a href=\"http:\/\/granadacostanacional.es\/wp-content\/uploads\/2018\/03\/IMG_3640.jpg\"><img decoding=\"async\" loading=\"lazy\" class=\"aligncenter size-large wp-image-16747\" src=\"http:\/\/granadacostanacional.es\/wp-content\/uploads\/2018\/03\/IMG_3640-1024x768.jpg\" alt=\"IMG_3640\" width=\"1024\" height=\"768\" \/><\/a><\/p>\n<p style=\"text-align: justify;\">Seguidamente tomar\u00eda la palabra, F\u00e1tima G\u00f3mez Abad, Diputada de Cultura que destaca la labor de la Diputaci\u00f3n de Granada de apoyo al Flamenco. &#8220;Desde la instituci\u00f3n que represento llevamos much\u00edsimos a\u00f1os apoyando todas las manifestaciones culturales que coloquen al flamenco como referente. As\u00ed, se est\u00e1 trabajando desde 2004 para colocar a Granada como un territorio flamenco de primer nivel dado que tenemos singularidades muy propias como la zambra y los tangos.&#8221;<\/p>\n<p style=\"text-align: justify;\">G\u00f3mez Abad tambi\u00e9n indic\u00f3 que &#8220;en toda la provincia est\u00e1n surgiendo una nueva generaci\u00f3n de artistas muy preparados, conocedores de la tradici\u00f3n pero a la vez vanguardistas, que est\u00e1n llevando el flamenco de nuestra tierra a un primer nivel en la escala internacional. Buen ejemplo de esto, es esta Ca\u00f1a Flamenca, un proyecto ilusionante al que no hemos sumado desde la Diputaci\u00f3n con todo nuestro ah\u00ednco y con el que esperamos contribuir a potenciar tur\u00edsticamente nuestra Costa Tropical.&#8221;<\/p>\n<p style=\"text-align: justify;\">Por su parte, el Delegado de Cultura, Turismo y Deporte en Granada, Guillermo Quero se\u00f1al\u00f3 que gracias a la colaboraci\u00f3n entre lo p\u00fablico y lo privado este ciclo flamenco ha visto la luz. &#8220;La coordinaci\u00f3n y colaboraci\u00f3n entre las instituciones implicadas y las entidades privado han hecho posible este proyecto con el que adem\u00e1s damos cumplimiento a uno de los objetivos que nos fijamos en 2010 cuando se declaro al Flamenco como Patrimonio de la Humanidad. Nuestra intenci\u00f3n es afianzar y consolidar una programaci\u00f3n estable en torno a este arte que nos identifica fuera de nuestras fronteras. Por este motivo hemos apoyado din duda alguna este evento, porque reforzamos la cultura flamenca y porque adem\u00e1s lo estamos haciendo en la Costa Tropical en pleno verano, cuando esta comarca recibe a miles de visitantes lo cual es una enorme oportunidad.&#8221;<\/p>\n<p style=\"text-align: justify;\">&#8220;Desde la Delegaci\u00f3n vamos a seguir apostando por el Flamenco porque adem\u00e1s entendemos que el Flamenco en si es un destino tur\u00edstico. Hay much\u00edsimas personas que se mueven por este arte. Con La Ca\u00f1a Flamenca estamos uniendo flamenco, costa, verano y riqueza patrimonial todos los elementos necesarios para que este proyecto sea un \u00e9xito y esta edici\u00f3n sea la primera de muchas&#8221;, enfatiz\u00f3 el Delegado.<\/p>\n<p style=\"text-align: justify;\">Para terminar intervendr\u00eda Pedro P\u00e9rez &#8220;Chicote&#8221;, de Chipe Producciones, organizadores del ciclo. &#8221; En primer lugar me gustar\u00eda dar las gracias tanto a las instituciones como a las empresas patrocinadoras su buen hacer. Este ciclo surge con la idea de dar orden a la agenda cultural de esta zona as\u00ed como poner en valor, uniendo cultura y turismo, a la Costa Tropical. Con este proyecto, en el que participaran artistas de talla internacional, pretendemos dinamizar la comarca y generar riqueza. La Ca\u00f1a Flamenca nace con la vocaci\u00f3n de erigirse como un referente cultural del verano, como una cita obligatoria con el fin de atraer turistas&#8221;.<\/p>\n<p style=\"text-align: justify;\">&#8220;Desde hoy adem\u00e1s intensificamos la labor de promoci\u00f3n de este evento. Hemos creado un nuevo spot publicitario. Adem\u00e1s ya est\u00e1 disponible la web del ciclo flamenco, www.canaflamenca.com, que estrenamos hoy y donde toda la informaci\u00f3n acerca del festival queda recogida y que adem\u00e1s son una ventana de proyecci\u00f3n a la Costa Tropical.\u00a0 Adem\u00e1s se han proyectado precios asequibles para que todo el mundo pueda acceder a los conciertos, se est\u00e1n elaborando paquetes tur\u00edsticos que contienen actuaciones del ciclo y se est\u00e1 trabajando para fijar una l\u00ednea de autobuses tanto entre la costa como con Granada. En definitiva, todos nos estamos dejando la piel para que la Ca\u00f1a Flamenca sea un rotundo \u00e9xito y para hacer m\u00e1s grande a nuestra querida Costa Tropical de granada&#8221; finaliz\u00f3 diciendo Chicote.<\/p>\n","protected":false},"excerpt":{"rendered":"<p>Esta ma\u00f1ana, el patio central de la Casa Garach en Motril, albergaba la presentaci\u00f3n del ciclo flamenco &#8220;La Ca\u00f1a Flamenca&#8221;&hellip;<\/p>\n","protected":false},"author":2,"featured_media":16748,"comment_status":"open","ping_status":"open","sticky":false,"template":"","format":"standard","meta":{"om_disable_all_campaigns":false,"_mi_skip_tracking":false,"_monsterinsights_sitenote_active":false,"_monsterinsights_sitenote_note":"","_monsterinsights_sitenote_category":0,"footnotes":""},"categories":[22],"tags":[],"aioseo_notices":[],"_links":{"self":[{"href":"https:\/\/granadacostaglobal.es\/index.php?rest_route=\/wp\/v2\/posts\/16746"}],"collection":[{"href":"https:\/\/granadacostaglobal.es\/index.php?rest_route=\/wp\/v2\/posts"}],"about":[{"href":"https:\/\/granadacostaglobal.es\/index.php?rest_route=\/wp\/v2\/types\/post"}],"author":[{"embeddable":true,"href":"https:\/\/granadacostaglobal.es\/index.php?rest_route=\/wp\/v2\/users\/2"}],"replies":[{"embeddable":true,"href":"https:\/\/granadacostaglobal.es\/index.php?rest_route=%2Fwp%2Fv2%2Fcomments&post=16746"}],"version-history":[{"count":0,"href":"https:\/\/granadacostaglobal.es\/index.php?rest_route=\/wp\/v2\/posts\/16746\/revisions"}],"wp:featuredmedia":[{"embeddable":true,"href":"https:\/\/granadacostaglobal.es\/index.php?rest_route=\/"}],"wp:attachment":[{"href":"https:\/\/granadacostaglobal.es\/index.php?rest_route=%2Fwp%2Fv2%2Fmedia&parent=16746"}],"wp:term":[{"taxonomy":"category","embeddable":true,"href":"https:\/\/granadacostaglobal.es\/index.php?rest_route=%2Fwp%2Fv2%2Fcategories&post=16746"},{"taxonomy":"post_tag","embeddable":true,"href":"https:\/\/granadacostaglobal.es\/index.php?rest_route=%2Fwp%2Fv2%2Ftags&post=16746"}],"curies":[{"name":"wp","href":"https:\/\/api.w.org\/{rel}","templated":true}]}}