{"id":16670,"date":"2018-03-20T20:18:10","date_gmt":"2018-03-20T20:18:10","guid":{"rendered":"http:\/\/granadacostanacional.es\/?p=16670"},"modified":"2018-03-20T20:18:10","modified_gmt":"2018-03-20T20:18:10","slug":"en-diciembre-de-2011-la-asamblea-general-designo-el-21-de-marzo-dia-mundial-del-sindrome-de-down","status":"publish","type":"post","link":"https:\/\/granadacostaglobal.es\/?p=16670","title":{"rendered":"En diciembre de 2011, la Asamblea General design\u00f3 el 21 de marzo D\u00eda Mundial del S\u00edndrome de Down"},"content":{"rendered":"<div data-blogger-escaped-style=\"text-align: justify;\">\n<p style=\"text-align: justify;\"><a href=\"http:\/\/granadacostanacional.es\/wp-content\/uploads\/2018\/03\/dawon.jpg\"><img decoding=\"async\" loading=\"lazy\" class=\"size-medium wp-image-16672 alignleft\" src=\"http:\/\/granadacostanacional.es\/wp-content\/uploads\/2018\/03\/dawon-300x277.jpg\" alt=\"dawon\" width=\"300\" height=\"277\" \/><\/a>El s\u00edndrome de Down es una combinaci\u00f3n cromos\u00f3mica natural que siempre ha formado parte de la condici\u00f3n humana, existe en todas las regiones del mundo y habitualmente tiene efectos variables en los estilos de aprendizaje, las caracter\u00edsticas f\u00edsicas o la salud.<\/p>\n<\/div>\n<div style=\"text-align: justify;\" data-blogger-escaped-style=\"text-align: justify;\">\n<p>El acceso adecuado a la atenci\u00f3n de la salud, a los programas de intervenci\u00f3n temprana y a la ense\u00f1anza inclusiva, as\u00ed como la investigaci\u00f3n adecuada, son vitales para el crecimiento y el desarrollo de la persona.<\/p>\n<\/div>\n<div style=\"text-align: justify;\" data-blogger-escaped-style=\"text-align: justify;\">\u00a0En diciembre de 2011, la Asamblea General design\u00f3 el 21 de marzo D\u00eda Mundial del S\u00edndrome de Down.<\/div>\n<div style=\"text-align: justify;\" data-blogger-escaped-style=\"text-align: justify;\"><\/div>\n<div style=\"text-align: justify;\" data-blogger-escaped-style=\"text-align: justify;\">Con esta celebraci\u00f3n, la Asamblea General quiere aumentar la conciencia p\u00fablica sobre la cuesti\u00f3n y recordar la dignidad inherente, la val\u00eda y las valiosas contribuciones de las personas con discapacidad intelectual como promotores del bienestar y de la diversidad de sus comunidades. Tambi\u00e9n quiere resaltar la importancia de su autonom\u00eda e independencia individual, en particular la libertad de tomar sus propias decisiones.<\/div>\n<div data-blogger-escaped-style=\"text-align: justify;\"><\/div>\n<div data-blogger-escaped-style=\"text-align: justify;\">\u00a0Va por vosotros. To\u00f1y Castillo<\/div>\n<div data-blogger-escaped-style=\"text-align: justify;\"><\/div>\n<div data-blogger-escaped-style=\"text-align: justify;\">Pod\u00e9is leer y escuchar el cuento la joven del paraguas de la Dra. To\u00f1y Castillo en :<\/div>\n<div data-blogger-escaped-style=\"text-align: justify;\"><\/div>\n<div data-blogger-escaped-style=\"text-align: justify;\"><span style=\"color: #800000;\"><a style=\"color: #800000;\" href=\"https:\/\/drive.google.com\/file\/d\/0BwRWI3vtKy22YkFvS2NIT05kanM\/view\">https:\/\/drive.google.com\/file\/d\/0BwRWI3vtKy22YkFvS2NIT05kanM\/view<\/a><\/span><\/div>\n<div data-blogger-escaped-style=\"text-align: justify;\"><\/div>\n<div data-blogger-escaped-style=\"text-align: justify;\"><span style=\"color: #800000;\"><a style=\"color: #800000;\" href=\"https:\/\/www.youtube.com\/watch?v=ozItiM8Ut7E&amp;feature=youtu.be\">https:\/\/www.youtube.com\/watch?v=ozItiM8Ut7E&amp;feature=yout<\/a><\/span><\/div>\n<div data-blogger-escaped-style=\"text-align: justify;\"><\/div>\n<div data-blogger-escaped-style=\"text-align: justify;\"><\/div>\n<div data-blogger-escaped-style=\"text-align: justify;\">\n<div data-blogger-escaped-style=\"text-align: justify;\">\n<p style=\"text-align: justify;\">\u2018La joven del paraguas\u2019 es la bonita historia de una chica con s\u00edndrome de Down tratada desde la m\u00e1xima inclusi\u00f3n social, emocional y afectiva en esta sociedad plural: \u201cEl cuento \u2018La joven del paraguas\u2019 versa sobre una chica que trabaja, que ha luchado, que se ha esforzado mucho, y que, un buen d\u00eda, le comunican en su empresa que va a pasar a ser fija en la empresa donde trabaja.<\/p>\n<p style=\"text-align: justify;\">Era una joven que miraba al cielo, ve\u00eda que iba a llover y cogi\u00f3 un paraguas, ese d\u00eda hab\u00eda quedado con una amiga para ver una exposici\u00f3n art\u00edstica de un amigo suyo y, de camino, mientras va contando c\u00f3mo ha ido su d\u00eda, su amiga le dice lo mucho que le gustan sus ojos, que son achinados. En ese momento, la joven responde que si no sab\u00eda que ella era s\u00edndrome de Down, mientras su amiga, acto seguido, le responde<strong><span style=\"color: #800000;\"> \u201cson preciosos\u201d.<\/span><\/strong><\/p>\n<p style=\"text-align: justify;\">\u00a0Este cuento recoge todo el cari\u00f1o y el respeto hacia los j\u00f3venes con s\u00edndrome de Down<\/p>\n<\/div>\n<div data-blogger-escaped-style=\"text-align: justify;\"><\/div>\n<\/div>\n","protected":false},"excerpt":{"rendered":"<p>El s\u00edndrome de Down es una combinaci\u00f3n cromos\u00f3mica natural que siempre ha formado parte de la condici\u00f3n humana, existe en&hellip;<\/p>\n","protected":false},"author":4,"featured_media":16674,"comment_status":"open","ping_status":"open","sticky":false,"template":"","format":"standard","meta":{"om_disable_all_campaigns":false,"_mi_skip_tracking":false,"_monsterinsights_sitenote_active":false,"_monsterinsights_sitenote_note":"","_monsterinsights_sitenote_category":0,"footnotes":""},"categories":[25,22,19,30],"tags":[],"aioseo_notices":[],"_links":{"self":[{"href":"https:\/\/granadacostaglobal.es\/index.php?rest_route=\/wp\/v2\/posts\/16670"}],"collection":[{"href":"https:\/\/granadacostaglobal.es\/index.php?rest_route=\/wp\/v2\/posts"}],"about":[{"href":"https:\/\/granadacostaglobal.es\/index.php?rest_route=\/wp\/v2\/types\/post"}],"author":[{"embeddable":true,"href":"https:\/\/granadacostaglobal.es\/index.php?rest_route=\/wp\/v2\/users\/4"}],"replies":[{"embeddable":true,"href":"https:\/\/granadacostaglobal.es\/index.php?rest_route=%2Fwp%2Fv2%2Fcomments&post=16670"}],"version-history":[{"count":0,"href":"https:\/\/granadacostaglobal.es\/index.php?rest_route=\/wp\/v2\/posts\/16670\/revisions"}],"wp:featuredmedia":[{"embeddable":true,"href":"https:\/\/granadacostaglobal.es\/index.php?rest_route=\/"}],"wp:attachment":[{"href":"https:\/\/granadacostaglobal.es\/index.php?rest_route=%2Fwp%2Fv2%2Fmedia&parent=16670"}],"wp:term":[{"taxonomy":"category","embeddable":true,"href":"https:\/\/granadacostaglobal.es\/index.php?rest_route=%2Fwp%2Fv2%2Fcategories&post=16670"},{"taxonomy":"post_tag","embeddable":true,"href":"https:\/\/granadacostaglobal.es\/index.php?rest_route=%2Fwp%2Fv2%2Ftags&post=16670"}],"curies":[{"name":"wp","href":"https:\/\/api.w.org\/{rel}","templated":true}]}}