{"id":16659,"date":"2018-03-19T09:05:55","date_gmt":"2018-03-19T09:05:55","guid":{"rendered":"http:\/\/granadacostanacional.es\/?p=16659"},"modified":"2018-03-19T09:05:55","modified_gmt":"2018-03-19T09:05:55","slug":"las-24-horas-de-poesia","status":"publish","type":"post","link":"https:\/\/granadacostaglobal.es\/?p=16659","title":{"rendered":"LAS 24 HORAS DE POES\u00cdA"},"content":{"rendered":"<p style=\"text-align: justify;\">En fechas recientes se celebr\u00f3 en Madrid el premio Loewe de poes\u00eda con el \u00e9xito acostumbrado entre la alta sociedad.<\/p>\n<p style=\"text-align: justify;\">Refiri\u00e9ndose al evento, Carmen Rigalt escribe en El Mundo, y dice:<\/p>\n<p style=\"text-align: justify;\"><em>\u201cS\u00f3lo hay una cosa m\u00e1s aburrida que un premio de poes\u00eda: un premio de cuentos\u201d.<\/em><\/p>\n<p style=\"text-align: justify;\">Hace 40 a\u00f1os que se escrib\u00edan cuentos y se presentaban al premio Hucha de Oro convocada por las Cajas\u00a0 de Ahorro y alguna de esas Huchas luc\u00edan en mi casa de La Moraleja, pero no por merecimiento m\u00edo, que yo nunca particip\u00e9, sino por aquello tan castellano \u2013ya en desuso- \u00a0de\u00a0 los \u201cgananciales\u201d.<\/p>\n<p style=\"text-align: justify;\">He querido traer aqu\u00ed un recuerdo a Jos\u00e9 Javier Aleixandre, gran escritor y poeta, fallecido el pasado a\u00f1o, cuyas Huchas de Oro atesoraba en su casa con todo merecimiento.<\/p>\n<p style=\"text-align: justify;\">\u00a0En la pr\u00f3xima semana Granada Costa, presenta su 4\u00aa edici\u00f3n de las 24 horas de poes\u00eda. Con creciente inter\u00e9s cada a\u00f1o, su mentor Pepe Segura, pretende seguir presentando las nuevas ediciones en diferentes escenarios granadinos. En \u00e9sta ocasi\u00f3n en Hu\u00e9tor Tajar.<\/p>\n<p style=\"text-align: justify;\">Como aficionado a la escritura, quiero decir a la \u00e1cida pero genial escritora Carmen Rigalt, que el cuento no ha desaparecido y la poes\u00eda ser\u00e1 eterna mientras haya escritores dotados de su magia.<\/p>\n<p style=\"text-align: justify;\">Juli\u00e1n D\u00edaz Robledo<\/p>\n","protected":false},"excerpt":{"rendered":"<p>En fechas recientes se celebr\u00f3 en Madrid el premio Loewe de poes\u00eda con el \u00e9xito acostumbrado entre la alta sociedad.&hellip;<\/p>\n","protected":false},"author":2,"featured_media":8943,"comment_status":"open","ping_status":"open","sticky":false,"template":"","format":"standard","meta":{"om_disable_all_campaigns":false,"_mi_skip_tracking":false,"_monsterinsights_sitenote_active":false,"_monsterinsights_sitenote_note":"","_monsterinsights_sitenote_category":0,"footnotes":""},"categories":[21,30],"tags":[],"aioseo_notices":[],"_links":{"self":[{"href":"https:\/\/granadacostaglobal.es\/index.php?rest_route=\/wp\/v2\/posts\/16659"}],"collection":[{"href":"https:\/\/granadacostaglobal.es\/index.php?rest_route=\/wp\/v2\/posts"}],"about":[{"href":"https:\/\/granadacostaglobal.es\/index.php?rest_route=\/wp\/v2\/types\/post"}],"author":[{"embeddable":true,"href":"https:\/\/granadacostaglobal.es\/index.php?rest_route=\/wp\/v2\/users\/2"}],"replies":[{"embeddable":true,"href":"https:\/\/granadacostaglobal.es\/index.php?rest_route=%2Fwp%2Fv2%2Fcomments&post=16659"}],"version-history":[{"count":0,"href":"https:\/\/granadacostaglobal.es\/index.php?rest_route=\/wp\/v2\/posts\/16659\/revisions"}],"wp:featuredmedia":[{"embeddable":true,"href":"https:\/\/granadacostaglobal.es\/index.php?rest_route=\/"}],"wp:attachment":[{"href":"https:\/\/granadacostaglobal.es\/index.php?rest_route=%2Fwp%2Fv2%2Fmedia&parent=16659"}],"wp:term":[{"taxonomy":"category","embeddable":true,"href":"https:\/\/granadacostaglobal.es\/index.php?rest_route=%2Fwp%2Fv2%2Fcategories&post=16659"},{"taxonomy":"post_tag","embeddable":true,"href":"https:\/\/granadacostaglobal.es\/index.php?rest_route=%2Fwp%2Fv2%2Ftags&post=16659"}],"curies":[{"name":"wp","href":"https:\/\/api.w.org\/{rel}","templated":true}]}}