{"id":16633,"date":"2018-03-15T17:31:36","date_gmt":"2018-03-15T17:31:36","guid":{"rendered":"http:\/\/granadacostanacional.es\/?p=16633"},"modified":"2018-03-15T17:31:36","modified_gmt":"2018-03-15T17:31:36","slug":"jose-maria-gutierrez-un-hombre-que-trabaja-por-la-cultura","status":"publish","type":"post","link":"https:\/\/granadacostaglobal.es\/?p=16633","title":{"rendered":"JOS\u00c9 MAR\u00cdA GUTI\u00c9RREZ, UN HOMBRE QUE TRABAJA POR LA CULTURA"},"content":{"rendered":"<p style=\"text-align: justify;\"><strong>C<\/strong><strong>onoc\u00ed a D. Jos\u00e9 Mar\u00eda Guti\u00e9rrez hace ya unos a\u00f1os. Creo recordar que fue en el homenaje que se le rindi\u00f3 a nuestra entra\u00f1able amiga y compa\u00f1era do\u00f1a Hortensia de Carlos. Aquel d\u00eda mantuvimos unas pocas palabras, ya que toda nuestra atenci\u00f3n estuvo dirigida a la anfitriona de ese acto. Jos\u00e9 Mar\u00eda ley\u00f3 un poema dedicado a Hortensia y dijo unas palabras sobre ella. Con el tiempo he sabido m\u00e1s de esta persona polifac\u00e9tica: escritor, poeta y hombre de empresa.<\/strong><\/p>\n<p style=\"text-align: justify;\"><strong>A pesar de su edad, desarrolla una gran actividad cultural, ya que cada mi\u00e9rcoles dirige la tertulia \u00abAndr\u00e9s Jofre\u00bb, y ello no le resta para escribir, atender su empresa y hacer senderismo, que no solamente de poes\u00eda vive el hombre. Ha sido siempre un gran trabajador, pero, sobre todo, destacaremos que es un gran caballero y persona, y fiel a sus amigos. No voy a extenderme m\u00e1s en esta entradilla, en sus respuestas a mis preguntas lo conocer\u00e9is mejor.<\/strong><\/p>\n<p><a href=\"http:\/\/granadacostanacional.es\/wp-content\/uploads\/2018\/03\/20180314104732-4.jpg\"><img decoding=\"async\" loading=\"lazy\" class=\"size-large wp-image-16634\" src=\"http:\/\/granadacostanacional.es\/wp-content\/uploads\/2018\/03\/20180314104732-4-692x1024.jpg\" alt=\"Image\" width=\"692\" height=\"1024\" \/><\/a><\/p>\n<p style=\"text-align: justify;\"><strong>ENTREVISTA A D. JOS\u00c9 MAR\u00cdA GUTI\u00c9RREZ<\/strong><\/p>\n<p style=\"text-align: justify;\"><strong>\u00bfD\u00f3nde naci\u00f3?<\/strong><\/p>\n<p style=\"text-align: justify;\">En Tui, provincia de Pontevedra (Galicia)<\/p>\n<p style=\"text-align: justify;\"><strong>\u00bfC\u00f3mo transcurri\u00f3 su ni\u00f1ez e infancia?<\/strong><\/p>\n<p style=\"text-align: justify;\">La infancia feliz, con mis padres y abuelos en la casa de la monta\u00f1a.<\/p>\n<p style=\"text-align: justify;\"><strong>\u00bfCu\u00e1les son los recuerdos m\u00e1s gratos que guarda de su <\/strong><strong>juventud?<\/strong><\/p>\n<p style=\"text-align: justify;\">Los sacrificios de mi madre para atender a 11 hijos.<\/p>\n<p style=\"text-align: justify;\"><strong>\u00bfEn qu\u00e9 trabajaban sus padres?<\/strong><\/p>\n<p style=\"text-align: justify;\">Mi padre era el conductor del autob\u00fas de l\u00ednea y mi madre cuidaba de nosotros.<\/p>\n<p style=\"text-align: justify;\"><strong>\u00bfCree que sus padres hicieron por usted, todo cuanto <\/strong><strong>pudieron?<\/strong><\/p>\n<p style=\"text-align: justify;\">Si, dentro de sus escasas posibilidades<\/p>\n<p style=\"text-align: justify;\"><strong>\u00bfQu\u00e9 estudi\u00f3 y d\u00f3nde?<\/strong><\/p>\n<p style=\"text-align: justify;\">En la escuela p\u00fablica, de grato recuerdo y el bachiller en el instituto santa frene de Vigo<\/p>\n<p><a href=\"http:\/\/granadacostanacional.es\/wp-content\/uploads\/2018\/03\/20180314104732-2.jpg\"><img decoding=\"async\" loading=\"lazy\" class=\"size-large wp-image-16635\" src=\"http:\/\/granadacostanacional.es\/wp-content\/uploads\/2018\/03\/20180314104732-2-683x1024.jpg\" alt=\"Image\" width=\"683\" height=\"1024\" \/><\/a><\/p>\n<p style=\"text-align: justify;\"><strong>\u00bfEst\u00e1 usted casado?<\/strong><\/p>\n<p style=\"text-align: justify;\">Si, con Antonia Bonet<\/p>\n<p style=\"text-align: justify;\"><strong>\u00bfCu\u00e1ntos hijos tiene usted?<\/strong><\/p>\n<p style=\"text-align: justify;\">Tres, dos hijas y un hijo. Con 5 nietos.<\/p>\n<p style=\"text-align: justify;\"><strong>\u00bfQui\u00e9n le ayudo en su primer negocio?<\/strong><\/p>\n<p style=\"text-align: justify;\">Mis suegros y mi socio, Lorenzo Gonz\u00e1lvez, que fue m\u00e1s que socio amigo.<\/p>\n<p style=\"text-align: justify;\"><strong>\u00bfC\u00f3mo transcurrieron esos primeros a\u00f1os?<\/strong><\/p>\n<p style=\"text-align: justify;\">Dif\u00edciles, pero con mucha ilusi\u00f3n y trabajo duro. Nuestro horario era muy prolongado y el trabajo con los muebles, nada c\u00f3modo.<\/p>\n<p style=\"text-align: justify;\"><strong>\u00bfCu\u00e1l ha sido el momento o momentos m\u00e1s agradable en su <\/strong><strong>vida como empresario?<\/strong><\/p>\n<p style=\"text-align: justify;\">Ser Cofundador de Afedeco (Federaci\u00f3n de Comercio de Baleares) Inaugurar la tienda de Muebles La Industrial de 3500 m de superficie, n-9 1 de Palma y la tienda especializada de TECNODESPACHO.<\/p>\n<p style=\"text-align: justify;\"><strong>\u00bfDesde su experiencia como empresario, qu\u00e9 aconsejar\u00eda usted <\/strong><strong>a los que empiezan por primera vez en el dif\u00edcil mundo de los <\/strong><strong>negocios en general?<\/strong><\/p>\n<p style=\"text-align: justify;\">Que emprendan un negocio, ilusionados, que sean profesionales y el resto es constancia y trabajo.<\/p>\n<p style=\"text-align: justify;\"><strong>\u00bfCree usted que con dinero se puede comprar todo? <\/strong><\/p>\n<p style=\"text-align: justify;\">No. Por fortuna hay voluntades que no se venden<\/p>\n<p style=\"text-align: justify;\"><strong>\u00bfSi pudiera, que es lo que no le gustar\u00eda volver a repetir?<\/strong><\/p>\n<p style=\"text-align: justify;\">Hay pasajes de mi vida dif\u00edciles que prefiero olvidar, por tristeza<\/p>\n<p style=\"text-align: justify;\"><strong>\u00bfCu\u00e1ntos libros tiene publicados?<\/strong><\/p>\n<p style=\"text-align: justify;\">Tres, de cuentos, poemas y pensamientos y un cuarto en preparaci\u00f3n.<\/p>\n<p style=\"text-align: justify;\"><strong>Cu\u00e9nteme alguna an\u00e9cdota del d\u00eda de su boda<\/strong><\/p>\n<p style=\"text-align: justify;\">El d\u00eda que nos casarnos sal\u00edamos de viaje de novios y llev\u00e1bamos el coche en el avi\u00f3n, de Aviaco a Valencia. Nos retrasamos casi una hora y esperaron. Cuando entramos nos abuchearon. Al decir que ven\u00edamos de casar, nos aplaudieron y perdonaron.<\/p>\n<p style=\"text-align: justify;\"><strong>\u00bfEn qu\u00e9 a\u00f1o ingres\u00f3 usted, en la marina espa\u00f1ola? <\/strong><\/p>\n<p style=\"text-align: justify;\">El 2 de enero de 1951<\/p>\n<p><a href=\"http:\/\/granadacostanacional.es\/wp-content\/uploads\/2018\/03\/20180314104732-3.jpg\"><img decoding=\"async\" loading=\"lazy\" class=\"size-large wp-image-16636\" src=\"http:\/\/granadacostanacional.es\/wp-content\/uploads\/2018\/03\/20180314104732-3-1024x679.jpg\" alt=\"Image\" width=\"1024\" height=\"679\" \/><\/a><\/p>\n<p style=\"text-align: justify;\"><strong>\u00bfQu\u00e9 destino tuvo?<\/strong><\/p>\n<p style=\"text-align: justify;\">Escuela de especialistas, Minador JUPITER, Almirante Cervera y Dragaminas Ebro.<\/p>\n<p style=\"text-align: justify;\"><strong>\u00bfQu\u00e9 pa\u00edses visit\u00f3 usted, embarcado?<\/strong><\/p>\n<p style=\"text-align: justify;\">E.E.U.U., Francia, Malta, Portugal, Italia y Marruecos<\/p>\n<p style=\"text-align: justify;\"><strong>\u00bfEn cu\u00e1ntos barcos estuvo destinado?<\/strong><\/p>\n<p style=\"text-align: justify;\">En los tres que ya he nombrado.<\/p>\n<p style=\"text-align: justify;\"><strong>\u00bfCu\u00e1l fue el motivo de que dejara su trabajo en la Armada <\/strong><strong>Espa\u00f1ola?<\/strong><\/p>\n<p style=\"text-align: justify;\">El amor. Conoc\u00ed a la que hoy es abuela y madre de mis hijos y dej\u00e9 mi carrera.<\/p>\n<p style=\"text-align: justify;\"><strong>\u00bfEn qu\u00e9 a\u00f1o y lugar conoci\u00f3 usted, a su esposa? <\/strong><\/p>\n<p style=\"text-align: justify;\">En 1959. En Palma<\/p>\n<p style=\"text-align: justify;\"><strong>\u00bfCu\u00e1l fue el primer negocio que fund\u00f3 en Palma? <\/strong><\/p>\n<p style=\"text-align: justify;\">Con la ayuda de mis suegros una tienda de muebles<\/p>\n<p style=\"text-align: justify;\"><strong>\u00bfQu\u00e9 le gusta m\u00e1s, la poes\u00eda o la prosa?<\/strong><\/p>\n<p style=\"text-align: justify;\">La prosa tambi\u00e9n es poes\u00eda, si es buena, pero gozo con la poes\u00eda<\/p>\n<p style=\"text-align: justify;\"><strong>\u00bfDesde cu\u00e1ndo dirige usted, la tertulia del Club Sa Banca?<\/strong><\/p>\n<p style=\"text-align: justify;\">Desde el a\u00f1o 2001. Empec\u00e9 como alumno con Andr\u00e9s Jofre y me nombr\u00f3 su sucesor en el a\u00f1o 2008, al frente del TALLER DE POES\u00cdA. All\u00ed conoc\u00ed a Hortensia, Concha y mercedes, poetisas.<\/p>\n<p style=\"text-align: justify;\"><strong>\u00bfQui\u00e9n fund\u00f3 dicha tertulia?<\/strong><\/p>\n<p style=\"text-align: justify;\">Don Andr\u00e9s Jofre, un poeta, pintor y m\u00fasico muy especial.<\/p>\n<p style=\"text-align: justify;\"><strong>\u00bfCu\u00e1l es la funci\u00f3n de esta tertulia? <\/strong><\/p>\n<p style=\"text-align: justify;\">Ense\u00f1ar a descubrir y amar la poes\u00eda<\/p>\n<p style=\"text-align: justify;\"><strong>\u00bfCada qu\u00e9 tiempo se re\u00fanen ustedes? <\/strong><\/p>\n<p style=\"text-align: justify;\">Los mi\u00e9rcoles durante dos horas.<\/p>\n<p style=\"text-align: justify;\"><strong>\u00bfQu\u00e9 requisitos se necesitan para pertenecer a dicha tertulia? <\/strong><\/p>\n<p style=\"text-align: justify;\">Amar la poes\u00eda, conocerla y \u00a1Practicarla!<\/p>\n<p style=\"text-align: justify;\"><strong>Cu\u00e9nteme algo sobre la personalidad humana y literaria del <\/strong><strong>se\u00f1or Andr\u00e9s Jofre<\/strong><\/p>\n<p style=\"text-align: justify;\">Poeta, m\u00fasico, pintor, ceramista. Su obra est\u00e1 recogida en el museo que tienen en Alcudia.<\/p>\n<p><a href=\"http:\/\/granadacostanacional.es\/wp-content\/uploads\/2018\/03\/20180314104732-1.jpg\"><img decoding=\"async\" loading=\"lazy\" class=\"size-large wp-image-16637\" src=\"http:\/\/granadacostanacional.es\/wp-content\/uploads\/2018\/03\/20180314104732-1-741x1024.jpg\" alt=\"Image\" width=\"741\" height=\"1024\" \/><\/a><\/p>\n<p style=\"text-align: justify;\"><strong>\u00bfQu\u00e9 valoraci\u00f3n hace usted del peri\u00f3dico cultural GRANADA COSTA?<\/strong><\/p>\n<p style=\"text-align: justify;\">Muy positiva. Es un peri\u00f3dico que fomenta la poes\u00eda.<\/p>\n<p style=\"text-align: justify;\"><strong>\u00bfQu\u00e9 ha supuesto para usted, pertenecer a dicho peri\u00f3dico <\/strong><strong>cultural?<\/strong><\/p>\n<p style=\"text-align: justify;\">Mucho. Me ha abierto puertas y me ha dado la oportunidad de darme a conocer.<\/p>\n<p style=\"text-align: justify;\"><strong>\u00bfQu\u00e9 destacar\u00eda del Granada Costa?<\/strong><\/p>\n<p style=\"text-align: justify;\">Las p\u00e1ginas literarias.<\/p>\n<p style=\"text-align: justify;\"><strong>\u00bfQu\u00e9 a\u00f1adir\u00eda o quitar\u00eda usted?<\/strong><\/p>\n<p style=\"text-align: justify;\">Algo de correcci\u00f3n de trabajos y su estructura.<\/p>\n<p style=\"text-align: justify;\"><strong>\u00bfDesde cu\u00e1ndo es usted, miembro de la gran familia del <\/strong><strong>Granada Costa?<\/strong><\/p>\n<p style=\"text-align: justify;\">Hace cinco a\u00f1os, que me han pasado muy gratamente.<\/p>\n<p style=\"text-align: justify;\"><strong>\u00bfCree usted, que detr\u00e1s de un gran hombre existe una gran <\/strong><strong>mujer?<\/strong><\/p>\n<p style=\"text-align: justify;\">Es un complemento para el hombre, de ayuda y comprensi\u00f3n, aunque hay excepciones.<\/p>\n<p style=\"text-align: justify;\"><strong>\u00bfQu\u00e9 pregunta no le he hecho y le hubiera gustado que le hicieran?<\/strong><\/p>\n<p style=\"text-align: justify;\">El cuestionario es amplio y bien estructurado. Cumple con su intenci\u00f3n de conocer &#8220;un poco&#8221; al personaje.<\/p>\n<p>&nbsp;<\/p>\n<p>TEST<\/p>\n<ul>\n<li><strong>-Un color \u2014 <\/strong>Azul<\/li>\n<li><strong>-Un \u00e1rbol \u2014 <\/strong>Eucalipto<\/li>\n<li><strong>-Un animal \u2014 <\/strong>El perro<\/li>\n<li><strong>-Un compositor <\/strong>El maestro Rodrigo<\/li>\n<li><strong>Una m\u00fasica <\/strong>Cl\u00e1sica &#8211; Mel\u00f3dica<\/li>\n<li><strong>-Un autor\/a de novelas \u2014 <\/strong>Arturo Perez Reverte \u2014 Dan Brown<\/li>\n<li><strong>Un autor\/a de poes\u00eda \u2014 <\/strong>Rosal\u00eda Castro<\/li>\n<li><strong>-Un libro \u2014 <\/strong>La Biblia<\/li>\n<li><strong>Un personaje <\/strong>Don Quijote<\/li>\n<li><strong>-Un pintor \u2014 <\/strong>Vel\u00e1zquez<\/li>\n<li><strong>-Un escultor\u00a0\u00a0\u00a0\u00a0\u00a0\u00a0\u00a0 <\/strong>Miguel \u00c1ngel<\/li>\n<li><strong>-Una leyenda \u2014 <\/strong>Las mil y una noches<\/li>\n<li><strong>-Un pa\u00eds \u2014 <\/strong>Espa\u00f1a<\/li>\n<li><strong>-Un sitio para vivir \u2014 <\/strong>Mallorca<\/li>\n<li><strong>-Una pel\u00edcula \u2014 <\/strong>Lo que el viento se llev\u00f3<\/li>\n<li><strong>-Un actor\u00a0\u00a0\u00a0\u00a0\u00a0\u00a0 <\/strong>Laurence Olivier<\/li>\n<li><strong>-Una actriz \u2014 <\/strong>Vivien Leigh<\/li>\n<li><strong>-Una flor\u00a0\u00a0\u00a0\u00a0 <\/strong>La rosa<\/li>\n<li><strong>-Un perfume \u2014 <\/strong>Fresco<\/li>\n<li><strong>-\u00bfCon qui\u00e9n le gustar\u00eda hacer un viaje? \u00a0<\/strong>Con toda mi familia<\/li>\n<\/ul>\n<p style=\"text-align: right;\"><em>Marcelino Arellano Alabarces<\/em><\/p>\n","protected":false},"excerpt":{"rendered":"<p>Conoc\u00ed a D. Jos\u00e9 Mar\u00eda Guti\u00e9rrez hace ya unos a\u00f1os. Creo recordar que fue en el homenaje que se le&hellip;<\/p>\n","protected":false},"author":2,"featured_media":16638,"comment_status":"open","ping_status":"open","sticky":false,"template":"","format":"standard","meta":{"om_disable_all_campaigns":false,"_mi_skip_tracking":false,"_monsterinsights_sitenote_active":false,"_monsterinsights_sitenote_note":"","_monsterinsights_sitenote_category":0,"footnotes":""},"categories":[21],"tags":[],"aioseo_notices":[],"_links":{"self":[{"href":"https:\/\/granadacostaglobal.es\/index.php?rest_route=\/wp\/v2\/posts\/16633"}],"collection":[{"href":"https:\/\/granadacostaglobal.es\/index.php?rest_route=\/wp\/v2\/posts"}],"about":[{"href":"https:\/\/granadacostaglobal.es\/index.php?rest_route=\/wp\/v2\/types\/post"}],"author":[{"embeddable":true,"href":"https:\/\/granadacostaglobal.es\/index.php?rest_route=\/wp\/v2\/users\/2"}],"replies":[{"embeddable":true,"href":"https:\/\/granadacostaglobal.es\/index.php?rest_route=%2Fwp%2Fv2%2Fcomments&post=16633"}],"version-history":[{"count":0,"href":"https:\/\/granadacostaglobal.es\/index.php?rest_route=\/wp\/v2\/posts\/16633\/revisions"}],"wp:featuredmedia":[{"embeddable":true,"href":"https:\/\/granadacostaglobal.es\/index.php?rest_route=\/"}],"wp:attachment":[{"href":"https:\/\/granadacostaglobal.es\/index.php?rest_route=%2Fwp%2Fv2%2Fmedia&parent=16633"}],"wp:term":[{"taxonomy":"category","embeddable":true,"href":"https:\/\/granadacostaglobal.es\/index.php?rest_route=%2Fwp%2Fv2%2Fcategories&post=16633"},{"taxonomy":"post_tag","embeddable":true,"href":"https:\/\/granadacostaglobal.es\/index.php?rest_route=%2Fwp%2Fv2%2Ftags&post=16633"}],"curies":[{"name":"wp","href":"https:\/\/api.w.org\/{rel}","templated":true}]}}