{"id":16596,"date":"2018-03-15T12:24:05","date_gmt":"2018-03-15T12:24:05","guid":{"rendered":"http:\/\/granadacostanacional.es\/?p=16596"},"modified":"2018-03-15T12:24:05","modified_gmt":"2018-03-15T12:24:05","slug":"el-grupo-inquietudes-se-unen-con-la-asociacion-catalana-por-la-infancia-maltratada-para-hacer-un-acto-benefico","status":"publish","type":"post","link":"https:\/\/granadacostaglobal.es\/?p=16596","title":{"rendered":"El grupo inquietudes  se unen con  la Asociaci\u00f3n catalana por la infancia maltratada para hacer un acto ben\u00e9fico"},"content":{"rendered":"<p style=\"text-align: justify;\"><a href=\"http:\/\/granadacostanacional.es\/wp-content\/uploads\/2018\/03\/WhatsApp-Image-2018-03-15-at-11.02.19.jpeg\"><img decoding=\"async\" loading=\"lazy\" class=\"size-medium wp-image-16606 alignleft\" src=\"http:\/\/granadacostanacional.es\/wp-content\/uploads\/2018\/03\/WhatsApp-Image-2018-03-15-at-11.02.19-225x300.jpeg\" alt=\"WhatsApp Image 2018-03-15 at 11.02.19\" width=\"225\" height=\"300\" \/><\/a>\u00a0En este miercoles 14 de marzo la Sala Barcelonesa \u00a0Luz de Gas se llen\u00f3 para \u00a0compartir un acto con nombre propio <strong>\u201cLa infancia\u201d<\/strong> y la necesidad de ayudar a la prevenci\u00f3n del maltrato infantil. La dra To\u00f1y Castillo fue la encargada como miembro de la Asociaci\u00f3n Catalana por la Infancia Maltratada de presentar el acto . Aqui Alguinas de sus palabras<\/p>\n<p style=\"text-align: justify;\">\u00a0<strong>Infancia..<\/strong>. Una infancia a la cual hemos de cuidar y proteger desde nuestra funci\u00f3n de padres, abuelos, educadores y personas con la responsabilidad de construir un mundo m\u00e1s humano.\u00a0\u00a0En nombre de tantos ni\u00f1os necesitados de buenas acciones. Gracias.<\/p>\n<p style=\"text-align: justify;\">Hace unos a\u00f1os, llegu\u00e9 a esta sala, a esta Luz de Gas y de manera m\u00e1gica la sala se ilumin\u00f3 creando luces de armon\u00eda, de elegancia, de saber estar, de una belleza inigualable, y digo belleza en sentido amplio, ya que el arte, es m\u00e1s que la poes\u00eda del momento, el arte es la poes\u00eda de los hechos bajo formas diferentes.<\/p>\n<p>&nbsp;<\/p>\n<p><strong>El grupo \u201cGrupo Inquietudes\u201d conoce del arte de las emociones, ya que son docentes de la escena transmitiendo sentimientos de voces propias y ajenas.<\/strong><\/p>\n<p>&nbsp;<\/p>\n<p style=\"text-align: justify;\"><strong>Inquietudes<\/strong> a\u00f1os tras a\u00f1os \u00a0nos dan lecci\u00f3n de solidaridad, al \u00a0pasear su se\u00f1or\u00edo apostando por la nobleza de ser personas y de llegar a tantas y tantas almas como todas las que hoy nos acompa\u00f1\u00e1is y las que no est\u00e1n f\u00edsicamente pero han deseado dejar su huella\u00a0 con la intenci\u00f3n \u00a0de ser generosos.<\/p>\n<p style=\"text-align: justify;\">Deseo Agradecer en nombre de ACIM \u00a0Associaci\u00f3 Catalana per la Inf\u00e0ncia Maltractada\u00a0 en los actos de 30\u00ba Aniversario vuestra generosidad y vuestra voluntad para construir un mundo mejor para la Infancia&#8230;<\/p>\n<p>&nbsp;<\/p>\n<p><strong>\u00a0Viajemos en el tiempo:<\/strong><\/p>\n<p>El grupo\u00a0 Inquietudes \u00a0naci\u00f3\u00a0 bajo la pasi\u00f3n por la danza\u00a0 de un grupo de personas con duende en el alma y grandeza en el coraz\u00f3n.<\/p>\n<p style=\"text-align: justify;\"><a href=\"http:\/\/granadacostanacional.es\/wp-content\/uploads\/2018\/03\/WhatsApp-Image-2018-03-15-at-11.00.07.jpeg\"><img decoding=\"async\" loading=\"lazy\" class=\"size-medium wp-image-16605 alignleft\" src=\"http:\/\/granadacostanacional.es\/wp-content\/uploads\/2018\/03\/WhatsApp-Image-2018-03-15-at-11.00.07-300x225.jpeg\" alt=\"WhatsApp Image 2018-03-15 at 11.00.07\" width=\"300\" height=\"225\" \/><\/a>Bajo las ense\u00f1anzas de la se\u00f1ora \u00a0Rosita Segovia, maestra del arte de ense\u00f1ar, \u00a0iniciaron su caminar en 1971, apasionadas por la danza cl\u00e1sica no pudieron elegir mejor mentora y fue all\u00ed, donde\u00a0 amigas\u00a0 con inquietudes: la de formarse, la de aprender, desearon fortalecer el esp\u00edritu de la creaci\u00f3n y la belleza del arte.<a href=\"http:\/\/granadacostanacional.es\/wp-content\/uploads\/2018\/03\/WhatsApp-Image-2018-03-15-at-11.31.56.jpeg\"><img decoding=\"async\" loading=\"lazy\" class=\"size-medium wp-image-16616 alignright\" src=\"http:\/\/granadacostanacional.es\/wp-content\/uploads\/2018\/03\/WhatsApp-Image-2018-03-15-at-11.31.56-300x292.jpeg\" alt=\"WhatsApp Image 2018-03-15 at 11.31.56\" width=\"300\" height=\"292\" \/><\/a><\/p>\n<p style=\"text-align: justify;\">Muchos\u2026 muchos a\u00f1os de esfuerzo diario, ensayos, horas de dicci\u00f3n, de danzas internas,\u00a0 de tacones incesantes\u00a0 y una meta&#8230; los sue\u00f1os&#8230; el construirlos trabaj\u00e1ndolos, le dio la oportunidad de conocer\u00a0 al director de teatro y escritor el Sr. Ram\u00f3n Mart\u00ed \u00a0as\u00ed mismo\u00a0 con posterioridad a la directora musical Rosa Gim\u00e9nez que iniciaron un camino junto a ellas, todas maravillosas damas de la interpretaci\u00f3n, \u00a0para dar un lugar a la poes\u00eda espa\u00f1ola y hacer que esta,\u00a0 luzca \u00a0por si sola.<\/p>\n<p><strong>El nombre de quienes luchan, de quienes no se rinden, de quienes por encima de todo quieren a los dem\u00e1s. Gracias<\/strong><\/p>\n<p style=\"text-align: justify;\"><strong>Inquietudes.<\/strong> \u00a0Inquietudes art\u00edsticas de estas maravillosas actrices. Inquietudes sociales, por ayudar para un mundo mejor y hoy es una prueba m\u00e1s de que esto es cierto.<\/p>\n<p style=\"text-align: justify;\"><a href=\"http:\/\/granadacostanacional.es\/wp-content\/uploads\/2018\/03\/WhatsApp-Image-2018-03-14-at-22.41.38-1.jpeg\"><img decoding=\"async\" loading=\"lazy\" class=\"size-medium wp-image-16603 alignleft\" src=\"http:\/\/granadacostanacional.es\/wp-content\/uploads\/2018\/03\/WhatsApp-Image-2018-03-14-at-22.41.38-1-300x225.jpeg\" alt=\"WhatsApp Image 2018-03-14 at 22.41.38 (1)\" width=\"300\" height=\"225\" \/><\/a><a href=\"http:\/\/granadacostanacional.es\/wp-content\/uploads\/2018\/03\/WhatsApp-Image-2018-03-15-at-11.00.07-1.jpeg\"><img decoding=\"async\" loading=\"lazy\" class=\"size-medium wp-image-16604 aligncenter\" src=\"http:\/\/granadacostanacional.es\/wp-content\/uploads\/2018\/03\/WhatsApp-Image-2018-03-15-at-11.00.07-1-225x300.jpeg\" alt=\"WhatsApp Image 2018-03-15 at 11.00.07 (1)\" width=\"225\" height=\"300\" \/><\/a><\/p>\n<p style=\"text-align: justify;\">Estamos aqu\u00ed para aplaudir, no solo las interpretaciones, \u00a1que seguro que lo haremos! Sino que estamos tambi\u00e9n aqu\u00ed, para dar un gran aplauso por sus obras sociales en beneficio de quien lo necesita.<\/p>\n<p style=\"text-align: justify;\"><a href=\"http:\/\/granadacostanacional.es\/wp-content\/uploads\/2018\/03\/WhatsApp-Image-2018-03-14-at-21.13.52.jpeg\"><img decoding=\"async\" loading=\"lazy\" class=\"wp-image-16600 alignleft\" src=\"http:\/\/granadacostanacional.es\/wp-content\/uploads\/2018\/03\/WhatsApp-Image-2018-03-14-at-21.13.52-300x169.jpeg\" alt=\"WhatsApp Image 2018-03-14 at 21.13.52\" width=\"361\" height=\"203\" \/><\/a><\/p>\n<p style=\"text-align: justify;\"><a href=\"http:\/\/granadacostanacional.es\/wp-content\/uploads\/2018\/03\/WhatsApp-Image-2018-03-14-at-21.13.55.jpeg\"><img decoding=\"async\" loading=\"lazy\" class=\"size-medium wp-image-16621 alignright\" src=\"http:\/\/granadacostanacional.es\/wp-content\/uploads\/2018\/03\/WhatsApp-Image-2018-03-14-at-21.13.55-300x169.jpeg\" alt=\"WhatsApp Image 2018-03-14 at 21.13.55\" width=\"300\" height=\"169\" \/><\/a>Y a todos ustedes que nos acompa\u00f1an y a los no han podido estar pero si sus huellas, por su generosidad y respeto y complicidad con Inquietudes. Hoy tengo el orgullo y el honor de compartir este escenario para\u00a0 admirar y reconocer todo este esfuerzo como personas, como actrices, como mujeres y\u00a0 como damas con garra.<\/p>\n<p><a href=\"http:\/\/granadacostanacional.es\/wp-content\/uploads\/2018\/03\/WhatsApp-Image-2018-03-15-at-12.35.00.jpeg\"><img decoding=\"async\" loading=\"lazy\" class=\"size-medium wp-image-16618 alignleft\" src=\"http:\/\/granadacostanacional.es\/wp-content\/uploads\/2018\/03\/WhatsApp-Image-2018-03-15-at-12.35.00-163x300.jpeg\" alt=\"WhatsApp Image 2018-03-15 at 12.35.00\" width=\"163\" height=\"300\" \/><\/a><\/p>\n<p>Soy la Dra. \u00a0To\u00f1y Castillo \u00a0miembro\u00a0 de la Asociaci\u00f3n\u00a0 Catalana por la Infancia Maltratada. ACIM posee los siguientes galardones:<\/p>\n<p>Premios y Reconocimientos<\/p>\n<ul>\n<li>Declarada Entidad de Utilidad P\u00fablica (Res. M. Interior Orden INT\/4256\/2006, 26.09.06)<\/li>\n<li>Premios la Pizarra de Raimunda (2008 y 2014)<\/li>\n<li>Premio C\u00edrculo Solidario, Condis Ni\u00f1os y ni\u00f1as y nuevas tecnolog\u00edas (2008)<\/li>\n<li>Premio Janusz Korckzak por los Derechos de la Infancia de la Fundaci\u00f3n Juristas sin Fronteras (2008)<\/li>\n<li>Premio Obra Social Caixa Sabadell (2008)<\/li>\n<li>Cruz de Sant Jordi (2007)<\/li>\n<li>Premio Josep Parera (2005)<\/li>\n<\/ul>\n<p style=\"text-align: justify;\">\u00a0la Dra. Carmen Tello Casany, Presidenta de ACIM que nos dej\u00f3 estas palaras:<\/p>\n<p style=\"text-align: justify;\"><a href=\"http:\/\/granadacostanacional.es\/wp-content\/uploads\/2018\/03\/WhatsApp-Image-2018-03-15-at-11.32.04.jpeg\"><img decoding=\"async\" loading=\"lazy\" class=\"size-medium wp-image-16620 alignleft\" src=\"http:\/\/granadacostanacional.es\/wp-content\/uploads\/2018\/03\/WhatsApp-Image-2018-03-15-at-11.32.04-300x228.jpeg\" alt=\"WhatsApp Image 2018-03-15 at 11.32.04\" width=\"300\" height=\"228\" \/><\/a><\/p>\n<p style=\"text-align: justify;\">\u00a0\u00a0\u00a0\u00a0\u00a0\u00a0\u00a0\u00a0 En primer lugar agradecer a todos ustedes su asistencia este acto de celebraci\u00f3n de los 30 a\u00f1os de la creaci\u00f3n de la Asociaci\u00f3n Catalana por la Infancia Maltratada y muy especialmente a la Se\u00f1ora Teresa G\u00f3mez Reino y al grupo inquietudes, que generosamente han hecho posible la celebraci\u00f3n de este acto ya Luz de Gas que ha cedido el espacio y a las tecnicas y voluntarias de ACIM por su trabajo en la organizaci\u00f3n del mismo<\/p>\n<p style=\"text-align: justify;\">El 8 de agosto de 1988, y gracias al empuje y compromiso de unos profesionales de la medicina y el trabajo social, se cre\u00f3 la Asociaci\u00f3n Catalana para la Infancia Maltratada. ACIM re\u00fane a profesionales de diversas disciplinas e instituciones, de \u00e1mbitos relacionados con la infancia y la familia, para trabajar en defensa de los derechos de los ni\u00f1os \/ as y adolescentes y combatir activamente el maltrato y el abuso sexual infantil. Siempre desde la perspectiva del inter\u00e9s superior del ni\u00f1o.<\/p>\n<p style=\"text-align: justify;\">Durante estos 30 a\u00f1os, los malos tratos, la negligencia y el abuso sexual ha tomado nuevas modalidades. Aunque parece que aumentado la sensibilidad de la sociedad ante esta lacra, aunque persiste la invisibilidad de este grave problema. Por este hecho una parte central de nuestra labor es la SENSIBILIZACI\u00d3N de profesionales, de familias, de las autoridades p\u00fablicas y de la sociedad en general sobre este hecho y sobre la necesidad de trabajar en su prevenci\u00f3n. Para que la detecci\u00f3n de un ni\u00f1o maltratado es tambi\u00e9n la detecci\u00f3n de una familia con problemas, o de una escuela o unos maestros con dificultades. Promover la FORMACION en los profesionales que trabajando con ni\u00f1os y adolescentes se darles herramientas para ser sensibles a que algo no funciona y hay que dar un espacio para poder hablar.<\/p>\n<p style=\"text-align: justify;\">Uno de los problemas a veces se la dificultad de poder trabajando en RED y promover l\u00edneas de investigaci\u00f3n interdisciplinarias sobre la prevenci\u00f3n, prevenci\u00f3n, detecci\u00f3n, diagn\u00f3stico e intervenci\u00f3n en el maltrato y abuso sexual infantil, y la promoci\u00f3n e intercambio de buenas pr\u00e1cticas con otras instituciones. Durante el a\u00f1o 2018 tenemos pensado una serie de actos tan por la celebraci\u00f3n del 30 aniversario como para dar visibilidad al maltrata infantil que finalizar\u00e1 en noviembre con la celebraci\u00f3n del XIV Congreso FAPMI &#8220;No ver, no hablar, no o\u00edr: demos visibilidad el maltrato infantil &#8220;.Tambi\u00e9n se har\u00e1 el pre congreso de ECPAT-Espa\u00f1a (<em>End Child Prostitution, Child Pornography and Taffiking of Children for Sexual Purposes) <\/em>\u00a0Esta entidad internacional es la mayor red mundial dedicada a combatir la explotaci\u00f3n infantil: pornograf\u00eda, prostituci\u00f3n y tr\u00e1fico de menores con fines sexuales. Tambi\u00e9n agradecer al dibujante Sr. Jos\u00e9 Luis Martin que ha\u00a0 hecho el poster del Congreso de forma desinteresada.<\/p>\n<p>Vuelvo a agradecer su asistencia y espero que el espect\u00e1culo les guste mucho<\/p>\n<p><a href=\"http:\/\/granadacostanacional.es\/wp-content\/uploads\/2018\/03\/WhatsApp-Image-2018-03-14-at-22.40.33-1.jpeg\"><img decoding=\"async\" loading=\"lazy\" class=\"size-medium wp-image-16602 alignright\" src=\"http:\/\/granadacostanacional.es\/wp-content\/uploads\/2018\/03\/WhatsApp-Image-2018-03-14-at-22.40.33-1-202x300.jpeg\" alt=\"WhatsApp Image 2018-03-14 at 22.40.33 (1)\" width=\"202\" height=\"300\" \/><\/a>As\u00ed como la presencia de Maria Terecha Gomez Reino\u00a0 la Sra. Terechu como representante de Inquietudes.<\/p>\n<p>&nbsp;<\/p>\n<p style=\"text-align: justify;\">La Dra. To\u00f1y Castillo prosigui\u00f3<\/p>\n<p style=\"text-align: justify;\"><strong>Cuando escribes<\/strong>, buscas la verdad de las cosas, ahondas en ellas, pero al comenzar a ahondar, te mueves por profundidades jam\u00e1s exploradas, entras en el mundo subterr\u00e1neo que solo uno conoce.<\/p>\n<p style=\"text-align: justify;\"><strong>Cuando escribes<\/strong>, te dejas llevar por emociones que abandonan su timidez para convertirse en aliadas de l\u00edneas descaradas que relatan hechos, sin el temor a que el viento se lleve las palabras pronunciadas.<\/p>\n<p style=\"text-align: justify;\"><strong>Cuando escribes<\/strong>, inventas fantas\u00edas nunca so\u00f1adas en noches durmientes, inventas historias no explicadas en tardes de espera y los personajes crean relatos que toman vida para compartir sue\u00f1os.<\/p>\n<p style=\"text-align: justify;\"><strong>Cuando escribes,<\/strong> abandonas el mundo conocido para conquistar otros, inicias proyectos de mejora de obra empezadas o futuras sin temor a derribos.<\/p>\n<p style=\"text-align: center;\"><strong>Cuando escribes, desnudas el alma.<\/strong><\/p>\n<p>Hoy tenemos la pluma de grandes poetas y el coraz\u00f3n de grandes artistas\u2026 damas del arte\u2026 \u00a0Rapsodas y poetas.<\/p>\n<p>Grupo Inquietudes Direcci\u00f3n y Puesta en escena:Ram\u00f3n Mart\u00ed<\/p>\n<p><a href=\"http:\/\/granadacostanacional.es\/wp-content\/uploads\/2018\/03\/WhatsApp-Image-2018-03-14-at-21.02.33.jpeg\"><img decoding=\"async\" loading=\"lazy\" class=\"size-medium wp-image-16599 aligncenter\" src=\"http:\/\/granadacostanacional.es\/wp-content\/uploads\/2018\/03\/WhatsApp-Image-2018-03-14-at-21.02.33-300x225.jpeg\" alt=\"WhatsApp Image 2018-03-14 at 21.02.33\" width=\"300\" height=\"225\" \/><\/a><\/p>\n<p>&nbsp;<\/p>\n<p>Direcci\u00f3n Musical: <strong>Rosa Gim\u00e9nez.\u00a0<\/strong><\/p>\n<p>Voz en off: <strong>Susana Egea.\u00a0<\/strong><\/p>\n<p>Regidora: <strong>Silvia Yag\u00fce.\u00a0<\/strong><\/p>\n<p>Colaboraci\u00f3n especial: <strong>Carlos Murias.\u00a0<\/strong><\/p>\n<p><strong>Programa\u00a0<\/strong><\/p>\n<p><strong>\u201cLa danza del molinero\u201d<\/strong> Rosa Gim\u00e9nez y Carlos Murias Manuel de Falla Piano y casta\u00f1uelas.<\/p>\n<p><strong>\u201cEl amor en silencio\u201d<\/strong> Terechu G\u00f3mez-Reino Sandro Valerio.<\/p>\n<p><strong>\u201cEl abanico\u201d<\/strong> Manuela Garc\u00eda Mosel An\u00f3nimo.<\/p>\n<p><strong>\u201cLa profec\u00eda\u201d<\/strong> Mari Luz Arregui Rafael de Le\u00f3n\u00b4.<\/p>\n<p><strong>\u201cLa joven madre\u201d <\/strong>Terechu G\u00f3mez-Reino Ram\u00f3n Mart\u00ed.<\/p>\n<p><strong>\u201cDulce milagro\u201d<\/strong> Tere Benjumeda Juana de Ibarbourou.<\/p>\n<p><strong>\u201cCity os stars\u201d<\/strong> Cristina Campa\u00f1\u00e1, Elena Pieralli Ryan Gosling y Mar\u00eda Rib\u00f3.<\/p>\n<p><strong>\u201c(Canci\u00f3n<\/strong>)\u201d Elena Pieralli y Mar\u00eda Rib\u00f3.<\/p>\n<p><strong>\u201cAhora me toca a m\u00ed\u201d<\/strong> Manuela Garc\u00eda Mosel Rafael de Le\u00f3n.<\/p>\n<p><strong>\u201cEl parque de Mar\u00eda Luisa\u201d<\/strong> Tere Benjumeda Juan Antonio Cavestany.<\/p>\n<p><strong>\u201cLa barca\u201d<\/strong> Mari Luz Arregui Manuel Ben\u00edtez Carrasco.<\/p>\n<p><strong>\u201cCantares\u201d <\/strong>Terechu G\u00f3mez-Reino Antonio Machado.<\/p>\n<p><strong>\u201cUno, dos y tres\u201d<\/strong>\u00a0 \u00a0grupo Inquietudes \u00a0Manuel Ben\u00edtez Carrasco.<\/p>\n","protected":false},"excerpt":{"rendered":"<p>\u00a0En este miercoles 14 de marzo la Sala Barcelonesa \u00a0Luz de Gas se llen\u00f3 para \u00a0compartir un acto con nombre&hellip;<\/p>\n","protected":false},"author":4,"featured_media":16598,"comment_status":"open","ping_status":"open","sticky":false,"template":"","format":"standard","meta":{"om_disable_all_campaigns":false,"_mi_skip_tracking":false,"_monsterinsights_sitenote_active":false,"_monsterinsights_sitenote_note":"","_monsterinsights_sitenote_category":0,"footnotes":""},"categories":[25,22,33,19,30],"tags":[],"aioseo_notices":[],"_links":{"self":[{"href":"https:\/\/granadacostaglobal.es\/index.php?rest_route=\/wp\/v2\/posts\/16596"}],"collection":[{"href":"https:\/\/granadacostaglobal.es\/index.php?rest_route=\/wp\/v2\/posts"}],"about":[{"href":"https:\/\/granadacostaglobal.es\/index.php?rest_route=\/wp\/v2\/types\/post"}],"author":[{"embeddable":true,"href":"https:\/\/granadacostaglobal.es\/index.php?rest_route=\/wp\/v2\/users\/4"}],"replies":[{"embeddable":true,"href":"https:\/\/granadacostaglobal.es\/index.php?rest_route=%2Fwp%2Fv2%2Fcomments&post=16596"}],"version-history":[{"count":0,"href":"https:\/\/granadacostaglobal.es\/index.php?rest_route=\/wp\/v2\/posts\/16596\/revisions"}],"wp:featuredmedia":[{"embeddable":true,"href":"https:\/\/granadacostaglobal.es\/index.php?rest_route=\/"}],"wp:attachment":[{"href":"https:\/\/granadacostaglobal.es\/index.php?rest_route=%2Fwp%2Fv2%2Fmedia&parent=16596"}],"wp:term":[{"taxonomy":"category","embeddable":true,"href":"https:\/\/granadacostaglobal.es\/index.php?rest_route=%2Fwp%2Fv2%2Fcategories&post=16596"},{"taxonomy":"post_tag","embeddable":true,"href":"https:\/\/granadacostaglobal.es\/index.php?rest_route=%2Fwp%2Fv2%2Ftags&post=16596"}],"curies":[{"name":"wp","href":"https:\/\/api.w.org\/{rel}","templated":true}]}}