{"id":16450,"date":"2018-02-27T15:37:05","date_gmt":"2018-02-27T15:37:05","guid":{"rendered":"http:\/\/granadacostanacional.es\/?p=16450"},"modified":"2018-02-27T15:37:05","modified_gmt":"2018-02-27T15:37:05","slug":"una-utopia-realizable","status":"publish","type":"post","link":"https:\/\/granadacostaglobal.es\/?p=16450","title":{"rendered":"UNA UTOP\u00cdA REALIZABLE"},"content":{"rendered":"<p style=\"text-align: justify;\"><strong>Lola Ben\u00edtez Molina<\/strong><\/p>\n<p style=\"text-align: justify;\"><strong>M\u00e1laga (Espa\u00f1a)<\/strong><\/p>\n<p style=\"text-align: justify;\"><strong>\u00a0<\/strong><\/p>\n<p style=\"text-align: justify;\">Eres de los que con su obra engrandece al Universo. Tu \u201cfuego fatuo\u201d aviva la llama de nuestra existencia y la ennoblece. Escuchar las notas de tus melod\u00edas acerca al para\u00edso so\u00f1ado y pone las estrellas en nuestras manos para goce de los sentidos. El coraz\u00f3n palpita gozoso ante lo inconmensurable. Contigo visito el Ed\u00e9n y quedo extasiada como ya quedaron otros coet\u00e1neos tuyos, pero traspasaste la temporalidad, como no pod\u00eda ser de otra forma, para vanagloria de nuestros antepasados y descendientes.<\/p>\n<p style=\"text-align: justify;\">C\u00e1diz, ciudad colonial, conexi\u00f3n marina de Oriente y Occidente, te vio nacer y te catapult\u00f3 a la fama, dulce gozo para unos y quimera o desvar\u00edo para otros. Lo que s\u00ed es cierto es que t\u00fa nos abriste las puertas a un mundo maravilloso, que inunda nuestro ser hasta elevarlo a lo m\u00e1s sublime. Tu mano egregia aprendi\u00f3, en edad temprana, la vocaci\u00f3n que te llev\u00f3 a los m\u00e1s rec\u00f3nditos confines del orbe, en un primer momento, con los acordes de la excelente pianista Elo\u00edsa Galluzzo. Fruto de ese esp\u00edritu inquieto y sensible supiste valorar el poder de las letras y, as\u00ed tuviste tus primeros escarceos literarios con la creaci\u00f3n de tus propias revistas manuscritas entre los a\u00f1os 1889 y 1891: \u201cEl Burl\u00f3n\u201d y \u201cEl cascabel\u201d, pero ser\u00e1 en tu adolescencia, concretamente, en 1893, cuando te veas impulsado a dejarlo todo, como t\u00fa mismo dir\u00e1s, para dedicarte exclusivamente al mundo de la composici\u00f3n, y tu inspiraci\u00f3n te elevar\u00e1 a las m\u00e1s altas cumbres donde las utop\u00edas son realizables. Y as\u00ed, compusiste tus primeras obras: \u201cMelod\u00eda\u201d y \u201cRomanza\u201d, ambas para violonchelo y piano.<\/p>\n<p style=\"text-align: justify;\">\n<p style=\"text-align: justify;\">Durante su estancia en Madrid, en 1901, conoce a Felipe Pedrell quien ejerci\u00f3 gran influencia sobre su persona, pues despierta su inter\u00e9s por el flamenco y por el \u201ccante jondo\u201d. Con la \u00f3pera \u201cLa vida breve\u201d (1904) consigue el primer premio de un concurso convocado por la Real Academia de Bellas Artes de San Fernando.<\/p>\n<p style=\"text-align: justify;\">En 1907, se marcha a Par\u00eds, y all\u00ed conoce a Claude Debussy, Maurice Ravel, Paul Dukas, Isaac Alb\u00e9niz, Alexis Roland-Manuel, Ricardo Vi\u00f1es y Pablo Picasso. En esta \u00e9poca, compone sus obras m\u00e1s c\u00e9lebres: \u201cEl amor brujo\u201d y el ballet \u201cEl sombrero de tres picos\u201d. Su ser se empapa de las influencias de todos ellos y le inspiran para componer \u201cNoches en los jardines de Espa\u00f1a\u201d, en la que se deja ver el impresionismo contempor\u00e1neo, y en la que incluye los ritmos flamencos.<\/p>\n<p style=\"text-align: justify;\">En 1914, tras el comienzo de la primera Guerra Mundial, regresa a Madrid, y es en 1915 cuando se estrena la primera versi\u00f3n de \u201cEl amor brujo\u201d en el Teatro Lara. Ese mismo a\u00f1o, en el n\u00famero de abril de la \u201cRevista Musical Hispano-Americana\u201d, se public\u00f3 su texto \u201cEnrique Granados, Evocaci\u00f3n de su obra\u201d, y el 5 de junio el peri\u00f3dico \u201cLa Tribuna\u201d recoge \u201cEl gran m\u00fasico de nuestro tiempo: Igor Stravinsky\u201d, al que Falla conoci\u00f3 personalmente.<\/p>\n<p style=\"text-align: justify;\">En 1919, realiza su primer viaje a Granada, ciudad que lo enamora, como no pod\u00eda ser de otra forma, y entra en contacto con Federico Garc\u00eda Lorca. El auditorio de dicha ciudad, ubicado en las proximidades de los jardines de la Alhambra, lleva su nombre. En \u00e9l se halla el Archivo Manuel de Falla y tiene una exposici\u00f3n permanente digna de visitar, puesto que alberga enseres propios del gran compositor, as\u00ed como cartas y fotograf\u00edas a lo largo de su vida. Este es uno de esos lugares a los que me gusta asistir, ya que en \u00e9l puedo vislumbrar su esencia y constituye un peque\u00f1o oasis en este mundo.<\/p>\n<p style=\"text-align: justify;\">En 1939, un poco despu\u00e9s de terminada la Guerra Civil Espa\u00f1ola y ya comenzada la Segunda Guerra Mundial, se exili\u00f3 en Argentina, donde morir\u00eda en 1946, aunque sus restos fueron trasladados, posteriormente, desde Buenos Aires hasta C\u00e1diz, su tierra natal, y reposan en la cripta de la catedral de Santa Cruz.<\/p>\n<p style=\"text-align: justify;\">\n<p style=\"text-align: justify;\">\u00a0Manuel de Falla, vio sus sue\u00f1os m\u00e1s que cumplidos.<\/p>\n<p style=\"text-align: justify;\">Paulo Coelho escribir\u00eda esta frase tan acertada: \u201cNunca desistas de un sue\u00f1o. S\u00f3lo trata de ver las se\u00f1ales que te lleven a \u00e9l\u201d.<\/p>\n","protected":false},"excerpt":{"rendered":"<p>Lola Ben\u00edtez Molina M\u00e1laga (Espa\u00f1a) \u00a0 Eres de los que con su obra engrandece al Universo. Tu \u201cfuego fatuo\u201d aviva&hellip;<\/p>\n","protected":false},"author":2,"featured_media":12590,"comment_status":"open","ping_status":"open","sticky":false,"template":"","format":"standard","meta":{"om_disable_all_campaigns":false,"_mi_skip_tracking":false,"_monsterinsights_sitenote_active":false,"_monsterinsights_sitenote_note":"","_monsterinsights_sitenote_category":0,"footnotes":""},"categories":[21],"tags":[],"aioseo_notices":[],"_links":{"self":[{"href":"https:\/\/granadacostaglobal.es\/index.php?rest_route=\/wp\/v2\/posts\/16450"}],"collection":[{"href":"https:\/\/granadacostaglobal.es\/index.php?rest_route=\/wp\/v2\/posts"}],"about":[{"href":"https:\/\/granadacostaglobal.es\/index.php?rest_route=\/wp\/v2\/types\/post"}],"author":[{"embeddable":true,"href":"https:\/\/granadacostaglobal.es\/index.php?rest_route=\/wp\/v2\/users\/2"}],"replies":[{"embeddable":true,"href":"https:\/\/granadacostaglobal.es\/index.php?rest_route=%2Fwp%2Fv2%2Fcomments&post=16450"}],"version-history":[{"count":0,"href":"https:\/\/granadacostaglobal.es\/index.php?rest_route=\/wp\/v2\/posts\/16450\/revisions"}],"wp:featuredmedia":[{"embeddable":true,"href":"https:\/\/granadacostaglobal.es\/index.php?rest_route=\/"}],"wp:attachment":[{"href":"https:\/\/granadacostaglobal.es\/index.php?rest_route=%2Fwp%2Fv2%2Fmedia&parent=16450"}],"wp:term":[{"taxonomy":"category","embeddable":true,"href":"https:\/\/granadacostaglobal.es\/index.php?rest_route=%2Fwp%2Fv2%2Fcategories&post=16450"},{"taxonomy":"post_tag","embeddable":true,"href":"https:\/\/granadacostaglobal.es\/index.php?rest_route=%2Fwp%2Fv2%2Ftags&post=16450"}],"curies":[{"name":"wp","href":"https:\/\/api.w.org\/{rel}","templated":true}]}}