{"id":16440,"date":"2018-02-25T16:45:00","date_gmt":"2018-02-25T16:45:00","guid":{"rendered":"http:\/\/granadacostanacional.es\/?p=16440"},"modified":"2018-02-25T16:45:00","modified_gmt":"2018-02-25T16:45:00","slug":"conferencia-del-doctor-en-historia-del-arte-antonio-callejon-pelaez","status":"publish","type":"post","link":"https:\/\/granadacostaglobal.es\/?p=16440","title":{"rendered":"CONFERENCIA DEL DOCTOR EN HISTORIA DEL ARTE ANTONIO CALLEJ\u00d3N PEL\u00c1EZ"},"content":{"rendered":"<p style=\"text-align: justify;\">8000 A\u00d1OS DE LA HISTORIA DE ANDALUC\u00cdA<\/p>\n<p style=\"text-align: justify;\">\u00a0\u00a0\u00a0\u00a0\u00a0\u00a0\u00a0\u00a0\u00a0\u00a0\u00a0\u00a0\u00a0\u00a0\u00a0 &#8211;CADENA DE RECUERDOS\u2014<\/p>\n<p style=\"text-align: justify;\">\u00a0\u00a0\u00a0\u00a0\u00a0\u00a0\u00a0 Lejos quedan aquellos tiempos en los que asistir a una conferencia no s\u00f3lo era\u00a0 una moda, distracci\u00f3n, obligaci\u00f3n social, sino que tambi\u00e9n hab\u00eda un vivo deseo de adquirir conocimientos. En algunas ciudades se prodigaban de tal manera que el escritor\u00a0 y ensayista Eugenio D\u2019Ors le hizo exclamar en cierta ocasi\u00f3n : \u201cEn Madrid a las 7 de la tarde\u00a0 o das una conferencia o te la dan\u201d.<\/p>\n<p style=\"text-align: justify;\">\u00a0\u00a0\u00a0\u00a0\u00a0\u00a0\u00a0\u00a0\u00a0\u00a0\u00a0 Hoy no ocurre esto, hay otras modas, otras distracciones y ning\u00fan inter\u00e9s por la cultura excepto la ramplona que suministran las televisiones, el ordenador, el tel\u00e9fono m\u00f3vil, etc. Por otra parte, suele ocurrir a menudo que aquellos que se prestan\u00a0 a dar conferencias son los menos preparados, los que ten\u00edan que estar, no en la tarima, sino en el asiento de butacas escuchando.<\/p>\n<p style=\"text-align: justify;\">\u00a0\u00a0\u00a0\u00a0\u00a0\u00a0\u00a0\u00a0\u00a0\u00a0\u00a0 Granada como ciudad universitaria desde hace muchos a\u00f1os, viene teniendo una intensa tradici\u00f3n cultural aunque con cierta merma.. El pasado d\u00eda uno de febrero en el Colegio de M\u00e9dicos, el doctor en Historia del Arte\u00a0 ANTONIO CALLEJ\u00d3N PEL\u00c1EZ\u00a0 imparti\u00f3 una conferencia con el t\u00edtulo <strong>\u201d8000<\/strong> <strong>a\u00f1os de la historia de Andaluc\u00eda\u201d.\u00a0 Cadena de Recuerdos\u201d.<\/strong> Muchos a\u00f1os para desarrollar el tema en una hora. Pero la verdad es que convenci\u00f3 y encant\u00f3 pues tra\u00eda la lecci\u00f3n bien aprendida. La conferencia se basaba en su novela\u00a0 hist\u00f3rica titulada:\u201d Cadena de Recuerdos\u201d. Hizo un recorrido por la Andaluc\u00eda prehist\u00f3rica, fenicia, cartaginesa, romana, isl\u00e1mica y cristiana hasta nuestros d\u00edas. De todas estas culturas quedan numerosas muestras,\u00a0 unas en asentamiento y ruinas arqueol\u00f3gicas y otras, en hermosos monumentos bien conservados. \u00bfY todo esto en una hora? Pues s\u00ed, se puede cuando la conferencia est\u00e1 bien estructurada y se domina el tema y s\u00f3lo se hace hincapi\u00e9 en lo esencial para la comprensi\u00f3n sin perder el hilo, sin andarse por las ramas\u00a0 o\u00a0 caminos secundarios, tal como aconsejaba Azor\u00edn, \u201cyendo directamente\u00a0 a las cosas sin que las palabras nos detengan, nos embaracen, nos dificulten el camino\u201d.<\/p>\n<p style=\"text-align: justify;\"><a href=\"http:\/\/granadacostanacional.es\/wp-content\/uploads\/2018\/02\/IMG-20180223-WA0001.jpg\"><img decoding=\"async\" loading=\"lazy\" class=\"aligncenter size-large wp-image-16442\" src=\"http:\/\/granadacostanacional.es\/wp-content\/uploads\/2018\/02\/IMG-20180223-WA0001-1024x726.jpg\" alt=\"IMG-20180223-WA0001\" width=\"1024\" height=\"726\" \/><\/a><\/p>\n<p style=\"text-align: justify;\">\u00a0\u00a0\u00a0\u00a0\u00a0\u00a0\u00a0\u00a0\u00a0\u00a0\u00a0 El conferenciante nos hizo recordar aquella Historia de Espa\u00f1a que aprendimos en la escuela y posteriormente en el Bachiller. Encajaba bien el t\u00edtulo de la conferencia\u00a0 \u201cCadena de Recuerdos\u201d.\u00a0 De las glorias antiguas de Andaluc\u00eda prehist\u00f3rica nos quedan infinidad de ruinas que forman parte de nuestro Patrimonio, un pasado glorioso. \u201cLa Historia es un viaje entre las ruinas\u00a0 de lo egregio\u201d afirmaba\u00a0 el fil\u00f3sofo alem\u00e1n Hegel. Y es cierto, cu\u00e1ntas lecciones \u00fatiles, cu\u00e1ntas reflexiones ofrecen al esp\u00edritu quien acierta a consultarlas. En ellas se confunden las cenizas de los reyes con las del esclavo; es el dogma de la igualdad.<\/p>\n<p style=\"text-align: justify;\">\u00a0\u00a0\u00a0\u00a0\u00a0\u00a0\u00a0\u00a0\u00a0\u00a0\u00a0 El doctor <strong><em>Antonio Callej\u00f3n<\/em><\/strong> vino decirnos en esta \u201cCadena de Recuerdos\u201d que debemos sentirnos orgullosos de ser andaluces pues tenemos un\u00a0 rico Patrimonio Art\u00edstico Hist\u00f3rico Cultural, un clima paradis\u00edaco, tierras f\u00e9rtiles y sus gentes ingeniosas, trabajadoras y alegres. Y esto viene al pelo ante los comentarios despectivos\u00a0 sobre el ser y el car\u00e1cter de los andaluces, que algunos pedantes en decadencia\u00a0 de otras regiones de Espa\u00f1a,\u00a0 \u00a0vienen \u00faltimamente\u00a0 haciendo al tiempo que ellos se arrogan as\u00ed mismos un aire de superioridad, de raza, inteligencia, cultura e incluso\u00a0 hasta de Rh. Esta conferencia fue, entre otras cosas,\u00a0 un toque de est\u00edmulo\u00a0 para sentirse orgulloso de ser andaluz. As\u00ed se entendi\u00f3 y lo sintieron todos los asistentes al acto. Por eso es obligado decir\u00a0 que la conferencia convenci\u00f3 y encant\u00f3.<\/p>\n<p style=\"text-align: justify;\"><a href=\"http:\/\/granadacostanacional.es\/wp-content\/uploads\/2018\/02\/IMG-20180223-WA0002.jpg\"><img decoding=\"async\" loading=\"lazy\" class=\"aligncenter size-large wp-image-16443\" src=\"http:\/\/granadacostanacional.es\/wp-content\/uploads\/2018\/02\/IMG-20180223-WA0002-698x1024.jpg\" alt=\"IMG-20180223-WA0002\" width=\"698\" height=\"1024\" \/><\/a><\/p>\n<p style=\"text-align: right;\">\u00a0\u00a0\u00a0\u00a0\u00a0\u00a0\u00a0\u00a0\u00a0\u00a0\u00a0\u00a0\u00a0\u00a0\u00a0\u00a0\u00a0\u00a0\u00a0\u00a0\u00a0\u00a0\u00a0 <em><strong>ROGELIO BUSTOS ALMENDROS<\/strong><\/em><\/p>\n","protected":false},"excerpt":{"rendered":"<p>8000 A\u00d1OS DE LA HISTORIA DE ANDALUC\u00cdA \u00a0\u00a0\u00a0\u00a0\u00a0\u00a0\u00a0\u00a0\u00a0\u00a0\u00a0\u00a0\u00a0\u00a0\u00a0 &#8211;CADENA DE RECUERDOS\u2014 \u00a0\u00a0\u00a0\u00a0\u00a0\u00a0\u00a0 Lejos quedan aquellos tiempos en los que asistir&hellip;<\/p>\n","protected":false},"author":2,"featured_media":16441,"comment_status":"open","ping_status":"open","sticky":false,"template":"","format":"standard","meta":{"om_disable_all_campaigns":false,"_mi_skip_tracking":false,"_monsterinsights_sitenote_active":false,"_monsterinsights_sitenote_note":"","_monsterinsights_sitenote_category":0,"footnotes":""},"categories":[21,22],"tags":[],"aioseo_notices":[],"_links":{"self":[{"href":"https:\/\/granadacostaglobal.es\/index.php?rest_route=\/wp\/v2\/posts\/16440"}],"collection":[{"href":"https:\/\/granadacostaglobal.es\/index.php?rest_route=\/wp\/v2\/posts"}],"about":[{"href":"https:\/\/granadacostaglobal.es\/index.php?rest_route=\/wp\/v2\/types\/post"}],"author":[{"embeddable":true,"href":"https:\/\/granadacostaglobal.es\/index.php?rest_route=\/wp\/v2\/users\/2"}],"replies":[{"embeddable":true,"href":"https:\/\/granadacostaglobal.es\/index.php?rest_route=%2Fwp%2Fv2%2Fcomments&post=16440"}],"version-history":[{"count":0,"href":"https:\/\/granadacostaglobal.es\/index.php?rest_route=\/wp\/v2\/posts\/16440\/revisions"}],"wp:featuredmedia":[{"embeddable":true,"href":"https:\/\/granadacostaglobal.es\/index.php?rest_route=\/"}],"wp:attachment":[{"href":"https:\/\/granadacostaglobal.es\/index.php?rest_route=%2Fwp%2Fv2%2Fmedia&parent=16440"}],"wp:term":[{"taxonomy":"category","embeddable":true,"href":"https:\/\/granadacostaglobal.es\/index.php?rest_route=%2Fwp%2Fv2%2Fcategories&post=16440"},{"taxonomy":"post_tag","embeddable":true,"href":"https:\/\/granadacostaglobal.es\/index.php?rest_route=%2Fwp%2Fv2%2Ftags&post=16440"}],"curies":[{"name":"wp","href":"https:\/\/api.w.org\/{rel}","templated":true}]}}