{"id":16436,"date":"2018-02-25T16:38:02","date_gmt":"2018-02-25T16:38:02","guid":{"rendered":"http:\/\/granadacostanacional.es\/?p=16436"},"modified":"2018-02-25T16:38:02","modified_gmt":"2018-02-25T16:38:02","slug":"la-casa-de-granada-en-madrid-60-anos-de-vida","status":"publish","type":"post","link":"https:\/\/granadacostaglobal.es\/?p=16436","title":{"rendered":"LA CASA DE GRANADA EN MADRID- 60 a\u00f1os de vida"},"content":{"rendered":"<p style=\"text-align: justify;\">\n<p style=\"text-align: justify;\"><strong><em>PRESENTACI\u00d3N<\/em><\/strong><\/p>\n<p style=\"text-align: justify;\"><strong><em>\u00a0\u00a0\u00a0\u00a0\u00a0\u00a0\u00a0\u00a0 <\/em><\/strong><strong><em>\u201cAqu\u00ed est\u00e1, lector granadino\u00a0 de Madrid o Granada\u00a0\u00a0\u00a0\u00a0\u00a0 una voz de la Casa de Granada en Madrid: BIB RAMBLA. La Casa de Ganada\u00a0 es popular\u00a0 en todos los nobles sentidos de la palabra. Esto es, an\u00f3nima espontanea, bulliciosa obra de todos. Tiene nostalgia de Granada.\u00a0 pero no a\u00f1oranza de destierro. Es presencia en Madrid del tesoro de tradici\u00f3n y cultura de nuestra Provincia y quiere ser punta de lanza de una Granada que aspira\u00a0 a m\u00e1s. Aqu\u00ed est\u00e1 abierta a todos pero apretada como una pi\u00f1a de esfuerzos e ilusiones.\u201dLUIS S\u00c1NCHEZ AGESTA. Presidente. 1968.\u00a0\u00a0 <\/em><\/strong><\/p>\n<p style=\"text-align: justify;\"><strong><em>ANTECEDENTES\u00a0 HIST\u00d3RICOS<\/em><\/strong><\/p>\n<p style=\"text-align: justify;\">\u00a0\u00a0\u00a0\u00a0\u00a0\u00a0\u00a0\u00a0\u00a0\u00a0\u00a0 Es necesario conocer algunos\u00a0 antecedentes de la presencia de Ganada en la Capital del Reino y ofrecemos al lector algunos\u00a0 detalles que bien pueden constituir en s\u00edntesis la peque\u00f1a historia de la Casa que hoy tenemos en Madrid.<\/p>\n<p style=\"text-align: justify;\">\u00a0\u00a0\u00a0\u00a0\u00a0\u00a0\u00a0\u00a0\u00a0\u00a0\u00a0 En 1854 \u2013 lo m\u00e1s lejano que nos podemos remontar-lleg\u00f3 a Madrid un plantel de escritores y artistas, en su mayor\u00eda de Granada. Se trataba de \u201cLa Cuerda Granadina\u201d, que agrupaba a numerosos escritores y artistas, entre ellos: Pedro Antonio de Alarc\u00f3n, Af\u00e1n de Rivera, Jos\u00e9 J. Soler de la Fuente, P\u00e9rez de Coss\u00edo y otros. Este grupo fue creado por el bar\u00edtono Jorge Rinconi, afincado en Granada.<\/p>\n<p style=\"text-align: justify;\">En principio se reun\u00edan\u00a0 en s\u00f3tano de la calle\u00a0 madrile\u00f1a de Mes\u00f3n de Paredes.\u00a0 Cambiaron el nombre de la asociaci\u00f3n por \u201cColonia Granadina\u201d. As\u00ed empez\u00f3 algo que qued\u00f3 dormido\u00a0 y tuvo un largo letargo. Tambi\u00e9n ha noticias verbales de que ultimando el siglo XIX\u00a0 aparec\u00eda en Madrid un grupo de escritores de origen accitano que se llamaban \u201cLos Catos\u201d curiosa abreviatura de \u201cLos Torcuatos\u201d \u00a0de Guadix. Se reun\u00edan en el madrile\u00f1o Caf\u00e9 Lyon, otros caf\u00e9s de la \u00e9poca. Eran m\u00e1s bien n\u00f3madas.<\/p>\n<p style=\"text-align: justify;\"><strong><em>\u00a0\u00a0\u00a0\u00a0\u00a0\u00a0\u00a0\u00a0\u00a0\u00a0\u00a0\u00a0\u00a0\u00a0\u00a0 <\/em><\/strong>En octubre de 1958 esta idea de que Granada tuviera una representaci\u00f3n en Madrid un lugar para todos, comenz\u00f3 a tener forma. Pepe Ortega, \u00a0gran iniciador de este bello \u201cinvento\u201d \u00a0laz\u00f3 \u00a0cincuenta convocatorias a granadinos residentes en Madrid\u00a0 y nos reunimos en noviembre en la Academia San Crist\u00f3bal\u00a0 en la calle Mel\u00e9ndez Valdez. Se hab\u00edan citado a cincuenta\u00a0 pero se presentaron m\u00e1s de un centenar, ante la sorpresa de todos. Nadie se decid\u00eda a asumir la presidencia, ya que no exist\u00edan cargos directivos, y Baltasar Castro Ruiz se ocup\u00f3 de animar el proyecto y de que se ocupara la presidencia Pablo\u00a0 Benavides y Mart\u00ednez de Vitoria. La primera manifestaci\u00f3n p\u00fablica en la comida-homenaje al insigne granadino Antonio Gallego y Bur\u00edn, entonces Director General \u00a0de Bellas Artes. En representaci\u00f3n de Granada asisti\u00f3 el Ex rector de la Universidad de Granada y Catedr\u00e1tico de Derecho Luis S\u00e1nchez Agesta en el discurso del homenajeado, se plasm\u00f3 la salida oficial de una Junta Organizadora que arrop\u00f3 calurosamente el proyecto.<\/p>\n<p style=\"text-align: justify;\">\u00a0\u00a0\u00a0\u00a0\u00a0\u00a0\u00a0\u00a0\u00a0\u00a0\u00a0 Despu\u00e9s de unos a\u00f1os de trabajo, por obligaciones profesionales, se produjeron algunas dimisiones entre los componentes de la Junta Organizadora, el resto organiz\u00f3 una comida en el Hogar Canario, en la que reunieron nuevamente los granadinos y con la proposici\u00f3n de levantar los \u00e1nimos\u00a0\u00a0 e instalar \u2013por sistema- repetir anualmente la comida y mantener viva la llama cada 2 de enero en recuerdo de la Toma de Granada por los Reyes Cat\u00f3licos. Acto que result\u00f3 un \u00e9xito al\u00a0 reunir un grupo\u00a0 un tanto desilusionado, pues hay que recordar que han sido muchos a\u00f1os\u00a0 dedicados a lograr un lugar de\u00a0 nuestra Tierra en la capital de Espa\u00f1a.<\/p>\n<p style=\"text-align: justify;\">\u00a0\u00a0\u00a0\u00a0\u00a0\u00a0\u00a0\u00a0\u00a0\u00a0\u00a0 Se pod\u00eda haber alquilado un loca. Pero la experiencia nos ha dado la raz\u00f3n porque hemos visto en estos a\u00f1os a Centros regionales en Madrid desaparecer, ejemplo lo tenemos reciente en la Casa de M\u00e1laga , instalada en la mism\u00edsima Puerta del Sol y desaparecer tristemente por carencia de medios y colaboraciones.<\/p>\n<p style=\"text-align: justify;\">EL acto oficial de la constituci\u00f3n de la Casa de Granada en Madrid fue la Asamblea General de Simpatizantes fue en el Teatro Bellas Artes de Madrid, cedido por nuestro paisano Jos\u00e9 Tamayo Rivas, Vicepresidente de la Junta Organizadora\u00a0 y tuvo lugar el d\u00eda 12 de julio de 1968\u00a0 donde fue elevada a Junta Directiva la que\u00a0 hasta ahora hab\u00eda sido Junta Organizadora, con la inclusi\u00f3n de nuevos miembros , abri\u00e9ndose el Libro Oficial de Socios\u00a0 y los Estatutos que\u00a0 fueron repartidos entre los asistentes y que fueron aprobados\u00a0 por la Asamblea, ya de socios.<\/p>\n<p style=\"text-align: justify;\">Sello oficial de la diligencia que\u00a0 era norma entonces en la apertura de alg\u00fan Libro oficial<\/p>\n<p style=\"text-align: justify;\"><a href=\"http:\/\/granadacostanacional.es\/wp-content\/uploads\/2018\/02\/csgrma2e31.jpg\"><img decoding=\"async\" loading=\"lazy\" class=\"aligncenter size-full wp-image-16437\" src=\"http:\/\/granadacostanacional.es\/wp-content\/uploads\/2018\/02\/csgrma2e31.jpg\" alt=\"csgrma2e31\" width=\"592\" height=\"461\" \/><\/a><\/p>\n<p><strong>Manuel S\u00f3la Rodr\u00edguez Bol\u00edvar, Presidente de Honor de la Casa. Sebasti\u00e1n P\u00e9rez Linares, Vicepresidente de la Diputaci\u00f3n. Enrique Mart\u00ednez Ca\u00f1avate -Presidente de la\u00a0 Diputaci\u00f3n granadina. Manuel La Chica Cassinello, Presidente de la Casa. Jos\u00e9 Luis P\u00e9rez Serrabona, Alcalde de Granada. El Juez y vicepresidente de la Casa Adolfo, De espaldas, Alberto \u00c1lvarez de Cienfuegos.<\/strong><\/p>\n<p><a href=\"http:\/\/granadacostanacional.es\/wp-content\/uploads\/2018\/02\/csgrma2esre1.jpg\"><img decoding=\"async\" loading=\"lazy\" class=\"aligncenter size-large wp-image-16438\" src=\"http:\/\/granadacostanacional.es\/wp-content\/uploads\/2018\/02\/csgrma2esre1-1024x701.jpg\" alt=\"csgrma2esre1\" width=\"1024\" height=\"701\" \/><\/a><\/p>\n<p style=\"text-align: right;\"><strong><em>Jos\u00e9 Luis Mart\u00edn Correa<\/em><\/strong><\/p>\n","protected":false},"excerpt":{"rendered":"<p>PRESENTACI\u00d3N \u00a0\u00a0\u00a0\u00a0\u00a0\u00a0\u00a0\u00a0 \u201cAqu\u00ed est\u00e1, lector granadino\u00a0 de Madrid o Granada\u00a0\u00a0\u00a0\u00a0\u00a0 una voz de la Casa de Granada en Madrid: BIB&hellip;<\/p>\n","protected":false},"author":2,"featured_media":16165,"comment_status":"open","ping_status":"open","sticky":false,"template":"","format":"standard","meta":{"om_disable_all_campaigns":false,"_mi_skip_tracking":false,"_monsterinsights_sitenote_active":false,"_monsterinsights_sitenote_note":"","_monsterinsights_sitenote_category":0,"footnotes":""},"categories":[21],"tags":[],"aioseo_notices":[],"_links":{"self":[{"href":"https:\/\/granadacostaglobal.es\/index.php?rest_route=\/wp\/v2\/posts\/16436"}],"collection":[{"href":"https:\/\/granadacostaglobal.es\/index.php?rest_route=\/wp\/v2\/posts"}],"about":[{"href":"https:\/\/granadacostaglobal.es\/index.php?rest_route=\/wp\/v2\/types\/post"}],"author":[{"embeddable":true,"href":"https:\/\/granadacostaglobal.es\/index.php?rest_route=\/wp\/v2\/users\/2"}],"replies":[{"embeddable":true,"href":"https:\/\/granadacostaglobal.es\/index.php?rest_route=%2Fwp%2Fv2%2Fcomments&post=16436"}],"version-history":[{"count":0,"href":"https:\/\/granadacostaglobal.es\/index.php?rest_route=\/wp\/v2\/posts\/16436\/revisions"}],"wp:featuredmedia":[{"embeddable":true,"href":"https:\/\/granadacostaglobal.es\/index.php?rest_route=\/"}],"wp:attachment":[{"href":"https:\/\/granadacostaglobal.es\/index.php?rest_route=%2Fwp%2Fv2%2Fmedia&parent=16436"}],"wp:term":[{"taxonomy":"category","embeddable":true,"href":"https:\/\/granadacostaglobal.es\/index.php?rest_route=%2Fwp%2Fv2%2Fcategories&post=16436"},{"taxonomy":"post_tag","embeddable":true,"href":"https:\/\/granadacostaglobal.es\/index.php?rest_route=%2Fwp%2Fv2%2Ftags&post=16436"}],"curies":[{"name":"wp","href":"https:\/\/api.w.org\/{rel}","templated":true}]}}