{"id":16349,"date":"2018-02-21T13:43:23","date_gmt":"2018-02-21T13:43:23","guid":{"rendered":"http:\/\/granadacostanacional.es\/?p=16349"},"modified":"2018-02-21T13:43:23","modified_gmt":"2018-02-21T13:43:23","slug":"fiesta-afanoc-ponte-la-gorra-por-los-ninos-con-cancer","status":"publish","type":"post","link":"https:\/\/granadacostaglobal.es\/?p=16349","title":{"rendered":"Fiesta Afanoc: \u00a1\u00a1\u00a1\u00a1 Ponte la gorra por los ni\u00f1os con c\u00e1ncer!!!!!"},"content":{"rendered":"<p style=\"text-align: justify;\"><img decoding=\"async\" loading=\"lazy\" class=\"size-medium wp-image-16357 alignright\" src=\"http:\/\/granadacostanacional.es\/wp-content\/uploads\/2018\/02\/28061814_1358969430875528_1994469812415773266_o-300x200.jpg\" alt=\"28061814_1358969430875528_1994469812415773266_o\" width=\"300\" height=\"200\" \/><img decoding=\"async\" loading=\"lazy\" class=\"size-medium wp-image-16353 alignleft\" src=\"http:\/\/granadacostanacional.es\/wp-content\/uploads\/2018\/02\/4f16e0b7-7022-4e83-9354-32a83d158685-225x300.jpg\" alt=\"4f16e0b7-7022-4e83-9354-32a83d158685\" width=\"225\" height=\"300\" \/><br \/>\n<a href=\"http:\/\/granadacostanacional.es\/wp-content\/uploads\/2018\/02\/250df9e7-ff89-4ab8-a4ea-f83677acda8b.jpg\"><img decoding=\"async\" loading=\"lazy\" class=\"size-medium wp-image-16365 aligncenter\" src=\"http:\/\/granadacostanacional.es\/wp-content\/uploads\/2018\/02\/250df9e7-ff89-4ab8-a4ea-f83677acda8b-300x225.jpg\" alt=\"250df9e7-ff89-4ab8-a4ea-f83677acda8b\" width=\"300\" height=\"225\" \/><\/a><\/p>\n<p style=\"text-align: justify;\">La ciudad de Lleida ha vuelto a mostrar su lado m\u00e1s solidario apoyando la lucha contra el c\u00e1ncer infantil en la fiesta de Afanoc Lleida, que se celebr\u00f3\u00a0el pasado d\u00eda 18 en la Seu Vella.<\/p>\n<p style=\"text-align: justify;\">M\u00e1s de 8.000 personas, un millar m\u00e1s que el a\u00f1o pasado, se han puesto la gorra por esta causa solidaria y han participado en una jornada familiar y festiva, que ha contado con numerosas actividades de animaci\u00f3n y juegos centrados en el mundo pirata.<\/p>\n<p style=\"text-align: justify;\"><a href=\"http:\/\/granadacostanacional.es\/wp-content\/uploads\/2018\/02\/28235503_1358967660875705_8087961961812216721_o.jpg\"><img decoding=\"async\" loading=\"lazy\" class=\"size-medium wp-image-16360 alignleft\" src=\"http:\/\/granadacostanacional.es\/wp-content\/uploads\/2018\/02\/28235503_1358967660875705_8087961961812216721_o-300x200.jpg\" alt=\"28235503_1358967660875705_8087961961812216721_o\" width=\"300\" height=\"200\" \/><\/a>El manifiesto del encuentro le\u00eddo por\u00a0Jos\u00e9, un chico de quince a\u00f1os con c\u00e1ncer, y su hermano Albert, de 11. Los dos hermanos fueron los encargados de leer el manifiesto en clave positiva, en la que han dado las gracias a Afanoc y a los m\u00e9dicos.<\/p>\n<p style=\"text-align: justify;\">A Jos\u00e9 hace dos a\u00f1os que le detectaron \u00a0c\u00e1ncer \u00a0y tuvo que recibir tratamiento en Barcelona donde se desplazaba a menudo con su \u00a0familia. Ha asegurado que &lt;&lt; a pesar de estar casi a \u00a0200 kil\u00f3metros de casa, los m\u00e9dicos me hicieron sentir como si estuviera en casa &gt;&gt; y ha dado una lecci\u00f3n de vida cuando ha asegurado que a pesar de la enfermedad, &lt;&lt; hay que ser positivo en la vida &gt;&gt;.<\/p>\n<p>&nbsp;<\/p>\n<p style=\"text-align: justify;\"><a href=\"http:\/\/granadacostanacional.es\/wp-content\/uploads\/2018\/02\/19477a5f-d623-4637-8aa4-39c7fe885836.jpg\"><img decoding=\"async\" loading=\"lazy\" class=\"alignnone size-medium wp-image-16393\" src=\"http:\/\/granadacostanacional.es\/wp-content\/uploads\/2018\/02\/19477a5f-d623-4637-8aa4-39c7fe885836-300x225.jpg\" alt=\"19477a5f-d623-4637-8aa4-39c7fe885836\" width=\"300\" height=\"225\" \/><\/a><a href=\"http:\/\/granadacostanacional.es\/wp-content\/uploads\/2018\/02\/27993414_1358970844208720_4223577965068420986_o.jpg\"><img decoding=\"async\" loading=\"lazy\" class=\"alignnone size-medium wp-image-16394\" src=\"http:\/\/granadacostanacional.es\/wp-content\/uploads\/2018\/02\/27993414_1358970844208720_4223577965068420986_o-300x200.jpg\" alt=\"27993414_1358970844208720_4223577965068420986_o\" width=\"300\" height=\"200\" \/><\/a><\/p>\n<p style=\"text-align: justify;\"><a href=\"http:\/\/granadacostanacional.es\/wp-content\/uploads\/2018\/02\/f6d5dca8-3e91-4f30-beda-b6b8c3bb8735.jpg\"><img decoding=\"async\" loading=\"lazy\" class=\"size-medium wp-image-16395 alignnone\" src=\"http:\/\/granadacostanacional.es\/wp-content\/uploads\/2018\/02\/f6d5dca8-3e91-4f30-beda-b6b8c3bb8735-300x225.jpg\" alt=\"f6d5dca8-3e91-4f30-beda-b6b8c3bb8735\" width=\"300\" height=\"225\" \/><\/a><a href=\"http:\/\/granadacostanacional.es\/wp-content\/uploads\/2018\/02\/82aaba31-1fc7-4102-8ad7-9f7d64afd115.jpg\"><img decoding=\"async\" loading=\"lazy\" class=\"alignnone size-medium wp-image-16403\" src=\"http:\/\/granadacostanacional.es\/wp-content\/uploads\/2018\/02\/82aaba31-1fc7-4102-8ad7-9f7d64afd115-300x225.jpg\" alt=\"82aaba31-1fc7-4102-8ad7-9f7d64afd115\" width=\"300\" height=\"225\" \/><\/a><\/p>\n<p style=\"text-align: justify;\"><a href=\"http:\/\/granadacostanacional.es\/wp-content\/uploads\/2018\/02\/d3400882-c03f-4db4-be08-11ad7f17c516-2.jpg\"><img decoding=\"async\" loading=\"lazy\" class=\"size-medium wp-image-16396 alignright\" src=\"http:\/\/granadacostanacional.es\/wp-content\/uploads\/2018\/02\/d3400882-c03f-4db4-be08-11ad7f17c516-2-300x225.jpg\" alt=\"d3400882-c03f-4db4-be08-11ad7f17c516 (2)\" width=\"300\" height=\"225\" \/><\/a><\/p>\n<p style=\"text-align: justify;\"><a href=\"http:\/\/granadacostanacional.es\/wp-content\/uploads\/2018\/02\/2765771_2a299483.jpg\"><img decoding=\"async\" loading=\"lazy\" class=\"alignnone size-medium wp-image-16397\" src=\"http:\/\/granadacostanacional.es\/wp-content\/uploads\/2018\/02\/2765771_2a299483-300x200.jpg\" alt=\"_2765771_2a299483\" width=\"300\" height=\"200\" \/><\/a><a href=\"http:\/\/granadacostanacional.es\/wp-content\/uploads\/2018\/02\/d5efba0a-dcc3-41ef-b336-e1b4e86c9bb1.jpg\"><img decoding=\"async\" loading=\"lazy\" class=\"size-medium wp-image-16398 alignright\" src=\"http:\/\/granadacostanacional.es\/wp-content\/uploads\/2018\/02\/d5efba0a-dcc3-41ef-b336-e1b4e86c9bb1-300x225.jpg\" alt=\"d5efba0a-dcc3-41ef-b336-e1b4e86c9bb1\" width=\"300\" height=\"225\" \/><\/a><\/p>\n<p style=\"text-align: justify;\">\n<p style=\"text-align: justify;\"><span data-blogger-escaped-style=\"font-family: &quot;helvetica neue&quot; , &quot;arial&quot; , &quot;helvetica&quot; , sans-serif; font-size: large;\">La fiesta de este a\u00f1o se ha ambientado en el mundo pirata y la delegada de Afanoc en Lleida, Maite Monta\u00f1\u00e9s, explica que el tesoro de los piratas en la fiesta de \u00abPonte la Gorra\u00bb es la familia.<\/span><\/p>\n<p><img decoding=\"async\" loading=\"lazy\" class=\"size-medium wp-image-16359 alignleft\" src=\"http:\/\/granadacostanacional.es\/wp-content\/uploads\/2018\/02\/28164267_1358970257542112_2840101695003638518_o-300x200.jpg\" alt=\"28164267_1358970257542112_2840101695003638518_o\" width=\"300\" height=\"200\" \/><\/p>\n<p><a href=\"http:\/\/granadacostanacional.es\/wp-content\/uploads\/2018\/02\/5579ff57-91bd-4389-b957-22ba1966c88a-1.jpg\"><img decoding=\"async\" loading=\"lazy\" class=\"size-medium wp-image-16377 alignright\" src=\"http:\/\/granadacostanacional.es\/wp-content\/uploads\/2018\/02\/5579ff57-91bd-4389-b957-22ba1966c88a-1-300x225.jpg\" alt=\"5579ff57-91bd-4389-b957-22ba1966c88a\" width=\"300\" height=\"225\" \/><\/a><\/p>\n<p><img decoding=\"async\" loading=\"lazy\" class=\"size-medium wp-image-16354 alignnone\" src=\"http:\/\/granadacostanacional.es\/wp-content\/uploads\/2018\/02\/38e70a8f-ce8d-4cdf-ac1f-32916d248d73-300x225.jpg\" alt=\"38e70a8f-ce8d-4cdf-ac1f-32916d248d73\" width=\"300\" height=\"225\" \/><\/p>\n<p>&nbsp;<\/p>\n<p style=\"text-align: justify;\">La Directora del Aula Hospitalaria la Dra To\u00f1y Castillo en esta ocasi\u00f3n fue la capitana pirata, junto a \u00a0ella los \u00a0loros m\u00e1gicos, \u00a0alumnas en\u00a0practicas del Ins Ronda\u00a0\u00a0y voluntarias, pusieron sobre el\u00a0escenario ilusi\u00f3n y saber hacer.<\/p>\n<figure id=\"attachment_16382\" aria-describedby=\"caption-attachment-16382\" style=\"width: 300px\" class=\"wp-caption alignleft\"><a href=\"http:\/\/granadacostanacional.es\/wp-content\/uploads\/2018\/02\/62e0186a-17cf-484c-b17f-1be8a6df3a57.jpg\"><img decoding=\"async\" loading=\"lazy\" class=\"wp-image-16382 size-medium\" src=\"http:\/\/granadacostanacional.es\/wp-content\/uploads\/2018\/02\/62e0186a-17cf-484c-b17f-1be8a6df3a57-300x225.jpg\" alt=\"62e0186a-17cf-484c-b17f-1be8a6df3a57\" width=\"300\" height=\"225\" \/><\/a><figcaption id=\"caption-attachment-16382\" class=\"wp-caption-text\">Profesora Anna Dise\u00f1o y Moda del Ins Guindavols y Alba Escol\u00e0 Alumna<\/figcaption><\/figure>\n<p style=\"text-align: justify;\">Nuestra capitana \u00a0To\u00f1y, dispuesta a luchar con la espada de la esperanza luc\u00eda un traje maravilloso fruto de la implicaci\u00f3n del INS Guindavols y las profesoras de Dise\u00f1o y Moda\u00a0as\u00ed\u00a0como Mireia Escol\u00e0 \u00a0alumna del centro y encargada de la confecci\u00f3n del mismo.<\/p>\n<p style=\"text-align: justify;\"><span data-blogger-escaped-style=\"font-size: large;\">To\u00f1y iba \u00a0 maquillada por la \u00a0alumna\u00a0del Ins Torrevicencs Paula Castillo Moreno<\/span>. (se destaca que tambi\u00e9n es sobrina de la capitana)<img decoding=\"async\" loading=\"lazy\" class=\"size-medium wp-image-16362 alignright\" src=\"http:\/\/granadacostanacional.es\/wp-content\/uploads\/2018\/02\/e9bd0c4a-de3e-488a-9e6d-14f81d64bedc-1-300x266.jpg\" alt=\"e9bd0c4a-de3e-488a-9e6d-14f81d64bedc (1)\" width=\"300\" height=\"266\" \/><\/p>\n<p>&nbsp;<\/p>\n<p>&nbsp;<\/p>\n<p>&nbsp;<\/p>\n<p>&nbsp;<\/p>\n<p style=\"text-align: justify;\">Tambi\u00e9n los ni\u00f1os pod\u00edan disfrutar de diferentes actividades y juegos que estaban repartidos por la Seu Vella. Un juego de memoria que hicieron las practicantes del Aula Hospitalaria y la tem\u00e1tica eran los chuklis&#8230; Los piratas \u00a0colaboradores el aula disfrutaban jugando con ellos y\u00a0pod\u00edan\u00a0hacerles\u00a0sonre\u00edr.<\/p>\n<p style=\"text-align: justify;\"><a href=\"http:\/\/granadacostanacional.es\/wp-content\/uploads\/2018\/02\/b5e83509-f866-4334-80e9-e99065a6138e.jpg\"><img decoding=\"async\" loading=\"lazy\" class=\"alignnone size-medium wp-image-16387\" src=\"http:\/\/granadacostanacional.es\/wp-content\/uploads\/2018\/02\/b5e83509-f866-4334-80e9-e99065a6138e-300x225.jpg\" alt=\"b5e83509-f866-4334-80e9-e99065a6138e\" width=\"300\" height=\"225\" \/><\/a><a href=\"http:\/\/granadacostanacional.es\/wp-content\/uploads\/2018\/02\/27993729_1358969400875531_20766554972569585_o.jpg\"><img decoding=\"async\" loading=\"lazy\" class=\"alignnone size-medium wp-image-16388\" src=\"http:\/\/granadacostanacional.es\/wp-content\/uploads\/2018\/02\/27993729_1358969400875531_20766554972569585_o-300x200.jpg\" alt=\"27993729_1358969400875531_20766554972569585_o\" width=\"300\" height=\"200\" \/><\/a><\/p>\n<p style=\"text-align: justify;\"><span data-blogger-escaped-style=\"font-family: &quot;helvetica neue&quot; , &quot;arial&quot; , &quot;helvetica&quot; , sans-serif;\">Un barco repleto de piratas abordaron esta vez el\u00a0escenario\u00a0donde escopetas con deseos de salud\u00a0pudieran llegar a cuantos ni\u00f1os ,\u00a0j\u00f3venes\u00a0y familias necesiten de todo el apoyo que sea\u00a0necesario, bien desde el aula bien desde una sociedad que cada d\u00eda se ha de concienciar que el apoyo a las\u00a0familias<\/span><span data-blogger-escaped-style=\"font-family: &quot;helvetica neue&quot; , &quot;arial&quot; , &quot;helvetica&quot; , sans-serif;\">\u00a0y a los cuidadores son del todo necesario para la salud\u00a0emocional \u00a0en todo proceso adverso de enfermedad.\u00a0<\/span><\/p>\n<p style=\"text-align: justify;\">Asi mismo Ariadna Ley\u00f3 un manifiesto por los ni\u00f1os con c\u00e1ncer \u00a0que emocion\u00f3 al p\u00fablico asistente.<\/p>\n<p style=\"text-align: justify;\"><a href=\"http:\/\/granadacostanacional.es\/wp-content\/uploads\/2018\/02\/a69bbe95-fddc-4140-a4c1-0be556a8e210.jpg\"><img decoding=\"async\" loading=\"lazy\" class=\"alignnone size-medium wp-image-16390\" src=\"http:\/\/granadacostanacional.es\/wp-content\/uploads\/2018\/02\/a69bbe95-fddc-4140-a4c1-0be556a8e210-300x300.jpg\" alt=\"a69bbe95-fddc-4140-a4c1-0be556a8e210\" width=\"300\" height=\"300\" \/><\/a><a href=\"http:\/\/granadacostanacional.es\/wp-content\/uploads\/2018\/02\/5b2ab3a5-0015-4e35-94d5-ead741092c8c.jpg\"><img decoding=\"async\" loading=\"lazy\" class=\"wp-image-16391 aligncenter\" src=\"http:\/\/granadacostanacional.es\/wp-content\/uploads\/2018\/02\/5b2ab3a5-0015-4e35-94d5-ead741092c8c-300x225.jpg\" alt=\"5b2ab3a5-0015-4e35-94d5-ead741092c8c\" width=\"301\" height=\"226\" \/><\/a><\/p>\n<figure id=\"attachment_16361\" aria-describedby=\"caption-attachment-16361\" style=\"width: 300px\" class=\"wp-caption alignright\"><a href=\"http:\/\/granadacostanacional.es\/wp-content\/uploads\/2018\/02\/28238247_1358966560875815_4002445373779957581_o.jpg\"><img decoding=\"async\" loading=\"lazy\" class=\"wp-image-16361 size-medium\" src=\"http:\/\/granadacostanacional.es\/wp-content\/uploads\/2018\/02\/28238247_1358966560875815_4002445373779957581_o-300x200.jpg\" alt=\"28238247_1358966560875815_4002445373779957581_o\" width=\"300\" height=\"200\" \/><\/a><figcaption id=\"caption-attachment-16361\" class=\"wp-caption-text\">La Capitana con los presentadores de CAZAMARIPOSAS y el se\u00f1or POSTU<\/figcaption><\/figure>\n<p style=\"text-align: justify;\">La fiesta &#8220;Ponte la gorra&#8221;, que este a\u00f1o tambi\u00e9n ha sido presentada por N\u00faria Mar\u00edn y Nando Escribano, del programa de televisi\u00f3n &#8220;Cazamariposas&#8221;, tiene como objetivo dar visibilidad a los ni\u00f1os y adolescentes enfermos de c\u00e1ncer y sus familias, as\u00ed como recaudar fondos con el fin de mantener y mejorar &#8220;la casa de los Xuklis&#8221;, el hogar de acogida para familias con ni\u00f1os enfermos de c\u00e1ncer que van a Barcelona a recibir el tratamiento en los hospitales de referencia. Tambi\u00e9n se busca poder mantener y ampliar los servicios que ofrece la entidad a las familias una vez vuelven a casa, como son la atenci\u00f3n psicol\u00f3gica y social, acciones de informaci\u00f3n y sensibilizaci\u00f3n, ocio y tiempo libre para ni\u00f1os y familias y apoyo educativo, entre otros.<\/p>\n<div data-blogger-escaped-style=\"text-align: justify;\">\n<p style=\"text-align: justify;\"><span data-blogger-escaped-style=\"font-family: &quot;helvetica neue&quot; , &quot;arial&quot; , &quot;helvetica&quot; , sans-serif; font-size: large;\">El dinero que recauda<a href=\"http:\/\/granadacostanacional.es\/wp-content\/uploads\/2018\/02\/Sense-t\u00edtol2.png\"><img decoding=\"async\" loading=\"lazy\" class=\"size-medium wp-image-16363 alignleft\" src=\"http:\/\/granadacostanacional.es\/wp-content\/uploads\/2018\/02\/Sense-t\u00edtol2-300x250.png\" alt=\"Sense t\u00edtol2\" width=\"300\" height=\"250\" \/><\/a>ron en la\u00a0<\/span><span data-blogger-escaped-style=\"font-family: &quot;helvetica neue&quot; , &quot;arial&quot; , &quot;helvetica&quot; , sans-serif; font-size: large;\">fiesta vendiendo las gorras ser\u00e1 para poder mejorar las necesidades de la Casa de los Xuclis y aquellos ni\u00f1os que se encuentran dentro de ella para que se sientan acompa\u00f1ados y apoyados por todos. .\u00a0\u00a0 <a href=\"http:\/\/granadacostanacional.es\/wp-content\/uploads\/2018\/02\/880cd85a-1bbd-4b04-b162-545c4cda0370.jpg\"><img decoding=\"async\" loading=\"lazy\" class=\"size-medium wp-image-16355 alignright\" src=\"http:\/\/granadacostanacional.es\/wp-content\/uploads\/2018\/02\/880cd85a-1bbd-4b04-b162-545c4cda0370-300x225.jpg\" alt=\"880cd85a-1bbd-4b04-b162-545c4cda0370\" width=\"300\" height=\"225\" \/><\/a> \u00a0\u00a0 \u00a0\u00a0 \u00a0<\/span><\/p>\n<\/div>\n<div data-blogger-escaped-style=\"text-align: justify;\"><\/div>\n","protected":false},"excerpt":{"rendered":"<p>La ciudad de Lleida ha vuelto a mostrar su lado m\u00e1s solidario apoyando la lucha contra el c\u00e1ncer infantil en&hellip;<\/p>\n","protected":false},"author":4,"featured_media":16405,"comment_status":"open","ping_status":"open","sticky":false,"template":"","format":"standard","meta":{"om_disable_all_campaigns":false,"_mi_skip_tracking":false,"_monsterinsights_sitenote_active":false,"_monsterinsights_sitenote_note":"","_monsterinsights_sitenote_category":0,"footnotes":""},"categories":[25,22,19,30],"tags":[],"aioseo_notices":[],"_links":{"self":[{"href":"https:\/\/granadacostaglobal.es\/index.php?rest_route=\/wp\/v2\/posts\/16349"}],"collection":[{"href":"https:\/\/granadacostaglobal.es\/index.php?rest_route=\/wp\/v2\/posts"}],"about":[{"href":"https:\/\/granadacostaglobal.es\/index.php?rest_route=\/wp\/v2\/types\/post"}],"author":[{"embeddable":true,"href":"https:\/\/granadacostaglobal.es\/index.php?rest_route=\/wp\/v2\/users\/4"}],"replies":[{"embeddable":true,"href":"https:\/\/granadacostaglobal.es\/index.php?rest_route=%2Fwp%2Fv2%2Fcomments&post=16349"}],"version-history":[{"count":0,"href":"https:\/\/granadacostaglobal.es\/index.php?rest_route=\/wp\/v2\/posts\/16349\/revisions"}],"wp:featuredmedia":[{"embeddable":true,"href":"https:\/\/granadacostaglobal.es\/index.php?rest_route=\/"}],"wp:attachment":[{"href":"https:\/\/granadacostaglobal.es\/index.php?rest_route=%2Fwp%2Fv2%2Fmedia&parent=16349"}],"wp:term":[{"taxonomy":"category","embeddable":true,"href":"https:\/\/granadacostaglobal.es\/index.php?rest_route=%2Fwp%2Fv2%2Fcategories&post=16349"},{"taxonomy":"post_tag","embeddable":true,"href":"https:\/\/granadacostaglobal.es\/index.php?rest_route=%2Fwp%2Fv2%2Ftags&post=16349"}],"curies":[{"name":"wp","href":"https:\/\/api.w.org\/{rel}","templated":true}]}}