{"id":1632,"date":"2015-06-12T11:14:23","date_gmt":"2015-06-12T11:14:23","guid":{"rendered":"http:\/\/granadacosta.es\/?p=1632"},"modified":"2015-06-12T11:14:23","modified_gmt":"2015-06-12T11:14:23","slug":"la-dra-tony-castillo-madrina-de-las-orlas-del-ins-ronda-de-lleida","status":"publish","type":"post","link":"https:\/\/granadacostaglobal.es\/?p=1632","title":{"rendered":"La Dra To\u00f1y Castillo Madrina de las Orlas del Ins Ronda de Lleida"},"content":{"rendered":"<div>El pasado d\u00eda 5 de junio. \u00a0La Dra To\u00f1y Castillo fue madrina de la Promoci\u00f3n 2015 en el \u00a0IES Ronda de lleida<\/div>\n<div>\u00a0Se entregaron las orlas a los cursos : Atenci\u00f3n a Personas en Situaci\u00f3n de Dependencia, Animaci\u00f3n Sociocultural y Tur\u00edstica, Educaci\u00f3n infantil Integraci\u00f3n social. Interpretaci\u00f3n de la lengua de signos.<\/div>\n<div>\u00a0<img decoding=\"async\" loading=\"lazy\" class=\"  wp-image-1633 aligncenter\" src=\"http:\/\/granadacosta.es\/wp-content\/uploads\/2015\/06\/orlas-t-169x300.jpg\" alt=\"orlas t\" width=\"225\" height=\"399\" \/><\/div>\n<div>Algunas palabras de la Dra \u00a0To\u00f1y Castillo<\/div>\n<div><\/div>\n<div><\/div>\n<div>\u00a0 \u00a0 \u00a0 Buenas tardes, soy To\u00f1y Castillo y deseo dar las gracias a la Direcci\u00f3n del Instituto y sus profesores por haberme hecho feliz&#8230; una llamada me preguntaba si deseaba ser madrina en este acto, una llamada que me llen\u00f3 de alegr\u00eda.<\/div>\n<div><\/div>\n<div>\u00a0 \u00a0 \u00a0Os dir\u00e9 que era en 1991 y a&#8230; pocos metros de donde estamos ahora&#8230;. en el colegio Santa Maria de Gardeny, realizaba una jornada al claustro de profesores hacia la atenci\u00f3n a la diversidad, mientras\u2026 a pocos metros\u2026 se ultimaban tabiques sobre planos y proyectos&#8230; al acabar la sesi\u00f3n pregunt\u00e9\u2026 Abres\u2026 verdad\u2026?<\/div>\n<div>\n<div><\/div>\n<div>\u00a0 \u00a0 \u00a0 \u00a0 No&#8230; M\u00e1s que obras.. nac\u00eda un nuevo Centro educativo en la Ciudad&#8230;<\/div>\n<div>Pas\u00f3 relativamente poco tiempo, cuando por primera vez anduve por los pasillos de vuestro instituto, era una visita de cortes\u00eda para conocer las instalaciones del que ser\u00eda un espacio que promet\u00eda formar a j\u00f3venes con ganas de ser formados&#8230; en valores&#8230; en profesionalidad.<\/div>\n<div><\/div>\n<div>Mis principios en esta ronda de educaci\u00f3n, fue dentro del programa de compensatoria del departamento de ense\u00f1anza&#8230; d\u00f3nde el eje fundamental de mi trabajo consist\u00eda al coordinar temas de atenci\u00f3n a la diversidad cultural y social en la provincia de Lleida, y en estas aulas tambi\u00e9n estuve\u2026<\/div>\n<div><\/div>\n<\/div>\n<div>\n<div>Pero un d\u00eda\u2026 despu\u00e9s de 11 a\u00f1os, inici\u00e9 un nuevo reto docente, cambiando mi vestido de asesora por una bata lila en la planta de pediatr\u00eda del hospital Universitario Arnau de Vilanova de Lleida\u2026 desde all\u00ed dirijo una escuela para ni\u00f1os y j\u00f3venes con adversidades en salud.<\/div>\n<div><\/div>\n<div>Una escuela porque cualquier ni\u00f1o o joven enfermo pueda seguir siendo \u00e9l y continuar con sus estudios, mientras dure su ingreso en el hospital.<\/div>\n<div><\/div>\n<div>Y un lugar donde nuevamente&#8230; me volver\u00eda a reencontrar con vosotros y con un Instituto que hab\u00e9is sabido llenar de vida&#8230;<\/div>\n<div><\/div>\n<div>Muchos alumnos, han realizados pr\u00e1cticas en el aula hospitalaria, Y tengo que decir, que han sido compa\u00f1eros de equipo para el bienestar de los ni\u00f1os enfermos.<\/div>\n<div><\/div>\n<div>Un buen equipo a\u00f1os tras a\u00f1os &#8230; la educaci\u00f3n no es solamente dar&#8230; es una parte de vida en la cual se comparte, se recibe y se disfruta. Aqu\u00ed hay hoy dos personas que este curso hemos sido juntas trabajando. Gracias por todo lo que todo el que me hab\u00e9is ense\u00f1ado.<\/div>\n<div><\/div>\n<div>Hoy se habla la Formaci\u00f3n Profesional en t\u00e9rminos de excelencia&#8230; puesto que contribuye a la formaci\u00f3n de profesionales de alta calidad, siendo un itinerario educativo de vital importancia, dado que representa una excelente posibilidad que muchos j\u00f3venes accedan de manera directa al mercado laboral.<\/div>\n<div><\/div>\n<div>Lo cual ha hecho, que muchos j\u00f3venes y profesionales en activo, dirijan sus miradas hacia una formaci\u00f3n de nivel, con titulaciones que derivan en una alta empleabilidad, incluso superando en alguna ocasi\u00f3n a grados universitarios. O be siendo el puente hacia ellos. Para continuar con vuestras inquietudes e hitos deseados.<\/div>\n<div><\/div>\n<div>As\u00ed mismo, y siguiendo los criterios de la Estrategia Europea 2020, se trata de una rama que hay que continuar potenciando.<\/div>\n<div><\/div>\n<\/div>\n<div>\n<div>Hoy os gradu\u00e1is los ciclos de: Atenci\u00f3n a Personas en Situaci\u00f3n de Dependencia, Animaci\u00f3n Sociocultural y Tur\u00edstica, Educaci\u00f3n infantil Integraci\u00f3n social. Interpretaci\u00f3n de la lengua de signos. desde aqu\u00ed mis respetos.<\/div>\n<div><\/div>\n<div>Os doy las gracias por elegidos caminos de vida donde est\u00e1n muy presentes profesiones encaminadas a ayudar, formar y desarrollar los valores en nuestra sociedad.<\/div>\n<div><\/div>\n<div>Reconocimiento que hago extensivo a vuestras familias que os acompa\u00f1an y amigos porque junto a los profesores de este instituto hab\u00e9is apostado por el compromiso, pens\u00e1is&#8230; que no hay nada mejor que poder trabajar junto a personas a las cuales podamos aportar un poco de nosotros mismos.<\/div>\n<div><\/div>\n<div>Pero si hablamos de esencia, la vuestra, vuestros valores son admirables en general las personas que eligen estas profesiones ya sois personas especiales, Y esto, dice mucho vosotros, de la formaci\u00f3n inicial que tra\u00e9is dentro y de la formaci\u00f3n recibida.<\/div>\n<div><\/div>\n<\/div>\n<div>\n<div>\u00a0Del Perfil del Profesional del siglo XXI<\/div>\n<div><\/div>\n<div>Me gustar\u00eda recordaros como importantes en vuestras profesiones y en todas en general<\/div>\n<div><\/div>\n<div>Empezaremos La capacidad y disposici\u00f3n para el aprendizaje.<\/div>\n<div><\/div>\n<div>La formaci\u00f3n continua se perfila como la base imprescindible para el desarrollo del buen profesional. El entorno laboral actual exige una permanente puesta al d\u00eda de conocimientos para desarrollar al m\u00e1ximo nuestras capacidades, no solamente en idiomas y uso de herramientas inform\u00e1ticas sino tambi\u00e9n en habilitados socio-comunicativas, el habla para las personas y con las personas, siendo el escucha activa la primera y ultima necesidad.<\/div>\n<div><\/div>\n<div>Dentro de los objetivos el aplicar los conocimientos y capacidades.<\/div>\n<div><\/div>\n<div>Si nos forman no olvid\u00e1is que al ir confeccionando los postres curriculum estos tiene que ser significativo y aplicable.<\/div>\n<div><\/div>\n<\/div>\n<div>\n<div>El mejor profesional no es el que acumula un vasto historial acad\u00e9mico, sino el que sabe dar la mejor respuesta a las propias demandas que comporta el ejercicio de su profesi\u00f3n.<\/div>\n<div><\/div>\n<div>No a la acomodaci\u00f3n y si a la inquietud, del saber para hacer.<\/div>\n<div><\/div>\n<\/div>\n<div>\n<div>Flexibilidad y adaptaci\u00f3n a los nuevos retos<\/div>\n<div><\/div>\n<div>En los tiempos actuales es necesario que nuestra mente est\u00e9 abierta a la flexibilidad y adaptaci\u00f3n a los cambios.<\/div>\n<div><\/div>\n<div>Ha cambiado el escenario y tienen que ser ser capaces de adaptarnos a un entorno y unas estructuras organizativas en constante cambio.<\/div>\n<div><\/div>\n<div>La versatilidad es uno de los aspectos que m\u00e1s valoran las empresas en la actualidad. Los candidatos m\u00e1s buscados son los que tienen una ampl\u00eda disponibilidad para adaptarse f\u00e1cilmente a la realizaci\u00f3n de nuevas tareas y responsabilidades.<\/div>\n<div><\/div>\n<div>Trabajo en equipo.<\/div>\n<div><\/div>\n<div>B\u00e1sico.. hoy en d\u00eda se potencian esencialmente la creaci\u00f3n de equipos de trabajo multidisciplinarios.<\/div>\n<div>Se ha observado que la coordinaci\u00f3n de actividades y la resoluci\u00f3n de problemas en equipo es altamente \u00e1gil y eficaz, de aqu\u00ed la necesidad de poder contar con personas dispuestas a integrarse en este tipo de estructuras organizativas.<\/div>\n<div><\/div>\n<\/div>\n<div>\n<div>Cuando a las relaciones interpersonales y comunicaci\u00f3n.<\/div>\n<div><\/div>\n<div>Uno de los aspectos que m\u00e1s destaca y m\u00e1s se valoran de un buen profesional es su habilidad para la comunicaci\u00f3n y su forma de interactuar en un entorno determinado, con sus propios compa\u00f1eros y sus superiores, sus clientes y proveedores; saber dirigirse a audiencias de diverso tipo; saber negociar; o saber conversar de forma activa y fluida en reuniones de trabajo, entre otros.<\/div>\n<div><\/div>\n<div>Un buen profesional tendr\u00eda que Innovar y crear. Tiene que tener propuestas iniciativas<\/div>\n<div><\/div>\n<div>El pensamiento creativo e innovador son dos motores claros de avance dentro de cualquier compa\u00f1\u00eda. Los empresarios saben que contar con personas capaces de desarrollar estas habilidades para la resoluci\u00f3n de problemas, gestaci\u00f3n de nuevas ideas y puesta en marcha de proyectos ambiciosos, son la mejor garant\u00eda de competitividad para cualquier negocio.<\/div>\n<div><\/div>\n<div><\/div>\n<div>Para confiar en la capacidad de gesti\u00f3n y autogesti\u00f3n.<\/div>\n<div>La responsabilidad es la primera carta de presentaci\u00f3n, que va desde la puntualidad y el compromiso a asumir nuevos retos y la autonom\u00eda en el desempe\u00f1o de las funciones encomendadas dentro de una organizaci\u00f3n.<\/div>\n<div><\/div>\n<div>Las empresas buscan profesionales resolutivos, eficaces, que se impliquen en la toma de decisiones, y que sean tan productivos trabajando s\u00f3lo como en equipo.<\/div>\n<div><\/div>\n<div>Nuestras motivaciones, iniciativas y implicaci\u00f3n.<\/div>\n<div>Son las caracter\u00edsticas que definen un profesional con una actitud favorable y muy activa dentro de la empresa, con gran inter\u00e9s por la cultura de la organizaci\u00f3n, con un gran potencial para resolver problemas y situaciones dif\u00edciles, lo cual lo convierten en un recurso esencial para el \u00e9xito de la empresa.<\/div>\n<div><\/div>\n<\/div>\n<div>\n<div>Hoy se habla mucho la necesidades de las dotes de mando y liderazgo<\/div>\n<div>El liderazgo se ha convertido \u00faltimamente en una de las palabras de uso cotidiano en el entorno profesional y muy especialmente ligada a la estrat\u00e9gica de la empresa. Las personas dotadas de esta aptitud son muy valoradas por su alto grado de influencia, compromiso, motivaci\u00f3n, iniciativa y optimismo, as\u00ed como por su intuici\u00f3n para la pol\u00edtica empresarial.<\/div>\n<div><\/div>\n<div><\/div>\n<div>Nuestra autoestima y seguridad en nosotros mismos.<\/div>\n<div><\/div>\n<\/div>\n<div>\n<div>Pod\u00e9is hacer cosas y las pod\u00e9is hacer muy bien, solamente es necesario que cre\u00e1is que pod\u00e9is hacerlas y hacerlas con vuestros conocimientos y el coraz\u00f3n y si os falta conocimientos&#8230; los busc\u00e1is &#8230; estamos en la sociedad de la informaci\u00f3n&#8230; pero si pon\u00e9is vuestras ilusiones y el coraz\u00f3n&#8230; ya ten\u00e9is en un 50 % el \u00e9xito asegurado.<\/div>\n<div><\/div>\n<div>La seguridad en un mismo se convierte en la mayor\u00eda de las ocasiones en la mejor tarjeta de presentaci\u00f3n de un buen profesional. Esta capacidad, que se ejercita desde que se acude a la primera entrevista de trabajo, es uno de los aspectos m\u00e1s valorados y que m\u00e1s contribuyen a desarrollar una s\u00f3lida carrera profesional.<\/div>\n<div><\/div>\n<div>Han pasado muchos a\u00f1os desde aquel d\u00eda en el cual yo asesoraba en el colegio mientras se iniciaba un nuevo instituto en la ciudad&#8230; el IES Ronda. Y desde el suyos inicios ha sido&#8230;<\/div>\n<div><\/div>\n<div>Un centro que ha invertido en valores, facilitando una educaci\u00f3n y una formaci\u00f3n significativa, necesaria y primordial para nuestra sociedad . Hoy todos vosotros sois el presente y el futuro. Gracias<\/div>\n<div><\/div>\n<div>Un centro pionero en atenci\u00f3n a la diversidad, y acompa\u00f1\u00e1is a personas con inquietudes en en pro de un mundo mejor. Gracias<\/div>\n<div><\/div>\n<div>Un centro donde me siento orgullosa de estar esta tarde, celebrando las orlas con cada uno de vosotros.<\/div>\n<div><\/div>\n<div>Iniciaba mis palabras, agradeciendo en el centro por haberme hecho feliz y deseo concluir dando las gracias a cada una de las personas que tendr\u00e1n las orlas entre sus manos esta tarde , para ense\u00f1arme cada d\u00eda que el j\u00f3venes sois maravillosos.<\/div>\n<\/div>\n<div>\n<div><\/div>\n<div>No\u00a0cambi\u00e9is\u00a0&#8230; nadie puede cambiar solo el mundo, pero s\u00ed, cada uno\u00a0de vosotros podr\u00e9is ayudar a modificar, mantener o hacer perdurar parcelas en vuestros entornos<\/div>\n<div><\/div>\n<\/div>\n<div>\n<p><span style=\"font-family: Georgia, 'Times New Roman', serif; font-size: x-large; color: #003300;\">Muchas felicidades y espero alg\u00fan d\u00eda reencontrarme con vosotros por los caminos de la vida. no es suerte el que os deseo sino justicia. Enhorabuena .<\/span><\/p>\n<\/div>\n","protected":false},"excerpt":{"rendered":"<p>El pasado d\u00eda 5 de junio. \u00a0La Dra To\u00f1y Castillo fue madrina de la Promoci\u00f3n 2015 en el \u00a0IES Ronda&hellip;<\/p>\n","protected":false},"author":4,"featured_media":1639,"comment_status":"open","ping_status":"open","sticky":false,"template":"","format":"standard","meta":{"om_disable_all_campaigns":false,"_mi_skip_tracking":false,"_monsterinsights_sitenote_active":false,"_monsterinsights_sitenote_note":"","_monsterinsights_sitenote_category":0,"footnotes":""},"categories":[21,22],"tags":[],"aioseo_notices":[],"_links":{"self":[{"href":"https:\/\/granadacostaglobal.es\/index.php?rest_route=\/wp\/v2\/posts\/1632"}],"collection":[{"href":"https:\/\/granadacostaglobal.es\/index.php?rest_route=\/wp\/v2\/posts"}],"about":[{"href":"https:\/\/granadacostaglobal.es\/index.php?rest_route=\/wp\/v2\/types\/post"}],"author":[{"embeddable":true,"href":"https:\/\/granadacostaglobal.es\/index.php?rest_route=\/wp\/v2\/users\/4"}],"replies":[{"embeddable":true,"href":"https:\/\/granadacostaglobal.es\/index.php?rest_route=%2Fwp%2Fv2%2Fcomments&post=1632"}],"version-history":[{"count":0,"href":"https:\/\/granadacostaglobal.es\/index.php?rest_route=\/wp\/v2\/posts\/1632\/revisions"}],"wp:featuredmedia":[{"embeddable":true,"href":"https:\/\/granadacostaglobal.es\/index.php?rest_route=\/"}],"wp:attachment":[{"href":"https:\/\/granadacostaglobal.es\/index.php?rest_route=%2Fwp%2Fv2%2Fmedia&parent=1632"}],"wp:term":[{"taxonomy":"category","embeddable":true,"href":"https:\/\/granadacostaglobal.es\/index.php?rest_route=%2Fwp%2Fv2%2Fcategories&post=1632"},{"taxonomy":"post_tag","embeddable":true,"href":"https:\/\/granadacostaglobal.es\/index.php?rest_route=%2Fwp%2Fv2%2Ftags&post=1632"}],"curies":[{"name":"wp","href":"https:\/\/api.w.org\/{rel}","templated":true}]}}