{"id":16226,"date":"2018-02-06T11:52:31","date_gmt":"2018-02-06T11:52:31","guid":{"rendered":"http:\/\/granadacostanacional.es\/?p=16226"},"modified":"2018-02-06T11:52:31","modified_gmt":"2018-02-06T11:52:31","slug":"ceav-organiza-sus-jornadadas-tecnicas-2018-en-marrakech","status":"publish","type":"post","link":"https:\/\/granadacostaglobal.es\/?p=16226","title":{"rendered":"CEAV ORGANIZA SUS JORNADADAS T\u00c9CNICAS 2018 EN MARRAKECH"},"content":{"rendered":"<h3>Un a\u00f1o m\u00e1s, CEAV organiza sus Jornadas T\u00e9cnicas, que este a\u00f1o tendr\u00e1n lugar del 15 al 18 de marzo en Marrakech y que contar\u00e1n con la colaboraci\u00f3n especial de Luxotour como parte del comit\u00e9 organizador, junto a la Oficina Nacional de Turismo de Marruecos.<\/h3>\n<p style=\"text-align: justify;\">El mayorista se ha convertido en el principal coordinador t\u00e9cnico de las jornadas gracias a sus m\u00e1s de 30 a\u00f1os de experiencia en el sector y en la venta de circuitos por Marruecos, hecho que se evidencia en los siete galardones que ha recibido por parte de la revista <em>Agenttravel<\/em> como mejor touroperador para viajar al Norte de \u00c1frica.<\/p>\n<p style=\"text-align: justify;\">Estas jornadas, que esperan recibir a m\u00e1s de 70 agencias de viajes, constituyen un lugar de encuentro profesional, social y l\u00fadico en el que los asistentes pueden descubrir un id\u00edlico rinc\u00f3n muy cerca de nuestro pa\u00eds y muy atractivo para el p\u00fablico espa\u00f1ol. El objetivo principal es que los agentes se profesionalicen a trav\u00e9s de la formaci\u00f3n de este destino, sumergi\u00e9ndose en su cultura, historia y gastronom\u00eda, para posteriormente disponer de una propuesta novedosa y actualizada que ofrecer al cliente final.<\/p>\n<p style=\"text-align: justify;\">De esta forma, todos los representantes de las agencias de viajes participar\u00e1n en una sesi\u00f3n profesional de trabajo durante la tarde del jueves 15 de marzo, en la que, tras la presentaci\u00f3n del destino de la mano del director de la Oficina Nacional de Turismo de Marruecos en Espa\u00f1a, Mohamed Sofi, se debatir\u00e1 sobre temas de inter\u00e9s para el sector, como la ampliaci\u00f3n de la Disposici\u00f3n Adicional 4\u00aa del Reglamento de Facturaci\u00f3n o la Transposici\u00f3n de la Directiva de Viajes Combinados.<\/p>\n<p style=\"text-align: justify;\">CEAV, Luxotour y la Oficina Nacional de Turismo de Marruecos tambi\u00e9n han dise\u00f1ado un recorrido muy especial para que puedan profundizar en Marrakech y completar la experiencia, con alojamiento en un hotel de lujo marroqu\u00ed, que incluye visitas y actividades meticulosamente seleccionadas para resultar lo m\u00e1s atractivas posibles. Dentro de esta programaci\u00f3n, destacan desde la visita tradicional de la ciudad hasta excursiones en 4&#215;4 o pr\u00e1ctica de golf.<\/p>\n<p style=\"text-align: justify;\">Asimismo, los asistentes podr\u00e1n degustar la gastronom\u00eda t\u00edpica marroqu\u00ed en algunos de los restaurantes m\u00e1s tradicionales de la ciudad y una cocina fusi\u00f3n e innovadora en espacios de moda, que no pasan desapercibidos por su impactante puesta en escena y decoraci\u00f3n.<\/p>\n<p style=\"text-align: justify;\">Las Jornadas T\u00e9cnicas en Marrakech tambi\u00e9n cuentan con el apoyo de Amadeus, Iberia, Iberia Cards, Pipeline Software y de la compa\u00f1\u00eda de seguros Aon.<\/p>\n<p style=\"text-align: justify;\"><strong>\u00a0\u00a0\u00a0\u00a0\u00a0\u00a0\u00a0\u00a0\u00a0\u00a0\u00a0\u00a0\u00a0\u00a0\u00a0\u00a0\u00a0\u00a0\u00a0\u00a0\u00a0\u00a0\u00a0\u00a0\u00a0\u00a0\u00a0\u00a0\u00a0\u00a0\u00a0\u00a0\u00a0\u00a0\u00a0\u00a0\u00a0\u00a0\u00a0\u00a0\u00a0\u00a0\u00a0\u00a0\u00a0\u00a0\u00a0\u00a0\u00a0\u00a0\u00a0\u00a0\u00a0\u00a0\u00a0\u00a0\u00a0\u00a0\u00a0\u00a0\u00a0\u00a0\u00a0\u00a0\u00a0\u00a0\u00a0\u00a0\u00a0\u00a0\u00a0\u00a0\u00a0\u00a0\u00a0\u00a0\u00a0\u00a0\u00a0\u00a0\u00a0\u00a0\u00a0\u00a0\u00a0\u00a0\u00a0\u00a0\u00a0\u00a0\u00a0\u00a0\u00a0\u00a0\u00a0\u00a0\u00a0\u00a0 <\/strong><\/p>\n<p style=\"text-align: justify;\"><strong>Acerca de Luxotour<\/strong><\/p>\n<p style=\"text-align: justify;\"><strong>\u00a0<\/strong>Luxotour es un mayorista de viajes con m\u00e1s de 30 a\u00f1os de experiencia en el sector y un amplio recorrido en la venta de circuitos por Marruecos, el primer destino que puso a la venta.<\/p>\n<p style=\"text-align: justify;\">Con sede en Torremolinos (M\u00e1laga), actualmente cuenta con dos marcas diferenciadas seg\u00fan sus productos: Luxotour, donde vende viajes por algunos destinos de Europa, Oriente Medio y Marruecos; y Luxotour Grandes Viajes, a trav\u00e9s del cual dispone de completos itinerarios para descubrir pa\u00edses de larga distancia como Argentina, Birmania, Canad\u00e1, China, Costa Rica, etc.<\/p>\n","protected":false},"excerpt":{"rendered":"<p>Un a\u00f1o m\u00e1s, CEAV organiza sus Jornadas T\u00e9cnicas, que este a\u00f1o tendr\u00e1n lugar del 15 al 18 de marzo en&hellip;<\/p>\n","protected":false},"author":2,"featured_media":16227,"comment_status":"open","ping_status":"open","sticky":false,"template":"","format":"standard","meta":{"om_disable_all_campaigns":false,"_mi_skip_tracking":false,"_monsterinsights_sitenote_active":false,"_monsterinsights_sitenote_note":"","_monsterinsights_sitenote_category":0,"footnotes":""},"categories":[22],"tags":[],"aioseo_notices":[],"_links":{"self":[{"href":"https:\/\/granadacostaglobal.es\/index.php?rest_route=\/wp\/v2\/posts\/16226"}],"collection":[{"href":"https:\/\/granadacostaglobal.es\/index.php?rest_route=\/wp\/v2\/posts"}],"about":[{"href":"https:\/\/granadacostaglobal.es\/index.php?rest_route=\/wp\/v2\/types\/post"}],"author":[{"embeddable":true,"href":"https:\/\/granadacostaglobal.es\/index.php?rest_route=\/wp\/v2\/users\/2"}],"replies":[{"embeddable":true,"href":"https:\/\/granadacostaglobal.es\/index.php?rest_route=%2Fwp%2Fv2%2Fcomments&post=16226"}],"version-history":[{"count":0,"href":"https:\/\/granadacostaglobal.es\/index.php?rest_route=\/wp\/v2\/posts\/16226\/revisions"}],"wp:featuredmedia":[{"embeddable":true,"href":"https:\/\/granadacostaglobal.es\/index.php?rest_route=\/"}],"wp:attachment":[{"href":"https:\/\/granadacostaglobal.es\/index.php?rest_route=%2Fwp%2Fv2%2Fmedia&parent=16226"}],"wp:term":[{"taxonomy":"category","embeddable":true,"href":"https:\/\/granadacostaglobal.es\/index.php?rest_route=%2Fwp%2Fv2%2Fcategories&post=16226"},{"taxonomy":"post_tag","embeddable":true,"href":"https:\/\/granadacostaglobal.es\/index.php?rest_route=%2Fwp%2Fv2%2Ftags&post=16226"}],"curies":[{"name":"wp","href":"https:\/\/api.w.org\/{rel}","templated":true}]}}