{"id":1619,"date":"2015-06-11T15:35:47","date_gmt":"2015-06-11T15:35:47","guid":{"rendered":"http:\/\/granadacosta.es\/?p=1619"},"modified":"2015-06-11T15:35:47","modified_gmt":"2015-06-11T15:35:47","slug":"extenda-invita-a-15-instituciones-de-latinoamerica-y-marruecos-a-la-seccion-internacional-del-business-ticc-2015-malaga","status":"publish","type":"post","link":"https:\/\/granadacostaglobal.es\/?p=1619","title":{"rendered":"EXTENDA INVITA A 15 INSTITUCIONES DE  LATINOAM\u00c9RICA Y MARRUECOS A LA SECCI\u00d3N INTERNACIONAL DEL `BUSINESS TICC 2015` M\u00c1LAGA"},"content":{"rendered":"<p style=\"text-align: justify;\"><span style=\"text-decoration: underline;\">Extenda aporta representantes gubernamentales de M\u00e9xico, Panam\u00e1, Colombia y Marruecos, adem\u00e1s de Per\u00fa, el pa\u00eds invitado de esta quinta edici\u00f3n del congreso que comenz\u00f3 ayer <\/span><\/p>\n<p style=\"text-align: justify;\">\n<p style=\"text-align: justify;\">\u00a0\u00a0\u00a0\u00a0\u00a0\u00a0\u00a0\u00a0\u00a0\u00a0\u00a0\u00a0\u00a0\u00a0 Una quincena de representantes gubernamentales de cinco pa\u00edses han participado de la mano de Extenda-Agencia Andaluza de Promoci\u00f3n Exterior en el \u00b4V Foro Internacional de Negocios y Networking para el mercado TICC de habla hispana\u00b4 (Business TICC 2015). El \u00a0congreso, que se ha desarrollado durante los d\u00edas 10 y 11 de junio en M\u00e1laga, ha sido organizado por la Asociaci\u00f3n de Empresarios de Tecnolog\u00edas de la Informaci\u00f3n y Comunicaciones de Andaluc\u00eda (ETICOM) y ha sido promovido por la Junta de Andaluc\u00eda, a trav\u00e9s de la Consejer\u00eda de Econom\u00eda, Innovaci\u00f3n, Ciencia y Empleo.<\/p>\n<p style=\"text-align: justify;\">\n<p style=\"text-align: justify;\">\u00a0\u00a0\u00a0\u00a0\u00a0\u00a0\u00a0\u00a0\u00a0\u00a0\u00a0\u00a0\u00a0\u00a0 El encuentro persigue incentivar el desarrollo y la internacionalizaci\u00f3n del mercado TIC de habla hispana. Por ello, Extenda ha participado en esta edici\u00f3n invitando a quince operadores internacionales de cinco pa\u00edses, representantes de entes p\u00fablicos, con responsabilidad en el desarrollo de la administraci\u00f3n electr\u00f3nica en sus respectivos pa\u00edses.<\/p>\n<p style=\"text-align: justify;\">\n<p style=\"text-align: justify;\">\u00a0\u00a0\u00a0\u00a0\u00a0\u00a0\u00a0\u00a0\u00a0\u00a0\u00a0\u00a0\u00a0\u00a0 Los agentes institucionales procedentes de Per\u00fa, pa\u00eds invitado de la quinta edici\u00f3n del `Business TICC 2015\u00b4, Colombia, Panam\u00e1, M\u00e9xico y Marruecos han sido los encargados de presentar las distintas ponencias en el panel de trabajo \u00a0dedicado a la internacionalizaci\u00f3n \u2018Alianzas y Globalizaci\u00f3n\u2019. Adem\u00e1s, estos expertos han atendido a las empresas asistentes interesadas en reuniones bilaterales (B2B) organizadas por ETICOM.<\/p>\n<p style=\"text-align: justify;\">\n<p style=\"text-align: justify;\">Este foro tiene por objetivo estimular la colaboraci\u00f3n empresarial en una apuesta por la internacionalizaci\u00f3n y el desarrollo de nuevas \u00e1reas de negocio basadas en la innovaci\u00f3n como clave para seguir impulsando el sector tecnol\u00f3gico de la comunidad en aras del desarrollo econ\u00f3mico y social de Andaluc\u00eda.<\/p>\n<p style=\"text-align: justify;\">Asimismo, en el marco del \u2018Business TICC 2015\u2019, Extenda ha celebrado una jornada denominada \u2018Experiencias en la administraci\u00f3n electr\u00f3nica de la Junta de Andaluc\u00eda\u2019 que tuvo lugar el pasado lunes d\u00eda 9 en la sede de Extenda en Sevilla.<\/p>\n<p style=\"text-align: justify;\">\n<p style=\"text-align: justify;\">De este modo, con el fin de satisfacer el especial inter\u00e9s de la delegaci\u00f3n del gobierno peruano asistente al congreso, diversos representantes de las Consejer\u00edas de Hacienda y Administraci\u00f3n P\u00fablica; Econom\u00eda, Innovaci\u00f3n, Ciencia y Empleo; e Igualdad, Salud y Pol\u00edticas Sociales les informaron de modo personalizado sobre la innovaci\u00f3n tecnol\u00f3gica en la administraci\u00f3n electr\u00f3nica p\u00fablica de Andaluc\u00eda.<\/p>\n<p style=\"text-align: justify;\">\n<p style=\"text-align: justify;\">Las empresas andaluzas del sector TIC tienen la experiencia y avales de los servicios de administraci\u00f3n andaluza para afrontar su entrada en los mercados internacionales de la manera m\u00e1s \u00f3ptima. Adem\u00e1s estas firmas de gesti\u00f3n de servicios p\u00fablicos han incrementado su internacionalizaci\u00f3n en los \u00faltimos a\u00f1os, tras colaborar activamente en la modernizaci\u00f3n de Andaluc\u00eda. Seg\u00fan Sandetel, el sector TIC andaluz estaba formado por alrededor de 1.700 empresas que generan un volumen de negocio de unos 4.000 millones de euros y mantienen hasta 30.500 puestos de trabajo.<\/p>\n<p style=\"text-align: justify;\">\n<p style=\"text-align: justify;\"><strong>Business TICC\u2019 15<\/strong>: <strong>Impulso al I+D+I andaluz<\/strong><\/p>\n<p style=\"text-align: justify;\">\n<p style=\"text-align: justify;\">El foro \u2018Business TICC\u2019, que es el mayor encuentro internacional de tecnolog\u00edas de la informaci\u00f3n y comunicaciones (TICC) de habla hispana, tiene como objetivo \u00a0estimular el negocio de la industria facilitando y potenciando operaciones de venta, distribuci\u00f3n, cooperaci\u00f3n y creaci\u00f3n de nuevos proyectos empresariales; as\u00ed como internacionalizar la actividad, impulsar la I+D+i y mejorar el acceso a financiaci\u00f3n de proyectos.<\/p>\n<p style=\"text-align: justify;\">\n<p style=\"text-align: justify;\">De este modo, la Agencia de Innovaci\u00f3n y Desarrollo de Andaluc\u00eda (IDEA) y la Agencia Andaluza del Conocimiento (AAC), dependientes ambas de la Consejer\u00eda de Econom\u00eda, han prestado asesoramiento especializado in situ dentro de la tem\u00e1tica \u2018Financiaci\u00f3n para Empresas e I+D+I\u2019, una de las seis \u00e1reas programadas en el foro.<\/p>\n<p style=\"text-align: justify;\">\n<p style=\"text-align: justify;\">IDEA se ha centrado en analizar proyectos de I+D+I de PYMES del sector TIC andaluzas, dando especial difusi\u00f3n a su Programa de Incentivos para el Desarrollo Industrial y la Creaci\u00f3n de Empleo en Andaluc\u00eda y al Programa FEDER-Interconnecta.<\/p>\n<p style=\"text-align: justify;\">\n<p style=\"text-align: justify;\">La AAC ha prestado asesoramiento a aquellas firmas con iniciativas de I+D+I susceptibles de obtener financiaci\u00f3n europea, concretamente del nuevo `Programa Marco Europeo \u2018Horizonte 2020\u2019. Junto a estas dos entidades, tambi\u00e9n han prestado asesoramiento los t\u00e9cnicos del Centro para el Desarrollo Tecnol\u00f3gico e Industrial (CDTI) del Ministerio de Econom\u00eda y Competitividad.<\/p>\n<p style=\"text-align: justify;\">\n<p style=\"text-align: justify;\">Adem\u00e1s, durante la quinta edici\u00f3n del certamen se han desarrollado entrevistas bilaterales (B2B) enmarcadas en los planes de trabajo: New Tech &amp; Business Model; Networking; Alianzas y Globalizaci\u00f3n; Regulaci\u00f3n y pol\u00edticas p\u00fablicas; Oportunidades de negocio para empresas y emprendedores; y Financiaci\u00f3n para empresas e I+D+i.<\/p>\n<p style=\"text-align: justify;\">\n<p style=\"text-align: justify;\">Como novedad, el encuentro ha contado con varios encuentros multitudinarios de programadores (hackathones) para desarrollar \u2018softwares\u2019 y \u2018hardwares\u2019 colaborativamente que han sido organizados por compa\u00f1\u00edas multinacionales como Fujitsu, IT y Genera Games.<\/p>\n<p style=\"text-align: justify;\">\n<p style=\"text-align: justify;\"><strong>Exportaciones andaluzas del sector TIC<\/strong><\/p>\n<p style=\"text-align: justify;\"><strong>\u00a0<\/strong><\/p>\n<p style=\"text-align: justify;\">Seg\u00fan datos de Extenda, durante el 2014 Andaluc\u00eda ha registrado unos ingresos en el sector de TIC por valor de 368 millones de euros, lo que arroja un crecimiento del 46% sobre las cifras de 2013 y la sit\u00faa como tercera comunidad exportadora con un 9% respecto al total nacional.<\/p>\n<p style=\"text-align: justify;\">Asimismo, en el primer trimestre de 2015 las exportaciones andaluzas han crecido un 79%, casi el doble sobre el mismo periodo del a\u00f1o anterior, hasta los 110\u00a0 millones de euros. Estos datos no contemplan la venta de servicios TIC (software, etc.), por lo que la cifra de negocio de la comunidad en los mercados exteriores es mayor<\/p>\n<p style=\"text-align: justify;\">\n<p style=\"text-align: justify;\">El primer cap\u00edtulo en 2014 exportador ha sido el de equipos de telecomunicaciones, con 127 millones de euros de ventas y un crecimiento del 50,4% respecto a 2013. Le siguen la electr\u00f3nica industrial, con 79,4 millones (con lo cual casi sextuplica sus cifras de 2013); y los componentes electr\u00f3nicos, con 62 millones y el 16,8% del total regional.<\/p>\n<p style=\"text-align: justify;\">\n<p style=\"text-align: justify;\">Entre las provincias andaluzas del sector destaca Sevilla, con 192,3 millones de euros ingresados en 2014, lo cual representa un 52,3% del total de ventas del sector en Andaluc\u00eda y un crecimiento del m\u00e1s del doble (117,5%) sobre 2013; seguida de M\u00e1laga, con 123,8 millones y el 33,7% del total; y, en tercer lugar est\u00e1 Granada con 24,2 millones en ventas, lo cual supone un 6,6% del total.<\/p>\n<p style=\"text-align: justify;\">\n<p style=\"text-align: justify;\">Entre los principales mercados importadores de productos de TIC andaluces destaca Francia, con 101,3 millones de euros en compras, lo cual representa un 27,5% del total exportado; seguida de Alemania, con 41 millones (11,2%); y Estados Unidos, con 37,1 millones en gastos de importaciones y un importante crecimiento del 62,7% respecto a 2013.<\/p>\n","protected":false},"excerpt":{"rendered":"<p>Extenda aporta representantes gubernamentales de M\u00e9xico, Panam\u00e1, Colombia y Marruecos, adem\u00e1s de Per\u00fa, el pa\u00eds invitado de esta quinta edici\u00f3n&hellip;<\/p>\n","protected":false},"author":2,"featured_media":1620,"comment_status":"open","ping_status":"open","sticky":false,"template":"","format":"standard","meta":{"om_disable_all_campaigns":false,"_mi_skip_tracking":false,"_monsterinsights_sitenote_active":false,"_monsterinsights_sitenote_note":"","_monsterinsights_sitenote_category":0,"footnotes":""},"categories":[21,22],"tags":[],"aioseo_notices":[],"_links":{"self":[{"href":"https:\/\/granadacostaglobal.es\/index.php?rest_route=\/wp\/v2\/posts\/1619"}],"collection":[{"href":"https:\/\/granadacostaglobal.es\/index.php?rest_route=\/wp\/v2\/posts"}],"about":[{"href":"https:\/\/granadacostaglobal.es\/index.php?rest_route=\/wp\/v2\/types\/post"}],"author":[{"embeddable":true,"href":"https:\/\/granadacostaglobal.es\/index.php?rest_route=\/wp\/v2\/users\/2"}],"replies":[{"embeddable":true,"href":"https:\/\/granadacostaglobal.es\/index.php?rest_route=%2Fwp%2Fv2%2Fcomments&post=1619"}],"version-history":[{"count":0,"href":"https:\/\/granadacostaglobal.es\/index.php?rest_route=\/wp\/v2\/posts\/1619\/revisions"}],"wp:featuredmedia":[{"embeddable":true,"href":"https:\/\/granadacostaglobal.es\/index.php?rest_route=\/"}],"wp:attachment":[{"href":"https:\/\/granadacostaglobal.es\/index.php?rest_route=%2Fwp%2Fv2%2Fmedia&parent=1619"}],"wp:term":[{"taxonomy":"category","embeddable":true,"href":"https:\/\/granadacostaglobal.es\/index.php?rest_route=%2Fwp%2Fv2%2Fcategories&post=1619"},{"taxonomy":"post_tag","embeddable":true,"href":"https:\/\/granadacostaglobal.es\/index.php?rest_route=%2Fwp%2Fv2%2Ftags&post=1619"}],"curies":[{"name":"wp","href":"https:\/\/api.w.org\/{rel}","templated":true}]}}