{"id":1607,"date":"2015-06-10T11:46:42","date_gmt":"2015-06-10T11:46:42","guid":{"rendered":"http:\/\/granadacosta.es\/?p=1607"},"modified":"2015-06-10T11:46:42","modified_gmt":"2015-06-10T11:46:42","slug":"programa-para-los-meses-de-junio-y-julio-en-la-casa-de-granada-en-madrid","status":"publish","type":"post","link":"https:\/\/granadacostaglobal.es\/?p=1607","title":{"rendered":"Programa para los meses de JUNIO y JULIO en la Casa de Granada en Madrid"},"content":{"rendered":"<table width=\"903\">\n<tbody>\n<tr>\n<td width=\"23\"><\/td>\n<td width=\"80\"><strong><span style=\"text-decoration: underline;\"><br \/>\nJUNIO<\/span><\/strong><\/td>\n<td width=\"80\"><\/td>\n<td width=\"80\"><\/td>\n<td width=\"80\"><\/td>\n<td width=\"80\"><\/td>\n<td width=\"80\"><\/td>\n<td width=\"80\"><\/td>\n<td width=\"80\"><\/td>\n<\/tr>\n<tr>\n<td><\/td>\n<td><\/td>\n<td><\/td>\n<td><\/td>\n<td><\/td>\n<td><\/td>\n<td><\/td>\n<td><\/td>\n<td><\/td>\n<\/tr>\n<tr>\n<td><\/td>\n<td colspan=\"4\">Jueves <strong>4 de Junio<\/strong> , 20:00h\u2026\u2026Espect\u00e1culo Flamenco<\/td>\n<td><\/td>\n<td><\/td>\n<td><\/td>\n<td><\/td>\n<\/tr>\n<tr>\n<td><\/td>\n<td><\/td>\n<td><\/td>\n<td><\/td>\n<td><\/td>\n<td><\/td>\n<td><\/td>\n<td><\/td>\n<td><\/td>\n<\/tr>\n<tr>\n<td><\/td>\n<td colspan=\"7\">Concierto Viernes <strong>5 de Junio<\/strong> , 19:30h\u2026\u2026Coral J\u00e1cara Pianista y Director Joan Vida Romeu<\/td>\n<td><\/td>\n<\/tr>\n<tr>\n<td><\/td>\n<td><\/td>\n<td><\/td>\n<td><\/td>\n<td><\/td>\n<td><\/td>\n<td><\/td>\n<td><\/td>\n<td><\/td>\n<\/tr>\n<tr>\n<td><\/td>\n<td colspan=\"8\">Viernes <strong>12 de Junio<\/strong> , 20:30h\u2026Presentaci\u00f3n del Libro-gu\u00eda &#8220;Granada Ins\u00f3lita y Secreta&#8221; por C\u00e9sar Requesens<\/td>\n<\/tr>\n<tr>\n<td><\/td>\n<td><\/td>\n<td><\/td>\n<td><\/td>\n<td><\/td>\n<td><\/td>\n<td><\/td>\n<td><\/td>\n<td><\/td>\n<\/tr>\n<tr>\n<td><\/td>\n<td colspan=\"6\">Lunes <strong>15 de Junio <\/strong>,19:30h\u2026&#8221;Cinefor\u00fam&#8221; se proyectar\u00e1 la Pelicula Belle Epoque<\/td>\n<td><\/td>\n<td><\/td>\n<\/tr>\n<tr>\n<td><\/td>\n<td><\/td>\n<td><\/td>\n<td><\/td>\n<td><\/td>\n<td><\/td>\n<td><\/td>\n<td><\/td>\n<td><\/td>\n<\/tr>\n<tr>\n<td><\/td>\n<td colspan=\"7\">Viernes <strong>19 de Junio<\/strong> , 20:30h\u2026&#8221;PABLO AMOR\u00d3S Recital de m\u00fasica Romantica y Espa\u00f1ola&#8221;<\/td>\n<td><\/td>\n<\/tr>\n<tr>\n<td><\/td>\n<td><\/td>\n<td><\/td>\n<td><\/td>\n<td><\/td>\n<td><\/td>\n<td><\/td>\n<td><\/td>\n<td><\/td>\n<\/tr>\n<tr>\n<td><\/td>\n<td colspan=\"7\">Jueves <strong>18 de Junio<\/strong> , 19:00h\u2026Actuaci\u00f3n del Grupo de Teatro Atardecer en la Alhambra<\/td>\n<td><\/td>\n<\/tr>\n<tr>\n<td><\/td>\n<td><\/td>\n<td><\/td>\n<td><\/td>\n<td><\/td>\n<td><\/td>\n<td><\/td>\n<td><\/td>\n<td><\/td>\n<\/tr>\n<tr>\n<td><\/td>\n<td colspan=\"7\">Miercoles <strong>24 de Junio<\/strong> , 20:00h\u2026Concierto del Tr\u00edo Ados (Piano , Viol\u00edn y Violonchelo)<\/td>\n<td><\/td>\n<\/tr>\n<tr>\n<td><\/td>\n<td><\/td>\n<td><\/td>\n<td><\/td>\n<td><\/td>\n<td><\/td>\n<td><\/td>\n<td><\/td>\n<td><\/td>\n<\/tr>\n<tr>\n<td><\/td>\n<td colspan=\"6\">Viernes <strong>26 de Junio<\/strong> , 21:00h\u2026&#8221;El Violonchelo en Rusia&#8221; D\u00fao Gamma<\/td>\n<td><\/td>\n<td><\/td>\n<\/tr>\n<tr>\n<td><\/td>\n<td><\/td>\n<td><\/td>\n<td><\/td>\n<td><\/td>\n<td><\/td>\n<td><\/td>\n<td><\/td>\n<td><\/td>\n<\/tr>\n<tr>\n<td><\/td>\n<td><\/td>\n<td><\/td>\n<td><\/td>\n<td><\/td>\n<td><\/td>\n<td><\/td>\n<td><\/td>\n<td><\/td>\n<\/tr>\n<tr>\n<td><\/td>\n<td><strong><span style=\"text-decoration: underline;\">JULIO<\/span><\/strong><\/td>\n<td><\/td>\n<td><\/td>\n<td><\/td>\n<td><\/td>\n<td><\/td>\n<td><\/td>\n<td><\/td>\n<\/tr>\n<tr>\n<td><\/td>\n<td><\/td>\n<td><\/td>\n<td><\/td>\n<td><\/td>\n<td><\/td>\n<td><\/td>\n<td><\/td>\n<td><\/td>\n<\/tr>\n<tr>\n<td><\/td>\n<td colspan=\"8\">Concierto Viernes <strong>3 de Julio<\/strong> , 21:00h\u2026..Recital de Cante Flamenco y Guitarra con Ana Monch\u00f3n (Cantaora) y Daniel Valseca (Guitarra)<\/td>\n<\/tr>\n<tr>\n<td><\/td>\n<td><\/td>\n<td><\/td>\n<td><\/td>\n<td><\/td>\n<td><\/td>\n<td><\/td>\n<td><\/td>\n<td><\/td>\n<\/tr>\n<tr>\n<td><\/td>\n<td colspan=\"8\">Master Class de Carlo Monticelli <strong>6-11 de Julio<\/strong> (Presidente y Director de la Academia Italiana de la Canci\u00f3n Napolitana y de la Opereta)<\/td>\n<\/tr>\n<tr>\n<td><\/td>\n<td><\/td>\n<td><\/td>\n<td><\/td>\n<td><\/td>\n<td><\/td>\n<td><\/td>\n<td><\/td>\n<td><\/td>\n<\/tr>\n<tr>\n<td><\/td>\n<td colspan=\"8\">Concierto de Clausura Jueves <strong>16 de Julio<\/strong> , 21:00\u2026&#8230;Recital de Cante Flamenco y Guitarra con Pepe Caballero y Pepe N\u00fa\u00f1ez<\/td>\n<\/tr>\n<tr>\n<td><\/td>\n<td><\/td>\n<td><\/td>\n<td><\/td>\n<td><\/td>\n<td><\/td>\n<td><\/td>\n<td><\/td>\n<td><\/td>\n<\/tr>\n<tr>\n<td><\/td>\n<td colspan=\"8\">Conciertos Comunidad de Madrid Cl\u00e1sicos de Verano Viernes <strong>17 de Julio<\/strong> , 20:00h\u2026Eduardo Ponce (Piano)<\/td>\n<\/tr>\n<tr>\n<td><\/td>\n<td><\/td>\n<td><\/td>\n<td><\/td>\n<td><\/td>\n<td><\/td>\n<td><\/td>\n<td><\/td>\n<td><\/td>\n<\/tr>\n<tr>\n<td><\/td>\n<td colspan=\"8\">Conciertos Comunidad de Madrid Cl\u00e1sicos de Verano Viernes <strong>24 de Julio<\/strong> , 20:00h\u2026Zulema Mar\u00edn (Piano)<\/td>\n<\/tr>\n<\/tbody>\n<\/table>\n","protected":false},"excerpt":{"rendered":"<p>JUNIO Jueves 4 de Junio , 20:00h\u2026\u2026Espect\u00e1culo Flamenco Concierto Viernes 5 de Junio , 19:30h\u2026\u2026Coral J\u00e1cara Pianista y Director Joan&hellip;<\/p>\n","protected":false},"author":2,"featured_media":1608,"comment_status":"open","ping_status":"open","sticky":false,"template":"","format":"standard","meta":{"om_disable_all_campaigns":false,"_mi_skip_tracking":false,"_monsterinsights_sitenote_active":false,"_monsterinsights_sitenote_note":"","_monsterinsights_sitenote_category":0,"footnotes":""},"categories":[21],"tags":[],"aioseo_notices":[],"_links":{"self":[{"href":"https:\/\/granadacostaglobal.es\/index.php?rest_route=\/wp\/v2\/posts\/1607"}],"collection":[{"href":"https:\/\/granadacostaglobal.es\/index.php?rest_route=\/wp\/v2\/posts"}],"about":[{"href":"https:\/\/granadacostaglobal.es\/index.php?rest_route=\/wp\/v2\/types\/post"}],"author":[{"embeddable":true,"href":"https:\/\/granadacostaglobal.es\/index.php?rest_route=\/wp\/v2\/users\/2"}],"replies":[{"embeddable":true,"href":"https:\/\/granadacostaglobal.es\/index.php?rest_route=%2Fwp%2Fv2%2Fcomments&post=1607"}],"version-history":[{"count":0,"href":"https:\/\/granadacostaglobal.es\/index.php?rest_route=\/wp\/v2\/posts\/1607\/revisions"}],"wp:featuredmedia":[{"embeddable":true,"href":"https:\/\/granadacostaglobal.es\/index.php?rest_route=\/"}],"wp:attachment":[{"href":"https:\/\/granadacostaglobal.es\/index.php?rest_route=%2Fwp%2Fv2%2Fmedia&parent=1607"}],"wp:term":[{"taxonomy":"category","embeddable":true,"href":"https:\/\/granadacostaglobal.es\/index.php?rest_route=%2Fwp%2Fv2%2Fcategories&post=1607"},{"taxonomy":"post_tag","embeddable":true,"href":"https:\/\/granadacostaglobal.es\/index.php?rest_route=%2Fwp%2Fv2%2Ftags&post=1607"}],"curies":[{"name":"wp","href":"https:\/\/api.w.org\/{rel}","templated":true}]}}