{"id":15960,"date":"2018-01-22T12:42:11","date_gmt":"2018-01-22T12:42:11","guid":{"rendered":"http:\/\/granadacostanacional.es\/?p=15960"},"modified":"2018-01-22T12:42:11","modified_gmt":"2018-01-22T12:42:11","slug":"homenaje-a-los-maestros","status":"publish","type":"post","link":"https:\/\/granadacostaglobal.es\/?p=15960","title":{"rendered":"HOMENAJE A LOS MAESTROS"},"content":{"rendered":"<p style=\"text-align: justify;\">De mis gratos recuerdos de la ni\u00f1ez e infancia desarrollada en la ruralia monta\u00f1osa de la aldea en donde transcurri\u00f3 ese breve periodo de mi vida, tengo grabados n\u00edtidos recuerdos de mis primeros maestros, que con el paso inexorable del tiempo se afianzan m\u00e1s indelebles y vivos, en mi ya fr\u00e1gil y mermada memoria.<\/p>\n<p style=\"text-align: justify;\">Al terminar la guerra civil y volver la vida a cierta normalidad, con la agobiante precariedad que todo lo envolv\u00eda, se empezaron a escolarizar los ni\u00f1os, sobre todo en los lugares alejados de los l\u00edmites de las ciudades y pueblos, abriendo las viejas escuelas que, debido a las circunstancias b\u00e9licas, algunas en mal estado permanec\u00edan cerradas.<\/p>\n<p style=\"text-align: justify;\">Pero los viejos y j\u00f3venes maestros no hab\u00edan abandonado sus deberes y obligaciones y a veces, con riesgo de su integridad f\u00edsica, acud\u00edan a su trabajo sin abandonar nunca a su grey.<\/p>\n<p style=\"text-align: justify;\">Hicieron una ingente labor admirable y poco reconocida. Eran los Maestros Nacionales del antiguo Magisterio.<\/p>\n<p style=\"text-align: justify;\">Estos hombres y mujeres, maestros y maestras de mis primeros conocimientos y saberes, fueron sacrificados gu\u00edas de mentes v\u00edrgenes y abiertas a todas las limitadas ense\u00f1anzas que pod\u00edan impartir, rodeados de un material viejo, gastado y obsoleto.<\/p>\n<p style=\"text-align: justify;\">Tengo muy claro y n\u00edtido el recuerdo imborrable de D. Francisco, mi primer maestro y tutor paternal, en aquella mi primera escuela vieja, recio edificio de piedra de granito, inh\u00f3spita, con un reducido patio en la parte trasera en donde 45 ni\u00f1os y ni\u00f1as goz\u00e1bamos a media ma\u00f1ana de media hora de descanso.<\/p>\n<p style=\"text-align: justify;\">Relatar ahora juegos, entretenimientos y bocadillos de pan y una onza de duro y rasposo chocolate, seria restar espacio para relatar con cierto y riguroso criterio la labor, el trabajo, la imaginaci\u00f3n y constancia que desempe\u00f1aban estos maestros y maestras de aquella \u00e9poca, casi sin medios y escasa recompensa. Corr\u00edan los a\u00f1os cuarenta y las carencias eran generalizadas, faltaba de lo m\u00e1s elemental.<\/p>\n<p style=\"text-align: justify;\">Supervivientes de una \u00e9poca tr\u00e1gica y convulsa, estos maestros y maestras manten\u00edan su dignidad, rango y atributos con serenidad y orgullo y a veces con dificultad.<\/p>\n<p style=\"text-align: justify;\">Su sola presencia impon\u00eda respeto. Ellos y ellas con sus trajes gastados, pero limpios y dignos, acud\u00edan a dar clases desde puntos alejados, pues en el campo no hab\u00eda casas para alquilar y se ve\u00edan obligados a vivir en el pueblo cercano, acudiendo a sus clases, en viejas bicicletas ORBEA Y BH y otros, andando largas distancias, igual que la mayor parte de sus alumnos de las aldeas pr\u00f3ximas.<\/p>\n<p style=\"text-align: justify;\">Los ni\u00f1os y ni\u00f1as de 6 a\u00f1os y algo m\u00e1s, ve\u00edamos a nuestros maestros como gigantes del saber ilimitado, \u00eddolos que ten\u00edan respuestas para toda nuestra natural e insaciable curiosidad. Eran los iconos del saber, los faros que iluminaban nuestra obscuridad, el rayo que abr\u00eda nuestra mente al saber y conocimiento de las cosas m\u00e1s sencillas, ignoradas por nosotros y nos proporcionaban un camino ambicioso de curiosidad y ansia de aprender lo desconocido.<\/p>\n<p style=\"text-align: justify;\">Estos maestros en muchas ocasiones, eran tambi\u00e9n pacientes confesores de ni\u00f1os con situaciones familiares dif\u00edciles y precarias. Eran Maestros, Psic\u00f3logos, Consejeros y Orientadores.<\/p>\n<p style=\"text-align: justify;\">Algunos de ellos basaban su sistema de ense\u00f1anza en est\u00edmulos y premios que sufragaban de su propio bolsillo, con caramelos y onzas de chocolate que tra\u00edan de su propia casa.<\/p>\n<p style=\"text-align: justify;\">Los presupuestos de la escuela eran tan limitados que la rotura de un cristal de una ventana, tardaba meses en ser repuesto.<\/p>\n<p style=\"text-align: justify;\">Pero estos Maestros y Maestras impert\u00e9rritos, incansables al desaliento, segu\u00edan con sacrificio, intentando descubrirnos trozos de nuestra historia, caracter\u00edsticas de nuestros pueblos y regiones, el mundo, las tierras y los mares y oc\u00e9anos, los n\u00fameros, esenciales para el desenvolvimiento de nuestra vida futura.<\/p>\n<p style=\"text-align: justify;\">Ellos iban poniendo los mimbres del cesto de nuestra existencia, para que fu\u00e9ramos dignos de una mejor vida. \u00c9ramos sus pupilos de un modo paternal y did\u00e1ctico.<\/p>\n<p style=\"text-align: justify;\">Sus horarios de trabajo eran largos, prolongados, dif\u00edciles, pero los sufr\u00edan con resignaci\u00f3n y hasta entusiasmo.<\/p>\n<p style=\"text-align: justify;\">No me parar\u00eda de elogiar la esplendida labor de estos Maestros y Maestras, que despu\u00e9s de muchos a\u00f1os de desempe\u00f1ar esta dura labor, se jubilaban con exiguas pensiones que apenas les alcanzaban para vivir dignamente.<\/p>\n<p style=\"text-align: justify;\">\u00a1Gracias Maestros y Maestras de mis principios por la vida!<\/p>\n<p style=\"text-align: justify;\">Me abristeis el camino. Me se\u00f1alasteis un horizonte. Me disteis la mejor herramienta, \u00a1LA CULTURA!<\/p>\n<p style=\"text-align: justify;\">\n<p style=\"text-align: justify;\">\n<p style=\"text-align: center;\"><strong>HOMENAJE A MIS MAESTROS.<\/strong><\/p>\n<p style=\"text-align: center;\">Fueron sabios de mi ni\u00f1ez<\/p>\n<p style=\"text-align: center;\">luces que me iluminaron,<\/p>\n<p style=\"text-align: center;\">que me hicieron comprender<\/p>\n<p style=\"text-align: center;\">y que tanto me ense\u00f1aron.<\/p>\n<p style=\"text-align: center;\">Don Daniel, con su pajarita,<\/p>\n<p style=\"text-align: center;\">zapatos viejos, lustrosos,<\/p>\n<p style=\"text-align: center;\">con su sonrisa bendita<\/p>\n<p style=\"text-align: center;\">y ejemplos majestuosos.<\/p>\n<p style=\"text-align: center;\">\u00a1Hombres y mujeres que admiro!<\/p>\n<p style=\"text-align: center;\">Con reverencia y respeto,<\/p>\n<p style=\"text-align: center;\">iconos de los que soy cautivo<\/p>\n<p style=\"text-align: center;\">y a quienes quise con esmero.<\/p>\n<p style=\"text-align: center;\">Ellos abrieron mi mente<\/p>\n<p style=\"text-align: center;\">a un mundo nuevo y asombroso,<\/p>\n<p style=\"text-align: center;\">con constancia permanente,<\/p>\n<p style=\"text-align: center;\">con grafismo y con esbozo.<\/p>\n<p style=\"text-align: center;\">En mi ni\u00f1ez los maestros<\/p>\n<p style=\"text-align: center;\">de cien materias y ense\u00f1as,<\/p>\n<p style=\"text-align: center;\">cobijo de inquietudes nuestras<\/p>\n<p style=\"text-align: center;\">fueran grandes o peque\u00f1as.<\/p>\n<p style=\"text-align: center;\">Ellos abrieron horizontes,<\/p>\n<p style=\"text-align: center;\">descubrimiento y materias,<\/p>\n<p style=\"text-align: center;\">los mares, pa\u00edses y montes,<\/p>\n<p style=\"text-align: center;\">la grandeza y la miseria.<\/p>\n<p style=\"text-align: center;\">Los esforzados pioneros<\/p>\n<p style=\"text-align: center;\">de la sapiencia infinita,<\/p>\n<p style=\"text-align: center;\">de su oficio prisioneros,<\/p>\n<p style=\"text-align: center;\">no hay ciencia que los limita.<\/p>\n<p style=\"text-align: center;\">Con autoridad paternal,<\/p>\n<p style=\"text-align: center;\">rigidez con descendiente,<\/p>\n<p style=\"text-align: center;\">juzgan el bien y el mal<\/p>\n<p style=\"text-align: center;\">de alumno poco obediente.<\/p>\n<p style=\"text-align: center;\">Yo los reverenciaba,<\/p>\n<p style=\"text-align: center;\">mi maestro en un altar,<\/p>\n<p style=\"text-align: center;\">lucero que admiraba,<\/p>\n<p style=\"text-align: center;\">estrella para alcanzar.<\/p>\n<p style=\"text-align: center;\">Aquella sobria escuela rural<\/p>\n<p style=\"text-align: center;\">de mis primeras lecciones,<\/p>\n<p style=\"text-align: center;\">mente abierta, virginal<\/p>\n<p style=\"text-align: center;\">y asimilar cien opciones.<\/p>\n<p style=\"text-align: center;\">Es la escuela de primaria<\/p>\n<p style=\"text-align: center;\">muy lejos en el tiempo<\/p>\n<p style=\"text-align: center;\">rompe la gu\u00eda ordinaria,<\/p>\n<p style=\"text-align: center;\">vuelve siempre como un viento.<\/p>\n<p style=\"text-align: center;\">\u00a1Y cuanto saber derraman!<\/p>\n<p style=\"text-align: center;\">Maestros que fueron gu\u00edas,<\/p>\n<p style=\"text-align: center;\">especiales, singulares,<\/p>\n<p style=\"text-align: center;\">de mi camino las v\u00edas.<\/p>\n<p style=\"text-align: center;\">Templaron mis sinsabores,<\/p>\n<p style=\"text-align: center;\">mis pesares y alegr\u00edas,<\/p>\n<p style=\"text-align: center;\">me aliviaron en dolores<\/p>\n<p style=\"text-align: center;\">y me iluminaron los d\u00edas.<\/p>\n<p style=\"text-align: center;\">Eran cima de la gloria,<\/p>\n<p style=\"text-align: center;\">hombres y mujeres regios,<\/p>\n<p style=\"text-align: center;\">ganas de ense\u00f1ar y memoria,<\/p>\n<p style=\"text-align: center;\">lejos de dogmas necios.<\/p>\n<p style=\"text-align: center;\">\u00a1Gracias! Estrellas l\u00facidas,<\/p>\n<p style=\"text-align: center;\">\u00e1rbol de ciencia y cultura<\/p>\n<p style=\"text-align: center;\">por las ense\u00f1anzas dadas<\/p>\n<p style=\"text-align: center;\">por vuestro saber y mesura.<\/p>\n<p style=\"text-align: center;\">Me marcasteis el camino,<\/p>\n<p style=\"text-align: center;\">el placer por la lectura<\/p>\n<p style=\"text-align: center;\">que guiaron mi destino,<\/p>\n<p style=\"text-align: center;\">que me llen\u00f3 de hermosura.<\/p>\n<p style=\"text-align: center;\">Descubr\u00ed belleza y poes\u00eda,<\/p>\n<p style=\"text-align: center;\">mundo nuevo de los sue\u00f1os,<\/p>\n<p style=\"text-align: center;\">amor, ternura y fantas\u00eda,<\/p>\n<p style=\"text-align: center;\">vida en la que somos due\u00f1os.<\/p>\n<p>&nbsp;<\/p>\n<p style=\"text-align: right;\"><em><strong>Jos\u00e9 Mar\u00eda Guti\u00e9rrez<\/strong><\/em><\/p>\n","protected":false},"excerpt":{"rendered":"<p>De mis gratos recuerdos de la ni\u00f1ez e infancia desarrollada en la ruralia monta\u00f1osa de la aldea en donde transcurri\u00f3&hellip;<\/p>\n","protected":false},"author":2,"featured_media":15961,"comment_status":"open","ping_status":"open","sticky":false,"template":"","format":"standard","meta":{"om_disable_all_campaigns":false,"_mi_skip_tracking":false,"_monsterinsights_sitenote_active":false,"_monsterinsights_sitenote_note":"","_monsterinsights_sitenote_category":0,"footnotes":""},"categories":[21],"tags":[],"aioseo_notices":[],"_links":{"self":[{"href":"https:\/\/granadacostaglobal.es\/index.php?rest_route=\/wp\/v2\/posts\/15960"}],"collection":[{"href":"https:\/\/granadacostaglobal.es\/index.php?rest_route=\/wp\/v2\/posts"}],"about":[{"href":"https:\/\/granadacostaglobal.es\/index.php?rest_route=\/wp\/v2\/types\/post"}],"author":[{"embeddable":true,"href":"https:\/\/granadacostaglobal.es\/index.php?rest_route=\/wp\/v2\/users\/2"}],"replies":[{"embeddable":true,"href":"https:\/\/granadacostaglobal.es\/index.php?rest_route=%2Fwp%2Fv2%2Fcomments&post=15960"}],"version-history":[{"count":0,"href":"https:\/\/granadacostaglobal.es\/index.php?rest_route=\/wp\/v2\/posts\/15960\/revisions"}],"wp:featuredmedia":[{"embeddable":true,"href":"https:\/\/granadacostaglobal.es\/index.php?rest_route=\/"}],"wp:attachment":[{"href":"https:\/\/granadacostaglobal.es\/index.php?rest_route=%2Fwp%2Fv2%2Fmedia&parent=15960"}],"wp:term":[{"taxonomy":"category","embeddable":true,"href":"https:\/\/granadacostaglobal.es\/index.php?rest_route=%2Fwp%2Fv2%2Fcategories&post=15960"},{"taxonomy":"post_tag","embeddable":true,"href":"https:\/\/granadacostaglobal.es\/index.php?rest_route=%2Fwp%2Fv2%2Ftags&post=15960"}],"curies":[{"name":"wp","href":"https:\/\/api.w.org\/{rel}","templated":true}]}}