{"id":15916,"date":"2018-01-22T07:18:01","date_gmt":"2018-01-22T07:18:01","guid":{"rendered":"http:\/\/granadacostanacional.es\/?p=15916"},"modified":"2018-01-22T07:18:01","modified_gmt":"2018-01-22T07:18:01","slug":"el-psoe-critica-y-cuestiona-la-utilidad-y-eficacia-de-la-remodelacion-que-plantea-la-sra-herrera-para-el-paseo-del-altillo","status":"publish","type":"post","link":"https:\/\/granadacostaglobal.es\/?p=15916","title":{"rendered":"EL PSOE CRITICA Y CUESTIONA LA UTILIDAD Y EFICACIA DE LA REMODELACI\u00d3N QUE PLANTEA LA SRA. HERRERA PARA EL PASEO DEL ALTILLO."},"content":{"rendered":"<p style=\"text-align: justify;\"><em>Para los socialistas, es evidente que el Paseo del Altillo necesita una actuaci\u00f3n de mejora, pero tildan el proyecto planteado por el gobierno municipal como \u201cin\u00fatil escasamente pr\u00e1ctico, que generar\u00e1 m\u00e1s problemas de tr\u00e1fico y que supone un gasto innecesario para Almu\u00f1\u00e9car\u201d.<\/em><\/p>\n<p style=\"text-align: justify;\">\u201cMientras en todos los paseos de otros muchos sitios se fomenta que el peat\u00f3n gane espacios, en Almu\u00f1\u00e9car, su equipo de gobierno hace lo contrario, plantea que haya m\u00e1s coches, mas tr\u00e1fico y menos zona para poder pasear\u201d. As\u00ed comenzaba argumentaci\u00f3n la edil del PSOE, M\u00aa Dolores Manzano Martin.<\/p>\n<p style=\"text-align: justify;\">\u201cPlantear dos carriles en el Paseo del Altillo lejos de solucionar algo, lo que supondr\u00e1 es un mayor caos de tr\u00e1fico y sobre todo en la \u00e9poca estival. Entendemos que la Sra. Herrera tiene que plantear proyectos para que no pasen los 4 a\u00f1os y no se haya hecho nada, pero le pedimos que plantee mejoras serias, necesarias y sensatas y se deje de ocurrencias\u201d remach\u00f3 la edil socialista.<\/p>\n<p style=\"text-align: justify;\">Por su parte, Pablo Ruiz D\u00edaz, se\u00f1alaba que \u201ceste paseo es una de las zonas m\u00e1s emblem\u00e1ticas de nuestro municipio que sobre todo en verano es transitado por los miles de turistas que nos visitan. De verdad, no podemos entender como plantean\u00a0 estrechar el espacio para los viandantes y eliminar zonas verdes cuando estas aportan un gran encanto a la zona. A parte, desde el punto de vista del trafico, lo proyectado no aporta soluci\u00f3n alguna\u201d.<\/p>\n<p style=\"text-align: justify;\">\u201cSi el problema es que el adoquinado est\u00e1 hundido y que en las jardineras hay filtraciones, pensamos que lo m\u00e1s coherente es arreglar el hundimiento de los viales e impermeabilizar las jardineras. El resto nos supone un despilfarro in\u00fatil sin ning\u00fan beneficio para los ciudadanos ni para los negocios de la parte de arriba del paseo, que ver\u00e1n como su clientela mengua. Que se d\u00e9 una vuelta la Sra. Herrera por el pueblo y vera que hay otras zonas, como los parques infantiles que dan pena o barrios como Los Marinos o El Castillo que est\u00e1n abandonados, por ejemplo, a los que esa inversi\u00f3n le vendr\u00eda genial para una actuaci\u00f3n de mejora\u201d resalt\u00f3 Ruiz D\u00edaz.<\/p>\n<p style=\"text-align: justify;\">Desde el PSOE terminan se\u00f1alando la falta clara de voluntad de di\u00e1logo que el Gobierno Municipal tiene. \u201cNo hubiera estado nada mal que ese consenso y entendimiento que reclama el Equipo de Gobierno para otras cuestiones, lo llevase a la pr\u00e1ctica de una vez e intentase sentarse a dialogar con la oposici\u00f3n y abandonar el rodillo de la mayor\u00eda absoluta. Con ello seguramente, los ciudadanos saldr\u00edan m\u00e1s beneficiados\u201d.<\/p>\n","protected":false},"excerpt":{"rendered":"<p>Para los socialistas, es evidente que el Paseo del Altillo necesita una actuaci\u00f3n de mejora, pero tildan el proyecto planteado&hellip;<\/p>\n","protected":false},"author":2,"featured_media":15917,"comment_status":"open","ping_status":"open","sticky":false,"template":"","format":"standard","meta":{"om_disable_all_campaigns":false,"_mi_skip_tracking":false,"_monsterinsights_sitenote_active":false,"_monsterinsights_sitenote_note":"","_monsterinsights_sitenote_category":0,"footnotes":""},"categories":[22],"tags":[],"aioseo_notices":[],"_links":{"self":[{"href":"https:\/\/granadacostaglobal.es\/index.php?rest_route=\/wp\/v2\/posts\/15916"}],"collection":[{"href":"https:\/\/granadacostaglobal.es\/index.php?rest_route=\/wp\/v2\/posts"}],"about":[{"href":"https:\/\/granadacostaglobal.es\/index.php?rest_route=\/wp\/v2\/types\/post"}],"author":[{"embeddable":true,"href":"https:\/\/granadacostaglobal.es\/index.php?rest_route=\/wp\/v2\/users\/2"}],"replies":[{"embeddable":true,"href":"https:\/\/granadacostaglobal.es\/index.php?rest_route=%2Fwp%2Fv2%2Fcomments&post=15916"}],"version-history":[{"count":0,"href":"https:\/\/granadacostaglobal.es\/index.php?rest_route=\/wp\/v2\/posts\/15916\/revisions"}],"wp:featuredmedia":[{"embeddable":true,"href":"https:\/\/granadacostaglobal.es\/index.php?rest_route=\/"}],"wp:attachment":[{"href":"https:\/\/granadacostaglobal.es\/index.php?rest_route=%2Fwp%2Fv2%2Fmedia&parent=15916"}],"wp:term":[{"taxonomy":"category","embeddable":true,"href":"https:\/\/granadacostaglobal.es\/index.php?rest_route=%2Fwp%2Fv2%2Fcategories&post=15916"},{"taxonomy":"post_tag","embeddable":true,"href":"https:\/\/granadacostaglobal.es\/index.php?rest_route=%2Fwp%2Fv2%2Ftags&post=15916"}],"curies":[{"name":"wp","href":"https:\/\/api.w.org\/{rel}","templated":true}]}}