{"id":15906,"date":"2018-01-19T16:36:46","date_gmt":"2018-01-19T16:36:46","guid":{"rendered":"http:\/\/granadacostanacional.es\/?p=15906"},"modified":"2018-01-19T16:36:46","modified_gmt":"2018-01-19T16:36:46","slug":"dia-mundial-de-la-nieve-esquia-en-sierra-nevada-por-solo-34-euros","status":"publish","type":"post","link":"https:\/\/granadacostaglobal.es\/?p=15906","title":{"rendered":"D\u00eda Mundial de la Nieve: Esqu\u00eda en Sierra Nevada por solo 34 euros"},"content":{"rendered":"<ul>\n<li style=\"text-align: justify;\"><strong>Este domingo, 21 de enero, se celebra el D\u00eda Mundial de la Nieve en 46 pa\u00edses con promociones especiales para todos los p\u00fablicos.<\/strong><\/li>\n<li style=\"text-align: justify;\"><strong>La estaci\u00f3n granadina ofrece forfait por 34 euros para esquiar o hacer snowboard.<\/strong><\/li>\n<li style=\"text-align: justify;\"><strong>Actividades especiales en la pista granadina as\u00ed como en las andorranas Baqueira Beret, La Molina y Grandvalira, entre otras.<\/strong><\/li>\n<\/ul>\n<p style=\"text-align: justify;\">La nieve est\u00e1 siendo la gran protagonista de las \u00faltimas semanas en Espa\u00f1a. Carreteras cortadas por el temporal, ciudades vestidas de blanco y temperaturas que alcanzaron hasta los 18 grados bajo cero. Pero aqu\u00ed no termina su protagonismo. Este 21 de enero se celebra el World Snow Day (D\u00eda Mundial de la Nieve), organizado por la Federaci\u00f3n Internacional de Esqu\u00ed (FIS) y promovido en Espa\u00f1a por la Real Federaci\u00f3n Espa\u00f1ola de Deportes de Invierno (RFEDI) y la Asociaci\u00f3n Tur\u00edstica de Estaciones de Esqu\u00ed y Monta\u00f1a (ATUDEM).<\/p>\n<p style=\"text-align: justify;\">En total, 46 pa\u00edses participantes y m\u00e1s de 500 actividades especiales para la ocasi\u00f3n. El objetivo es reunir a los m\u00e1s peque\u00f1os y familias para que disfruten juntos de la nieve, as\u00ed como concienciar del cuidado de la naturaleza y proteger el medio ambiente.<\/p>\n<p style=\"text-align: justify;\"><strong>Ofertas especiales este fin de semana<\/strong><\/p>\n<p style=\"text-align: justify;\">La estaci\u00f3n de esqu\u00ed de Sierra Nevada celebra este domingo el World Snow Day con ofertas especiales. Forfait por 34 euros para esquiar o para hacer snowboard. Por su parte, la estaci\u00f3n andorrana de Baqueira Beret ha preparado promociones para aquellos que no han esquiado nunca. Dos d\u00edas de clases de esqu\u00ed con alquiler de material y comida por 80 euros. La estaci\u00f3n de La Molina tambi\u00e9n cuenta con competiciones y ofertas para los iniciados en el mundo de la nieve, as\u00ed como la estaci\u00f3n andorrana de Grandvalira, con promociones pensadas, sobre todo, para ni\u00f1os de 4 a 14 a\u00f1os.<\/p>\n<p style=\"text-align: justify;\"><strong>Sierra Nevada: segunda pista con mejor relaci\u00f3n kil\u00f3metros esquiables y precio<\/strong><\/p>\n<p style=\"text-align: justify;\">Con motivo del World Snow Day, probablemente muchas personas acudan este fin de semana a las pistas de esqu\u00ed. El portal de descuentos Cuponation ha analizado los precios de las estaciones de esqu\u00ed m\u00e1s importantes de la pen\u00ednsula. Los forfaits de d\u00eda m\u00e1s caros este a\u00f1o son los de Baqueira, con un precio de 50 euros. Los m\u00e1s baratos para la temporada alta est\u00e1n en Navacerrada, a un precio de 32 euros y en La Pinilla, para la temporada baja, a 26 euros por el pase diario. Sin embargo, estas dos estaciones son las m\u00e1s caras en relaci\u00f3n kil\u00f3metros esquiables y precio del pase diario. Cada kil\u00f3metro de pista cuesta 2,56 euros en los d\u00edas de temporada alta de Navacerrada y 2,25 en La Pinilla.<\/p>\n<p style=\"text-align: justify;\">El precio del forfait no parece ser tan determinante a la hora de que los espa\u00f1oles elijan un lugar para practicar este deporte de invierno. Las estaciones que m\u00e1s inter\u00e9s online generaron la temporada pasada fueron Sierra Nevada, Grandvalira y Formigal, las tres m\u00e1s caras por debajo de Baqueira-Beret. El kil\u00f3metro de pista en estas tres estaciones est\u00e1 entre los m\u00e1s baratos, entre 0,23, para Formigal y Grandvalira, y los 0,45 c\u00e9ntimos por kil\u00f3metro de Sierra Nevada.<\/p>\n<p style=\"text-align: justify;\">\n<table width=\"400\">\n<tbody>\n<tr>\n<td><strong>Estaci\u00f3n<\/strong><\/td>\n<td><strong>Km de pistas<\/strong><\/td>\n<td><strong>T. alta \/km<\/strong><\/td>\n<td><strong>T. baja\/ km<\/strong><\/td>\n<\/tr>\n<tr>\n<td><strong>Grandvalira<\/strong><\/td>\n<td>210<\/td>\n<td>\u20ac0.23<\/td>\n<td>\u20ac0.23<\/td>\n<\/tr>\n<tr>\n<td><strong>Formigal-Panticosa<\/strong><\/td>\n<td>176<\/td>\n<td>\u20ac0.23<\/td>\n<td>\u20ac0.20<\/td>\n<\/tr>\n<tr>\n<td><strong>Baqueira-Beret<\/strong><\/td>\n<td>157<\/td>\n<td>\u20ac0.33<\/td>\n<td>\u20ac0.33<\/td>\n<\/tr>\n<tr>\n<td><strong>Sierra nevada<\/strong><\/td>\n<td>106.8<\/td>\n<td>\u20ac0.45<\/td>\n<td>\u20ac0.34<\/td>\n<\/tr>\n<tr>\n<td><strong>Cerler<\/strong><\/td>\n<td>81<\/td>\n<td>\u20ac0.48<\/td>\n<td>\u20ac0.41<\/td>\n<\/tr>\n<tr>\n<td><strong>La molina<\/strong><\/td>\n<td>68<\/td>\n<td>\u20ac0.51<\/td>\n<td>\u20ac0.51<\/td>\n<\/tr>\n<tr>\n<td><strong>Candanch\u00fa-Ast\u00fan<\/strong><\/td>\n<td>50<\/td>\n<td>\u20ac0.82<\/td>\n<td>\u20ac0.82<\/td>\n<\/tr>\n<tr>\n<td><strong>Port del Comte<\/strong><\/td>\n<td>50<\/td>\n<td>\u20ac0.70<\/td>\n<td>\u20ac0.56<\/td>\n<\/tr>\n<tr>\n<td><strong>Valdesqui<\/strong><\/td>\n<td>22<\/td>\n<td>\u20ac1.73<\/td>\n<td>\u20ac1.73<\/td>\n<\/tr>\n<tr>\n<td><strong>La Pinilla<\/strong><\/td>\n<td>15.57<\/td>\n<td>\u20ac2.25<\/td>\n<td>\u20ac1.67<\/td>\n<\/tr>\n<tr>\n<td><strong>Navacerrada<\/strong><\/td>\n<td>12.5<\/td>\n<td>\u20ac2.56<\/td>\n<td>\u20ac2.16<\/td>\n<\/tr>\n<\/tbody>\n<\/table>\n<p style=\"text-align: justify;\">\n","protected":false},"excerpt":{"rendered":"<p>Este domingo, 21 de enero, se celebra el D\u00eda Mundial de la Nieve en 46 pa\u00edses con promociones especiales para&hellip;<\/p>\n","protected":false},"author":2,"featured_media":15907,"comment_status":"open","ping_status":"open","sticky":false,"template":"","format":"standard","meta":{"om_disable_all_campaigns":false,"_mi_skip_tracking":false,"_monsterinsights_sitenote_active":false,"_monsterinsights_sitenote_note":"","_monsterinsights_sitenote_category":0,"footnotes":""},"categories":[22],"tags":[],"aioseo_notices":[],"_links":{"self":[{"href":"https:\/\/granadacostaglobal.es\/index.php?rest_route=\/wp\/v2\/posts\/15906"}],"collection":[{"href":"https:\/\/granadacostaglobal.es\/index.php?rest_route=\/wp\/v2\/posts"}],"about":[{"href":"https:\/\/granadacostaglobal.es\/index.php?rest_route=\/wp\/v2\/types\/post"}],"author":[{"embeddable":true,"href":"https:\/\/granadacostaglobal.es\/index.php?rest_route=\/wp\/v2\/users\/2"}],"replies":[{"embeddable":true,"href":"https:\/\/granadacostaglobal.es\/index.php?rest_route=%2Fwp%2Fv2%2Fcomments&post=15906"}],"version-history":[{"count":0,"href":"https:\/\/granadacostaglobal.es\/index.php?rest_route=\/wp\/v2\/posts\/15906\/revisions"}],"wp:featuredmedia":[{"embeddable":true,"href":"https:\/\/granadacostaglobal.es\/index.php?rest_route=\/"}],"wp:attachment":[{"href":"https:\/\/granadacostaglobal.es\/index.php?rest_route=%2Fwp%2Fv2%2Fmedia&parent=15906"}],"wp:term":[{"taxonomy":"category","embeddable":true,"href":"https:\/\/granadacostaglobal.es\/index.php?rest_route=%2Fwp%2Fv2%2Fcategories&post=15906"},{"taxonomy":"post_tag","embeddable":true,"href":"https:\/\/granadacostaglobal.es\/index.php?rest_route=%2Fwp%2Fv2%2Ftags&post=15906"}],"curies":[{"name":"wp","href":"https:\/\/api.w.org\/{rel}","templated":true}]}}